{"id":4395,"date":"2022-04-12T17:44:17","date_gmt":"2022-04-12T17:44:17","guid":{"rendered":"https:\/\/forumpsicoanaliticbarcelona.com\/?p=4395"},"modified":"2022-04-12T17:48:54","modified_gmt":"2022-04-12T17:48:54","slug":"seminario-incidencia-del-psicoanalisis-en-la-vida-de-las-mujeres-y-en-la-civilizacion-actual","status":"publish","type":"post","link":"https:\/\/forumpsicoanaliticbarcelona.com\/es\/seminario-incidencia-del-psicoanalisis-en-la-vida-de-las-mujeres-y-en-la-civilizacion-actual\/","title":{"rendered":"Seminario INCIDENCIA DEL PSICOAN\u00c1LISIS EN LA VIDA DE LAS MUJERES Y EN LA CIVILIZACI\u00d3N ACTUAL"},"content":{"rendered":"\t\t<div data-elementor-type=\"wp-post\" data-elementor-id=\"4395\" class=\"elementor elementor-4395\">\n\t\t\t\t\t\t<section class=\"elementor-section elementor-top-section elementor-element elementor-element-ba69b63 elementor-section-boxed elementor-section-height-default elementor-section-height-default\" data-id=\"ba69b63\" data-element_type=\"section\">\n\t\t\t\t\t\t<div class=\"elementor-container elementor-column-gap-default\">\n\t\t\t\t\t<div class=\"elementor-column elementor-col-100 elementor-top-column elementor-element elementor-element-812b479\" data-id=\"812b479\" data-element_type=\"column\">\n\t\t\t<div class=\"elementor-widget-wrap elementor-element-populated\">\n\t\t\t\t\t\t<div class=\"elementor-element elementor-element-8c17336 elementor-widget elementor-widget-text-editor\" data-id=\"8c17336\" data-element_type=\"widget\" data-widget_type=\"text-editor.default\">\n\t\t\t\t<div class=\"elementor-widget-container\">\n\t\t\t\t\t\t\t\t\t<p>Carmen Lafuente, miembro de nuestro foro, participar\u00e1 en el Seminario INCIDENCIA DEL PSICOAN\u00c1LISIS EN LA VIDA DE LAS MUJERES Y EN LA CIVILIZACI\u00d3N ACTUAL que se realizar\u00e1 la <a href=\"http:\/\/forolacanmed.com\/\">Asociaci\u00f3n Foro del Campo Lacaniano de Medell\u00edn<\/a> el 23 y 24 de abril 2022 v\u00eda zoom<\/p><p><strong>Informes e inscripciones: <span style=\"text-decoration: underline;\">foroslacanmedellin@gmail.com<\/span><\/strong><\/p>\t\t\t\t\t\t\t\t<\/div>\n\t\t\t\t<\/div>\n\t\t\t\t\t<\/div>\n\t\t<\/div>\n\t\t\t\t\t<\/div>\n\t\t<\/section>\n\t\t\t\t<section class=\"elementor-section elementor-top-section elementor-element elementor-element-342ef87 elementor-section-boxed elementor-section-height-default elementor-section-height-default\" data-id=\"342ef87\" data-element_type=\"section\">\n\t\t\t\t\t\t<div class=\"elementor-container elementor-column-gap-default\">\n\t\t\t\t\t<div class=\"elementor-column elementor-col-100 elementor-top-column elementor-element elementor-element-abd45e2\" data-id=\"abd45e2\" data-element_type=\"column\">\n\t\t\t<div class=\"elementor-widget-wrap elementor-element-populated\">\n\t\t\t\t\t\t<div class=\"elementor-element elementor-element-7dd481c elementor-widget elementor-widget-image\" data-id=\"7dd481c\" data-element_type=\"widget\" data-widget_type=\"image.default\">\n\t\t\t\t<div class=\"elementor-widget-container\">\n\t\t\t\t\t\t\t\t\t\t\t\t\t\t\t<img fetchpriority=\"high\" decoding=\"async\" width=\"640\" height=\"906\" src=\"https:\/\/forumpsicoanaliticbarcelona.com\/wp-content\/uploads\/2022\/04\/carmen1.jpg\" class=\"attachment-large size-large wp-image-4396\" alt=\"carmen1\" srcset=\"https:\/\/forumpsicoanaliticbarcelona.com\/wp-content\/uploads\/2022\/04\/carmen1.jpg 640w, https:\/\/forumpsicoanaliticbarcelona.com\/wp-content\/uploads\/2022\/04\/carmen1-212x300.jpg 212w, https:\/\/forumpsicoanaliticbarcelona.com\/wp-content\/uploads\/2022\/04\/carmen1-106x150.jpg 106w\" sizes=\"(max-width: 640px) 100vw, 640px\" \/>\t\t\t\t\t\t\t\t\t\t\t\t\t\t\t<\/div>\n\t\t\t\t<\/div>\n\t\t\t\t\t<\/div>\n\t\t<\/div>\n\t\t\t\t\t<\/div>\n\t\t<\/section>\n\t\t\t\t<section class=\"elementor-section elementor-top-section elementor-element elementor-element-98d55f9 elementor-section-boxed elementor-section-height-default elementor-section-height-default\" data-id=\"98d55f9\" data-element_type=\"section\">\n\t\t\t\t\t\t<div class=\"elementor-container elementor-column-gap-default\">\n\t\t\t\t\t<div class=\"elementor-column elementor-col-100 elementor-top-column elementor-element elementor-element-f46e3e5\" data-id=\"f46e3e5\" data-element_type=\"column\">\n\t\t\t<div class=\"elementor-widget-wrap elementor-element-populated\">\n\t\t\t\t\t\t<div class=\"elementor-element elementor-element-068cd6d elementor-widget elementor-widget-image\" data-id=\"068cd6d\" data-element_type=\"widget\" data-widget_type=\"image.default\">\n\t\t\t\t<div class=\"elementor-widget-container\">\n\t\t\t\t\t\t\t\t\t\t\t\t\t\t\t<img decoding=\"async\" width=\"640\" height=\"891\" src=\"https:\/\/forumpsicoanaliticbarcelona.com\/wp-content\/uploads\/2022\/04\/carmen-2.jpg\" class=\"attachment-large size-large wp-image-4399\" alt=\"\" srcset=\"https:\/\/forumpsicoanaliticbarcelona.com\/wp-content\/uploads\/2022\/04\/carmen-2.jpg 640w, https:\/\/forumpsicoanaliticbarcelona.com\/wp-content\/uploads\/2022\/04\/carmen-2-215x300.jpg 215w, https:\/\/forumpsicoanaliticbarcelona.com\/wp-content\/uploads\/2022\/04\/carmen-2-108x150.jpg 108w\" sizes=\"(max-width: 640px) 100vw, 640px\" \/>\t\t\t\t\t\t\t\t\t\t\t\t\t\t\t<\/div>\n\t\t\t\t<\/div>\n\t\t\t\t\t<\/div>\n\t\t<\/div>\n\t\t\t\t\t<\/div>\n\t\t<\/section>\n\t\t\t\t<\/div>\n\t\t","protected":false},"excerpt":{"rendered":"<div class=\"tmnf_excerpt\"><p>Carmen Lafuente, miembro de nuestro foro, participar\u00e1 en el Seminario INCIDENCIA DEL PSICOAN\u00c1LISIS EN LA VIDA DE LAS MUJERES Y EN LA CIVILIZACI\u00d3N ACTUAL que se realizar\u00e1 la Asociaci\u00f3n Foro del Campo Lacaniano de Medell\u00edn el 23 y 24 de abril 2022 v\u00eda zoom Informes e inscripciones: foroslacanmedellin@gmail.com<\/p>\n<\/div>","protected":false},"author":1,"featured_media":4396,"comment_status":"open","ping_status":"open","sticky":false,"template":"","format":"standard","meta":{"footnotes":""},"categories":[66],"tags":[131,130],"class_list":["post-4395","post","type-post","status-publish","format-standard","has-post-thumbnail","hentry","category-activitats-de-membres-fpb","tag-medellin","tag-mujeres"],"yoast_head":"<!-- This site is optimized with the Yoast SEO plugin v28.2 - https:\/\/yoast.com\/product\/yoast-seo-wordpress\/ -->\n<title>Seminario INCIDENCIA DEL PSICOAN\u00c1LISIS EN LA VIDA DE LAS MUJERES Y EN LA CIVILIZACI\u00d3N ACTUAL - F\u00f2rum Psicoanal\u00edtic Barcelona<\/title>\n<meta name=\"description\" content=\"Seminario INCIDENCIA DEL PSICOAN\u00c1LISIS EN LA VIDA DE LAS MUJERES Y EN LA CIVILIZACI\u00d3N ACTUAL: Con Carmen Lafuente, el 23 y 24 de abril 2022\" \/>\n<meta name=\"robots\" content=\"index, follow, max-snippet:-1, max-image-preview:large, max-video-preview:-1\" \/>\n<link rel=\"canonical\" href=\"https:\/\/forumpsicoanaliticbarcelona.com\/es\/seminario-incidencia-del-psicoanalisis-en-la-vida-de-las-mujeres-y-en-la-civilizacion-actual\/\" \/>\n<meta property=\"og:locale\" content=\"es_ES\" \/>\n<meta property=\"og:type\" content=\"article\" \/>\n<meta property=\"og:title\" content=\"Seminario INCIDENCIA DEL PSICOAN\u00c1LISIS EN LA VIDA DE LAS MUJERES Y EN LA CIVILIZACI\u00d3N ACTUAL - F\u00f2rum Psicoanal\u00edtic Barcelona\" \/>\n<meta property=\"og:description\" content=\"Seminario INCIDENCIA DEL PSICOAN\u00c1LISIS EN LA VIDA DE LAS MUJERES Y EN LA CIVILIZACI\u00d3N ACTUAL: Con Carmen Lafuente, el 23 y 24 de abril 2022\" \/>\n<meta property=\"og:url\" content=\"https:\/\/forumpsicoanaliticbarcelona.com\/es\/seminario-incidencia-del-psicoanalisis-en-la-vida-de-las-mujeres-y-en-la-civilizacion-actual\/\" \/>\n<meta property=\"og:site_name\" content=\"F\u00f2rum Psicoanal\u00edtic Barcelona\" \/>\n<meta property=\"article:publisher\" content=\"https:\/\/www.facebook.com\/forumpsicoanaliticbarcelona\/\" \/>\n<meta property=\"article:published_time\" content=\"2022-04-12T17:44:17+00:00\" \/>\n<meta property=\"article:modified_time\" content=\"2022-04-12T17:48:54+00:00\" \/>\n<meta property=\"og:image\" content=\"https:\/\/forumpsicoanaliticbarcelona.com\/wp-content\/uploads\/2022\/04\/carmen1.jpg\" \/>\n\t<meta property=\"og:image:width\" content=\"640\" \/>\n\t<meta property=\"og:image:height\" content=\"906\" \/>\n\t<meta property=\"og:image:type\" content=\"image\/jpeg\" \/>\n<meta name=\"author\" content=\"admin-fpb\" \/>\n<meta name=\"twitter:card\" content=\"summary_large_image\" \/>\n<meta name=\"twitter:label1\" content=\"Escrito por\" \/>\n\t<meta name=\"twitter:data1\" content=\"admin-fpb\" \/>\n<script type=\"application\/ld+json\" class=\"yoast-schema-graph\">{\"@context\":\"https:\\\/\\\/schema.org\",\"@graph\":[{\"@type\":\"Article\",\"@id\":\"https:\\\/\\\/forumpsicoanaliticbarcelona.com\\\/es\\\/seminario-incidencia-del-psicoanalisis-en-la-vida-de-las-mujeres-y-en-la-civilizacion-actual\\\/#article\",\"isPartOf\":{\"@id\":\"https:\\\/\\\/forumpsicoanaliticbarcelona.com\\\/es\\\/seminario-incidencia-del-psicoanalisis-en-la-vida-de-las-mujeres-y-en-la-civilizacion-actual\\\/\"},\"author\":{\"name\":\"admin-fpb\",\"@id\":\"https:\\\/\\\/forumpsicoanaliticbarcelona.com\\\/es\\\/#\\\/schema\\\/person\\\/98c7eb87d720f9d38844fa66887ac616\"},\"headline\":\"Seminario INCIDENCIA DEL PSICOAN\u00c1LISIS EN LA VIDA DE LAS MUJERES Y EN LA CIVILIZACI\u00d3N ACTUAL\",\"datePublished\":\"2022-04-12T17:44:17+00:00\",\"dateModified\":\"2022-04-12T17:48:54+00:00\",\"mainEntityOfPage\":{\"@id\":\"https:\\\/\\\/forumpsicoanaliticbarcelona.com\\\/es\\\/seminario-incidencia-del-psicoanalisis-en-la-vida-de-las-mujeres-y-en-la-civilizacion-actual\\\/\"},\"wordCount\":69,\"commentCount\":0,\"publisher\":{\"@id\":\"https:\\\/\\\/forumpsicoanaliticbarcelona.com\\\/es\\\/#organization\"},\"image\":{\"@id\":\"https:\\\/\\\/forumpsicoanaliticbarcelona.com\\\/es\\\/seminario-incidencia-del-psicoanalisis-en-la-vida-de-las-mujeres-y-en-la-civilizacion-actual\\\/#primaryimage\"},\"thumbnailUrl\":\"https:\\\/\\\/forumpsicoanaliticbarcelona.com\\\/wp-content\\\/uploads\\\/2022\\\/04\\\/carmen1.jpg\",\"keywords\":[\"Medell\u00edn\",\"mujeres\"],\"articleSection\":[\"Activitats de membres FPB\"],\"inLanguage\":\"es\",\"potentialAction\":[{\"@type\":\"CommentAction\",\"name\":\"Comment\",\"target\":[\"https:\\\/\\\/forumpsicoanaliticbarcelona.com\\\/es\\\/seminario-incidencia-del-psicoanalisis-en-la-vida-de-las-mujeres-y-en-la-civilizacion-actual\\\/#respond\"]}]},{\"@type\":\"WebPage\",\"@id\":\"https:\\\/\\\/forumpsicoanaliticbarcelona.com\\\/es\\\/seminario-incidencia-del-psicoanalisis-en-la-vida-de-las-mujeres-y-en-la-civilizacion-actual\\\/\",\"url\":\"https:\\\/\\\/forumpsicoanaliticbarcelona.com\\\/es\\\/seminario-incidencia-del-psicoanalisis-en-la-vida-de-las-mujeres-y-en-la-civilizacion-actual\\\/\",\"name\":\"Seminario INCIDENCIA DEL PSICOAN\u00c1LISIS EN LA VIDA DE LAS MUJERES Y EN LA CIVILIZACI\u00d3N ACTUAL - F\u00f2rum Psicoanal\u00edtic Barcelona\",\"isPartOf\":{\"@id\":\"https:\\\/\\\/forumpsicoanaliticbarcelona.com\\\/es\\\/#website\"},\"primaryImageOfPage\":{\"@id\":\"https:\\\/\\\/forumpsicoanaliticbarcelona.com\\\/es\\\/seminario-incidencia-del-psicoanalisis-en-la-vida-de-las-mujeres-y-en-la-civilizacion-actual\\\/#primaryimage\"},\"image\":{\"@id\":\"https:\\\/\\\/forumpsicoanaliticbarcelona.com\\\/es\\\/seminario-incidencia-del-psicoanalisis-en-la-vida-de-las-mujeres-y-en-la-civilizacion-actual\\\/#primaryimage\"},\"thumbnailUrl\":\"https:\\\/\\\/forumpsicoanaliticbarcelona.com\\\/wp-content\\\/uploads\\\/2022\\\/04\\\/carmen1.jpg\",\"datePublished\":\"2022-04-12T17:44:17+00:00\",\"dateModified\":\"2022-04-12T17:48:54+00:00\",\"description\":\"Seminario INCIDENCIA DEL PSICOAN\u00c1LISIS EN LA VIDA DE LAS MUJERES Y EN LA CIVILIZACI\u00d3N ACTUAL: Con Carmen Lafuente, el 23 y 24 de abril 2022\",\"breadcrumb\":{\"@id\":\"https:\\\/\\\/forumpsicoanaliticbarcelona.com\\\/es\\\/seminario-incidencia-del-psicoanalisis-en-la-vida-de-las-mujeres-y-en-la-civilizacion-actual\\\/#breadcrumb\"},\"inLanguage\":\"es\",\"potentialAction\":[{\"@type\":\"ReadAction\",\"target\":[\"https:\\\/\\\/forumpsicoanaliticbarcelona.com\\\/es\\\/seminario-incidencia-del-psicoanalisis-en-la-vida-de-las-mujeres-y-en-la-civilizacion-actual\\\/\"]}]},{\"@type\":\"ImageObject\",\"inLanguage\":\"es\",\"@id\":\"https:\\\/\\\/forumpsicoanaliticbarcelona.com\\\/es\\\/seminario-incidencia-del-psicoanalisis-en-la-vida-de-las-mujeres-y-en-la-civilizacion-actual\\\/#primaryimage\",\"url\":\"https:\\\/\\\/forumpsicoanaliticbarcelona.com\\\/wp-content\\\/uploads\\\/2022\\\/04\\\/carmen1.jpg\",\"contentUrl\":\"https:\\\/\\\/forumpsicoanaliticbarcelona.com\\\/wp-content\\\/uploads\\\/2022\\\/04\\\/carmen1.jpg\",\"width\":640,\"height\":906,\"caption\":\"carmen1\"},{\"@type\":\"BreadcrumbList\",\"@id\":\"https:\\\/\\\/forumpsicoanaliticbarcelona.com\\\/es\\\/seminario-incidencia-del-psicoanalisis-en-la-vida-de-las-mujeres-y-en-la-civilizacion-actual\\\/#breadcrumb\",\"itemListElement\":[{\"@type\":\"ListItem\",\"position\":1,\"name\":\"Portada\",\"item\":\"https:\\\/\\\/forumpsicoanaliticbarcelona.com\\\/es\\\/\"},{\"@type\":\"ListItem\",\"position\":2,\"name\":\"Seminario INCIDENCIA DEL PSICOAN\u00c1LISIS EN LA VIDA DE LAS MUJERES Y EN LA CIVILIZACI\u00d3N ACTUAL\"}]},{\"@type\":\"WebSite\",\"@id\":\"https:\\\/\\\/forumpsicoanaliticbarcelona.com\\\/es\\\/#website\",\"url\":\"https:\\\/\\\/forumpsicoanaliticbarcelona.com\\\/es\\\/\",\"name\":\"F\u00f2rum Psicoanal\u00edtic Barcelona\",\"description\":\"Associaci\u00f3 dedicada a l&#039;estudi, transmissi\u00f3 i desenvolupament de la Psicoan\u00e0lisi - Esdeveniments\",\"publisher\":{\"@id\":\"https:\\\/\\\/forumpsicoanaliticbarcelona.com\\\/es\\\/#organization\"},\"potentialAction\":[{\"@type\":\"SearchAction\",\"target\":{\"@type\":\"EntryPoint\",\"urlTemplate\":\"https:\\\/\\\/forumpsicoanaliticbarcelona.com\\\/es\\\/?s={search_term_string}\"},\"query-input\":{\"@type\":\"PropertyValueSpecification\",\"valueRequired\":true,\"valueName\":\"search_term_string\"}}],\"inLanguage\":\"es\"},{\"@type\":\"Organization\",\"@id\":\"https:\\\/\\\/forumpsicoanaliticbarcelona.com\\\/es\\\/#organization\",\"name\":\"F\u00f2rum Psicoanal\u00edtic Barcelona\",\"alternateName\":\"FPB\",\"url\":\"https:\\\/\\\/forumpsicoanaliticbarcelona.com\\\/es\\\/\",\"logo\":{\"@type\":\"ImageObject\",\"inLanguage\":\"es\",\"@id\":\"https:\\\/\\\/forumpsicoanaliticbarcelona.com\\\/es\\\/#\\\/schema\\\/logo\\\/image\\\/\",\"url\":\"https:\\\/\\\/forumpsicoanaliticbarcelona.com\\\/wp-content\\\/uploads\\\/2020\\\/05\\\/FPB_logo.png\",\"contentUrl\":\"https:\\\/\\\/forumpsicoanaliticbarcelona.com\\\/wp-content\\\/uploads\\\/2020\\\/05\\\/FPB_logo.png\",\"width\":400,\"height\":184,\"caption\":\"F\u00f2rum Psicoanal\u00edtic Barcelona\"},\"image\":{\"@id\":\"https:\\\/\\\/forumpsicoanaliticbarcelona.com\\\/es\\\/#\\\/schema\\\/logo\\\/image\\\/\"},\"sameAs\":[\"https:\\\/\\\/www.facebook.com\\\/forumpsicoanaliticbarcelona\\\/\",\"https:\\\/\\\/www.instagram.com\\\/forumpsicoanalitic\\\/\"]},{\"@type\":\"Person\",\"@id\":\"https:\\\/\\\/forumpsicoanaliticbarcelona.com\\\/es\\\/#\\\/schema\\\/person\\\/98c7eb87d720f9d38844fa66887ac616\",\"name\":\"admin-fpb\",\"image\":{\"@type\":\"ImageObject\",\"inLanguage\":\"es\",\"@id\":\"https:\\\/\\\/secure.gravatar.com\\\/avatar\\\/83ab03c23a4a141c515cd2d17f5b3551a9c4f1066602ea60ed8ce52554092ada?s=96&d=mm&r=g\",\"url\":\"https:\\\/\\\/secure.gravatar.com\\\/avatar\\\/83ab03c23a4a141c515cd2d17f5b3551a9c4f1066602ea60ed8ce52554092ada?s=96&d=mm&r=g\",\"contentUrl\":\"https:\\\/\\\/secure.gravatar.com\\\/avatar\\\/83ab03c23a4a141c515cd2d17f5b3551a9c4f1066602ea60ed8ce52554092ada?s=96&d=mm&r=g\",\"caption\":\"admin-fpb\"},\"url\":\"https:\\\/\\\/forumpsicoanaliticbarcelona.com\\\/es\\\/author\\\/admin-fpb\\\/\"}]}<\/script>\n<!-- \/ Yoast SEO plugin. -->","yoast_head_json":{"title":"Seminario INCIDENCIA DEL PSICOAN\u00c1LISIS EN LA VIDA DE LAS MUJERES Y EN LA CIVILIZACI\u00d3N ACTUAL - F\u00f2rum Psicoanal\u00edtic Barcelona","description":"Seminario INCIDENCIA DEL PSICOAN\u00c1LISIS EN LA VIDA DE LAS MUJERES Y EN LA CIVILIZACI\u00d3N ACTUAL: Con Carmen Lafuente, el 23 y 24 de abril 2022","robots":{"index":"index","follow":"follow","max-snippet":"max-snippet:-1","max-image-preview":"max-image-preview:large","max-video-preview":"max-video-preview:-1"},"canonical":"https:\/\/forumpsicoanaliticbarcelona.com\/es\/seminario-incidencia-del-psicoanalisis-en-la-vida-de-las-mujeres-y-en-la-civilizacion-actual\/","og_locale":"es_ES","og_type":"article","og_title":"Seminario INCIDENCIA DEL PSICOAN\u00c1LISIS EN LA VIDA DE LAS MUJERES Y EN LA CIVILIZACI\u00d3N ACTUAL - F\u00f2rum Psicoanal\u00edtic Barcelona","og_description":"Seminario INCIDENCIA DEL PSICOAN\u00c1LISIS EN LA VIDA DE LAS MUJERES Y EN LA CIVILIZACI\u00d3N ACTUAL: Con Carmen Lafuente, el 23 y 24 de abril 2022","og_url":"https:\/\/forumpsicoanaliticbarcelona.com\/es\/seminario-incidencia-del-psicoanalisis-en-la-vida-de-las-mujeres-y-en-la-civilizacion-actual\/","og_site_name":"F\u00f2rum Psicoanal\u00edtic Barcelona","article_publisher":"https:\/\/www.facebook.com\/forumpsicoanaliticbarcelona\/","article_published_time":"2022-04-12T17:44:17+00:00","article_modified_time":"2022-04-12T17:48:54+00:00","og_image":[{"width":640,"height":906,"url":"https:\/\/forumpsicoanaliticbarcelona.com\/wp-content\/uploads\/2022\/04\/carmen1.jpg","type":"image\/jpeg"}],"author":"admin-fpb","twitter_card":"summary_large_image","twitter_misc":{"Escrito por":"admin-fpb"},"schema":{"@context":"https:\/\/schema.org","@graph":[{"@type":"Article","@id":"https:\/\/forumpsicoanaliticbarcelona.com\/es\/seminario-incidencia-del-psicoanalisis-en-la-vida-de-las-mujeres-y-en-la-civilizacion-actual\/#article","isPartOf":{"@id":"https:\/\/forumpsicoanaliticbarcelona.com\/es\/seminario-incidencia-del-psicoanalisis-en-la-vida-de-las-mujeres-y-en-la-civilizacion-actual\/"},"author":{"name":"admin-fpb","@id":"https:\/\/forumpsicoanaliticbarcelona.com\/es\/#\/schema\/person\/98c7eb87d720f9d38844fa66887ac616"},"headline":"Seminario INCIDENCIA DEL PSICOAN\u00c1LISIS EN LA VIDA DE LAS MUJERES Y EN LA CIVILIZACI\u00d3N ACTUAL","datePublished":"2022-04-12T17:44:17+00:00","dateModified":"2022-04-12T17:48:54+00:00","mainEntityOfPage":{"@id":"https:\/\/forumpsicoanaliticbarcelona.com\/es\/seminario-incidencia-del-psicoanalisis-en-la-vida-de-las-mujeres-y-en-la-civilizacion-actual\/"},"wordCount":69,"commentCount":0,"publisher":{"@id":"https:\/\/forumpsicoanaliticbarcelona.com\/es\/#organization"},"image":{"@id":"https:\/\/forumpsicoanaliticbarcelona.com\/es\/seminario-incidencia-del-psicoanalisis-en-la-vida-de-las-mujeres-y-en-la-civilizacion-actual\/#primaryimage"},"thumbnailUrl":"https:\/\/forumpsicoanaliticbarcelona.com\/wp-content\/uploads\/2022\/04\/carmen1.jpg","keywords":["Medell\u00edn","mujeres"],"articleSection":["Activitats de membres FPB"],"inLanguage":"es","potentialAction":[{"@type":"CommentAction","name":"Comment","target":["https:\/\/forumpsicoanaliticbarcelona.com\/es\/seminario-incidencia-del-psicoanalisis-en-la-vida-de-las-mujeres-y-en-la-civilizacion-actual\/#respond"]}]},{"@type":"WebPage","@id":"https:\/\/forumpsicoanaliticbarcelona.com\/es\/seminario-incidencia-del-psicoanalisis-en-la-vida-de-las-mujeres-y-en-la-civilizacion-actual\/","url":"https:\/\/forumpsicoanaliticbarcelona.com\/es\/seminario-incidencia-del-psicoanalisis-en-la-vida-de-las-mujeres-y-en-la-civilizacion-actual\/","name":"Seminario INCIDENCIA DEL PSICOAN\u00c1LISIS EN LA VIDA DE LAS MUJERES Y EN LA CIVILIZACI\u00d3N ACTUAL - F\u00f2rum Psicoanal\u00edtic Barcelona","isPartOf":{"@id":"https:\/\/forumpsicoanaliticbarcelona.com\/es\/#website"},"primaryImageOfPage":{"@id":"https:\/\/forumpsicoanaliticbarcelona.com\/es\/seminario-incidencia-del-psicoanalisis-en-la-vida-de-las-mujeres-y-en-la-civilizacion-actual\/#primaryimage"},"image":{"@id":"https:\/\/forumpsicoanaliticbarcelona.com\/es\/seminario-incidencia-del-psicoanalisis-en-la-vida-de-las-mujeres-y-en-la-civilizacion-actual\/#primaryimage"},"thumbnailUrl":"https:\/\/forumpsicoanaliticbarcelona.com\/wp-content\/uploads\/2022\/04\/carmen1.jpg","datePublished":"2022-04-12T17:44:17+00:00","dateModified":"2022-04-12T17:48:54+00:00","description":"Seminario INCIDENCIA DEL PSICOAN\u00c1LISIS EN LA VIDA DE LAS MUJERES Y EN LA CIVILIZACI\u00d3N ACTUAL: Con Carmen Lafuente, el 23 y 24 de abril 2022","breadcrumb":{"@id":"https:\/\/forumpsicoanaliticbarcelona.com\/es\/seminario-incidencia-del-psicoanalisis-en-la-vida-de-las-mujeres-y-en-la-civilizacion-actual\/#breadcrumb"},"inLanguage":"es","potentialAction":[{"@type":"ReadAction","target":["https:\/\/forumpsicoanaliticbarcelona.com\/es\/seminario-incidencia-del-psicoanalisis-en-la-vida-de-las-mujeres-y-en-la-civilizacion-actual\/"]}]},{"@type":"ImageObject","inLanguage":"es","@id":"https:\/\/forumpsicoanaliticbarcelona.com\/es\/seminario-incidencia-del-psicoanalisis-en-la-vida-de-las-mujeres-y-en-la-civilizacion-actual\/#primaryimage","url":"https:\/\/forumpsicoanaliticbarcelona.com\/wp-content\/uploads\/2022\/04\/carmen1.jpg","contentUrl":"https:\/\/forumpsicoanaliticbarcelona.com\/wp-content\/uploads\/2022\/04\/carmen1.jpg","width":640,"height":906,"caption":"carmen1"},{"@type":"BreadcrumbList","@id":"https:\/\/forumpsicoanaliticbarcelona.com\/es\/seminario-incidencia-del-psicoanalisis-en-la-vida-de-las-mujeres-y-en-la-civilizacion-actual\/#breadcrumb","itemListElement":[{"@type":"ListItem","position":1,"name":"Portada","item":"https:\/\/forumpsicoanaliticbarcelona.com\/es\/"},{"@type":"ListItem","position":2,"name":"Seminario INCIDENCIA DEL PSICOAN\u00c1LISIS EN LA VIDA DE LAS MUJERES Y EN LA CIVILIZACI\u00d3N ACTUAL"}]},{"@type":"WebSite","@id":"https:\/\/forumpsicoanaliticbarcelona.com\/es\/#website","url":"https:\/\/forumpsicoanaliticbarcelona.com\/es\/","name":"F\u00f2rum Psicoanal\u00edtic Barcelona","description":"Associaci\u00f3 dedicada a l&#039;estudi, transmissi\u00f3 i desenvolupament de la Psicoan\u00e0lisi - Esdeveniments","publisher":{"@id":"https:\/\/forumpsicoanaliticbarcelona.com\/es\/#organization"},"potentialAction":[{"@type":"SearchAction","target":{"@type":"EntryPoint","urlTemplate":"https:\/\/forumpsicoanaliticbarcelona.com\/es\/?s={search_term_string}"},"query-input":{"@type":"PropertyValueSpecification","valueRequired":true,"valueName":"search_term_string"}}],"inLanguage":"es"},{"@type":"Organization","@id":"https:\/\/forumpsicoanaliticbarcelona.com\/es\/#organization","name":"F\u00f2rum Psicoanal\u00edtic Barcelona","alternateName":"FPB","url":"https:\/\/forumpsicoanaliticbarcelona.com\/es\/","logo":{"@type":"ImageObject","inLanguage":"es","@id":"https:\/\/forumpsicoanaliticbarcelona.com\/es\/#\/schema\/logo\/image\/","url":"https:\/\/forumpsicoanaliticbarcelona.com\/wp-content\/uploads\/2020\/05\/FPB_logo.png","contentUrl":"https:\/\/forumpsicoanaliticbarcelona.com\/wp-content\/uploads\/2020\/05\/FPB_logo.png","width":400,"height":184,"caption":"F\u00f2rum Psicoanal\u00edtic Barcelona"},"image":{"@id":"https:\/\/forumpsicoanaliticbarcelona.com\/es\/#\/schema\/logo\/image\/"},"sameAs":["https:\/\/www.facebook.com\/forumpsicoanaliticbarcelona\/","https:\/\/www.instagram.com\/forumpsicoanalitic\/"]},{"@type":"Person","@id":"https:\/\/forumpsicoanaliticbarcelona.com\/es\/#\/schema\/person\/98c7eb87d720f9d38844fa66887ac616","name":"admin-fpb","image":{"@type":"ImageObject","inLanguage":"es","@id":"https:\/\/secure.gravatar.com\/avatar\/83ab03c23a4a141c515cd2d17f5b3551a9c4f1066602ea60ed8ce52554092ada?s=96&d=mm&r=g","url":"https:\/\/secure.gravatar.com\/avatar\/83ab03c23a4a141c515cd2d17f5b3551a9c4f1066602ea60ed8ce52554092ada?s=96&d=mm&r=g","contentUrl":"https:\/\/secure.gravatar.com\/avatar\/83ab03c23a4a141c515cd2d17f5b3551a9c4f1066602ea60ed8ce52554092ada?s=96&d=mm&r=g","caption":"admin-fpb"},"url":"https:\/\/forumpsicoanaliticbarcelona.com\/es\/author\/admin-fpb\/"}]}},"_links":{"self":[{"href":"https:\/\/forumpsicoanaliticbarcelona.com\/es\/wp-json\/wp\/v2\/posts\/4395","targetHints":{"allow":["GET"]}}],"collection":[{"href":"https:\/\/forumpsicoanaliticbarcelona.com\/es\/wp-json\/wp\/v2\/posts"}],"about":[{"href":"https:\/\/forumpsicoanaliticbarcelona.com\/es\/wp-json\/wp\/v2\/types\/post"}],"author":[{"embeddable":true,"href":"https:\/\/forumpsicoanaliticbarcelona.com\/es\/wp-json\/wp\/v2\/users\/1"}],"replies":[{"embeddable":true,"href":"https:\/\/forumpsicoanaliticbarcelona.com\/es\/wp-json\/wp\/v2\/comments?post=4395"}],"version-history":[{"count":4,"href":"https:\/\/forumpsicoanaliticbarcelona.com\/es\/wp-json\/wp\/v2\/posts\/4395\/revisions"}],"predecessor-version":[{"id":4404,"href":"https:\/\/forumpsicoanaliticbarcelona.com\/es\/wp-json\/wp\/v2\/posts\/4395\/revisions\/4404"}],"wp:featuredmedia":[{"embeddable":true,"href":"https:\/\/forumpsicoanaliticbarcelona.com\/es\/wp-json\/wp\/v2\/media\/4396"}],"wp:attachment":[{"href":"https:\/\/forumpsicoanaliticbarcelona.com\/es\/wp-json\/wp\/v2\/media?parent=4395"}],"wp:term":[{"taxonomy":"category","embeddable":true,"href":"https:\/\/forumpsicoanaliticbarcelona.com\/es\/wp-json\/wp\/v2\/categories?post=4395"},{"taxonomy":"post_tag","embeddable":true,"href":"https:\/\/forumpsicoanaliticbarcelona.com\/es\/wp-json\/wp\/v2\/tags?post=4395"}],"curies":[{"name":"wp","href":"https:\/\/api.w.org\/{rel}","templated":true}]}}