{"id":3923,"date":"2022-01-12T22:11:38","date_gmt":"2022-01-12T22:11:38","guid":{"rendered":"https:\/\/forumpsicoanaliticbarcelona.com\/?p=3923"},"modified":"2022-01-12T22:54:22","modified_gmt":"2022-01-12T22:54:22","slug":"las-pasiones-en-la-adolescencia","status":"publish","type":"post","link":"https:\/\/forumpsicoanaliticbarcelona.com\/es\/las-pasiones-en-la-adolescencia\/","title":{"rendered":"Las pasiones en la adolescencia"},"content":{"rendered":"\t\t<div data-elementor-type=\"wp-post\" data-elementor-id=\"3923\" class=\"elementor elementor-3923\">\n\t\t\t\t\t\t<section class=\"elementor-section elementor-top-section elementor-element elementor-element-9752ddb elementor-section-boxed elementor-section-height-default elementor-section-height-default\" data-id=\"9752ddb\" data-element_type=\"section\">\n\t\t\t\t\t\t<div class=\"elementor-container elementor-column-gap-default\">\n\t\t\t\t\t<div class=\"elementor-column elementor-col-100 elementor-top-column elementor-element elementor-element-86b4674\" data-id=\"86b4674\" data-element_type=\"column\">\n\t\t\t<div class=\"elementor-widget-wrap elementor-element-populated\">\n\t\t\t\t\t\t<div class=\"elementor-element elementor-element-a2c3556 elementor-widget elementor-widget-text-editor\" data-id=\"a2c3556\" data-element_type=\"widget\" data-widget_type=\"text-editor.default\">\n\t\t\t\t<div class=\"elementor-widget-container\">\n\t\t\t\t\t\t\t\t\t<div dir=\"auto\">Siguiente actividad de RHIPNA trata sobre la adolescencia<\/div><div dir=\"auto\">26 de marzo 2022<\/div><div dir=\"auto\">a las 16h. (hora de Espa\u00f1a)<\/div><div dir=\"auto\">LAS PASIONES EN LA ADOLESCENCIA<\/div><div dir=\"auto\">Ponente: Luis Izcovich<\/div><div dir=\"auto\">Coordinaci\u00f3n: Matilde Pelegr\u00ed<\/div><div dir=\"auto\">ID zoom: 83066973487<\/div><div dir=\"auto\">Link:\u00a0<a href=\"https:\/\/us02web.zoom.us\/j\/83066973487\" target=\"_blank\" rel=\"noopener\">https:\/\/us02web.zoom.us\/j\/83066973487<\/a><\/div>\t\t\t\t\t\t\t\t<\/div>\n\t\t\t\t<\/div>\n\t\t\t\t\t<\/div>\n\t\t<\/div>\n\t\t\t\t\t<\/div>\n\t\t<\/section>\n\t\t\t\t<section class=\"elementor-section elementor-top-section elementor-element elementor-element-7bd8e3a elementor-section-boxed elementor-section-height-default elementor-section-height-default\" data-id=\"7bd8e3a\" data-element_type=\"section\">\n\t\t\t\t\t\t<div class=\"elementor-container elementor-column-gap-default\">\n\t\t\t\t\t<div class=\"elementor-column elementor-col-100 elementor-top-column elementor-element elementor-element-bdedbda\" data-id=\"bdedbda\" data-element_type=\"column\">\n\t\t\t<div class=\"elementor-widget-wrap elementor-element-populated\">\n\t\t\t\t\t\t<div class=\"elementor-element elementor-element-c37d6a0 elementor-widget elementor-widget-image\" data-id=\"c37d6a0\" data-element_type=\"widget\" data-widget_type=\"image.default\">\n\t\t\t\t<div class=\"elementor-widget-container\">\n\t\t\t\t\t\t\t\t\t\t\t\t\t\t\t<img fetchpriority=\"high\" decoding=\"async\" width=\"483\" height=\"1024\" src=\"https:\/\/forumpsicoanaliticbarcelona.com\/wp-content\/uploads\/2022\/01\/rhipna_marzo-483x1024.png\" class=\"attachment-large size-large wp-image-3930\" alt=\"rhipna_marzo\" srcset=\"https:\/\/forumpsicoanaliticbarcelona.com\/wp-content\/uploads\/2022\/01\/rhipna_marzo-483x1024.png 483w, https:\/\/forumpsicoanaliticbarcelona.com\/wp-content\/uploads\/2022\/01\/rhipna_marzo-141x300.png 141w, https:\/\/forumpsicoanaliticbarcelona.com\/wp-content\/uploads\/2022\/01\/rhipna_marzo-71x150.png 71w, https:\/\/forumpsicoanaliticbarcelona.com\/wp-content\/uploads\/2022\/01\/rhipna_marzo-768x1630.png 768w, https:\/\/forumpsicoanaliticbarcelona.com\/wp-content\/uploads\/2022\/01\/rhipna_marzo-724x1536.png 724w, https:\/\/forumpsicoanaliticbarcelona.com\/wp-content\/uploads\/2022\/01\/rhipna_marzo-965x2048.png 965w, https:\/\/forumpsicoanaliticbarcelona.com\/wp-content\/uploads\/2022\/01\/rhipna_marzo.png 1080w\" sizes=\"(max-width: 483px) 100vw, 483px\" \/>\t\t\t\t\t\t\t\t\t\t\t\t\t\t\t<\/div>\n\t\t\t\t<\/div>\n\t\t\t\t\t<\/div>\n\t\t<\/div>\n\t\t\t\t\t<\/div>\n\t\t<\/section>\n\t\t\t\t<\/div>\n\t\t","protected":false},"excerpt":{"rendered":"<div class=\"tmnf_excerpt\"><p>Siguiente actividad de RHIPNA trata sobre la adolescencia26 de marzo 2022a las 16h. (hora de Espa\u00f1a)LAS PASIONES EN LA ADOLESCENCIAPonente: Luis IzcovichCoordinaci\u00f3n: Matilde Pelegr\u00edID zoom: 83066973487Link:\u00a0https:\/\/us02web.zoom.us\/j\/83066973487<\/p>\n<\/div>","protected":false},"author":1,"featured_media":3924,"comment_status":"open","ping_status":"open","sticky":false,"template":"","format":"standard","meta":{"footnotes":""},"categories":[37],"tags":[54,117],"class_list":["post-3923","post","type-post","status-publish","format-standard","has-post-thumbnail","hentry","category-activitats-rhipna","tag-adolescencia","tag-luis-izcovich"],"yoast_head":"<!-- This site is optimized with the Yoast SEO plugin v28.2 - https:\/\/yoast.com\/product\/yoast-seo-wordpress\/ -->\n<title>Las pasiones en la adolescencia - F\u00f2rum Psicoanal\u00edtic Barcelona<\/title>\n<meta name=\"description\" content=\"RHIPNA: Conferencia sobre la adolescencia por Luis Izcovich S\u00e1bado 26 MARZO 2022 | 16 h. | actividad online y gratuita\" \/>\n<meta name=\"robots\" content=\"index, follow, max-snippet:-1, max-image-preview:large, max-video-preview:-1\" \/>\n<link rel=\"canonical\" href=\"https:\/\/forumpsicoanaliticbarcelona.com\/es\/las-pasiones-en-la-adolescencia\/\" \/>\n<meta property=\"og:locale\" content=\"es_ES\" \/>\n<meta property=\"og:type\" content=\"article\" \/>\n<meta property=\"og:title\" content=\"Las pasiones en la adolescencia - F\u00f2rum Psicoanal\u00edtic Barcelona\" \/>\n<meta property=\"og:description\" content=\"RHIPNA: Conferencia sobre la adolescencia por Luis Izcovich S\u00e1bado 26 MARZO 2022 | 16 h. | actividad online y gratuita\" \/>\n<meta property=\"og:url\" content=\"https:\/\/forumpsicoanaliticbarcelona.com\/es\/las-pasiones-en-la-adolescencia\/\" \/>\n<meta property=\"og:site_name\" content=\"F\u00f2rum Psicoanal\u00edtic Barcelona\" \/>\n<meta property=\"article:publisher\" content=\"https:\/\/www.facebook.com\/forumpsicoanaliticbarcelona\/\" \/>\n<meta property=\"article:published_time\" content=\"2022-01-12T22:11:38+00:00\" \/>\n<meta property=\"article:modified_time\" content=\"2022-01-12T22:54:22+00:00\" \/>\n<meta property=\"og:image\" content=\"https:\/\/forumpsicoanaliticbarcelona.com\/wp-content\/uploads\/2022\/01\/rhipna26marzo.png\" \/>\n\t<meta property=\"og:image:width\" content=\"1020\" \/>\n\t<meta property=\"og:image:height\" content=\"1020\" \/>\n\t<meta property=\"og:image:type\" content=\"image\/png\" \/>\n<meta name=\"author\" content=\"admin-fpb\" \/>\n<meta name=\"twitter:card\" content=\"summary_large_image\" \/>\n<meta name=\"twitter:label1\" content=\"Escrito por\" \/>\n\t<meta name=\"twitter:data1\" content=\"admin-fpb\" \/>\n<script type=\"application\/ld+json\" class=\"yoast-schema-graph\">{\"@context\":\"https:\\\/\\\/schema.org\",\"@graph\":[{\"@type\":\"Article\",\"@id\":\"https:\\\/\\\/forumpsicoanaliticbarcelona.com\\\/es\\\/las-pasiones-en-la-adolescencia\\\/#article\",\"isPartOf\":{\"@id\":\"https:\\\/\\\/forumpsicoanaliticbarcelona.com\\\/es\\\/las-pasiones-en-la-adolescencia\\\/\"},\"author\":{\"name\":\"admin-fpb\",\"@id\":\"https:\\\/\\\/forumpsicoanaliticbarcelona.com\\\/es\\\/#\\\/schema\\\/person\\\/98c7eb87d720f9d38844fa66887ac616\"},\"headline\":\"Las pasiones en la adolescencia\",\"datePublished\":\"2022-01-12T22:11:38+00:00\",\"dateModified\":\"2022-01-12T22:54:22+00:00\",\"mainEntityOfPage\":{\"@id\":\"https:\\\/\\\/forumpsicoanaliticbarcelona.com\\\/es\\\/las-pasiones-en-la-adolescencia\\\/\"},\"wordCount\":41,\"commentCount\":0,\"publisher\":{\"@id\":\"https:\\\/\\\/forumpsicoanaliticbarcelona.com\\\/es\\\/#organization\"},\"image\":{\"@id\":\"https:\\\/\\\/forumpsicoanaliticbarcelona.com\\\/es\\\/las-pasiones-en-la-adolescencia\\\/#primaryimage\"},\"thumbnailUrl\":\"https:\\\/\\\/forumpsicoanaliticbarcelona.com\\\/wp-content\\\/uploads\\\/2022\\\/01\\\/rhipna26marzo.png\",\"keywords\":[\"adolescencia\",\"Luis Izcovich\"],\"articleSection\":[\"Activitats RHIPNA\"],\"inLanguage\":\"es\",\"potentialAction\":[{\"@type\":\"CommentAction\",\"name\":\"Comment\",\"target\":[\"https:\\\/\\\/forumpsicoanaliticbarcelona.com\\\/es\\\/las-pasiones-en-la-adolescencia\\\/#respond\"]}]},{\"@type\":\"WebPage\",\"@id\":\"https:\\\/\\\/forumpsicoanaliticbarcelona.com\\\/es\\\/las-pasiones-en-la-adolescencia\\\/\",\"url\":\"https:\\\/\\\/forumpsicoanaliticbarcelona.com\\\/es\\\/las-pasiones-en-la-adolescencia\\\/\",\"name\":\"Las pasiones en la adolescencia - F\u00f2rum Psicoanal\u00edtic Barcelona\",\"isPartOf\":{\"@id\":\"https:\\\/\\\/forumpsicoanaliticbarcelona.com\\\/es\\\/#website\"},\"primaryImageOfPage\":{\"@id\":\"https:\\\/\\\/forumpsicoanaliticbarcelona.com\\\/es\\\/las-pasiones-en-la-adolescencia\\\/#primaryimage\"},\"image\":{\"@id\":\"https:\\\/\\\/forumpsicoanaliticbarcelona.com\\\/es\\\/las-pasiones-en-la-adolescencia\\\/#primaryimage\"},\"thumbnailUrl\":\"https:\\\/\\\/forumpsicoanaliticbarcelona.com\\\/wp-content\\\/uploads\\\/2022\\\/01\\\/rhipna26marzo.png\",\"datePublished\":\"2022-01-12T22:11:38+00:00\",\"dateModified\":\"2022-01-12T22:54:22+00:00\",\"description\":\"RHIPNA: Conferencia sobre la adolescencia por Luis Izcovich S\u00e1bado 26 MARZO 2022 | 16 h. | actividad online y gratuita\",\"breadcrumb\":{\"@id\":\"https:\\\/\\\/forumpsicoanaliticbarcelona.com\\\/es\\\/las-pasiones-en-la-adolescencia\\\/#breadcrumb\"},\"inLanguage\":\"es\",\"potentialAction\":[{\"@type\":\"ReadAction\",\"target\":[\"https:\\\/\\\/forumpsicoanaliticbarcelona.com\\\/es\\\/las-pasiones-en-la-adolescencia\\\/\"]}]},{\"@type\":\"ImageObject\",\"inLanguage\":\"es\",\"@id\":\"https:\\\/\\\/forumpsicoanaliticbarcelona.com\\\/es\\\/las-pasiones-en-la-adolescencia\\\/#primaryimage\",\"url\":\"https:\\\/\\\/forumpsicoanaliticbarcelona.com\\\/wp-content\\\/uploads\\\/2022\\\/01\\\/rhipna26marzo.png\",\"contentUrl\":\"https:\\\/\\\/forumpsicoanaliticbarcelona.com\\\/wp-content\\\/uploads\\\/2022\\\/01\\\/rhipna26marzo.png\",\"width\":1020,\"height\":1020,\"caption\":\"rhipna26marzo\"},{\"@type\":\"BreadcrumbList\",\"@id\":\"https:\\\/\\\/forumpsicoanaliticbarcelona.com\\\/es\\\/las-pasiones-en-la-adolescencia\\\/#breadcrumb\",\"itemListElement\":[{\"@type\":\"ListItem\",\"position\":1,\"name\":\"Portada\",\"item\":\"https:\\\/\\\/forumpsicoanaliticbarcelona.com\\\/es\\\/\"},{\"@type\":\"ListItem\",\"position\":2,\"name\":\"Las pasiones en la adolescencia\"}]},{\"@type\":\"WebSite\",\"@id\":\"https:\\\/\\\/forumpsicoanaliticbarcelona.com\\\/es\\\/#website\",\"url\":\"https:\\\/\\\/forumpsicoanaliticbarcelona.com\\\/es\\\/\",\"name\":\"F\u00f2rum Psicoanal\u00edtic Barcelona\",\"description\":\"Associaci\u00f3 dedicada a l&#039;estudi, transmissi\u00f3 i desenvolupament de la Psicoan\u00e0lisi - Esdeveniments\",\"publisher\":{\"@id\":\"https:\\\/\\\/forumpsicoanaliticbarcelona.com\\\/es\\\/#organization\"},\"potentialAction\":[{\"@type\":\"SearchAction\",\"target\":{\"@type\":\"EntryPoint\",\"urlTemplate\":\"https:\\\/\\\/forumpsicoanaliticbarcelona.com\\\/es\\\/?s={search_term_string}\"},\"query-input\":{\"@type\":\"PropertyValueSpecification\",\"valueRequired\":true,\"valueName\":\"search_term_string\"}}],\"inLanguage\":\"es\"},{\"@type\":\"Organization\",\"@id\":\"https:\\\/\\\/forumpsicoanaliticbarcelona.com\\\/es\\\/#organization\",\"name\":\"F\u00f2rum Psicoanal\u00edtic Barcelona\",\"alternateName\":\"FPB\",\"url\":\"https:\\\/\\\/forumpsicoanaliticbarcelona.com\\\/es\\\/\",\"logo\":{\"@type\":\"ImageObject\",\"inLanguage\":\"es\",\"@id\":\"https:\\\/\\\/forumpsicoanaliticbarcelona.com\\\/es\\\/#\\\/schema\\\/logo\\\/image\\\/\",\"url\":\"https:\\\/\\\/forumpsicoanaliticbarcelona.com\\\/wp-content\\\/uploads\\\/2020\\\/05\\\/FPB_logo.png\",\"contentUrl\":\"https:\\\/\\\/forumpsicoanaliticbarcelona.com\\\/wp-content\\\/uploads\\\/2020\\\/05\\\/FPB_logo.png\",\"width\":400,\"height\":184,\"caption\":\"F\u00f2rum Psicoanal\u00edtic Barcelona\"},\"image\":{\"@id\":\"https:\\\/\\\/forumpsicoanaliticbarcelona.com\\\/es\\\/#\\\/schema\\\/logo\\\/image\\\/\"},\"sameAs\":[\"https:\\\/\\\/www.facebook.com\\\/forumpsicoanaliticbarcelona\\\/\",\"https:\\\/\\\/www.instagram.com\\\/forumpsicoanalitic\\\/\"]},{\"@type\":\"Person\",\"@id\":\"https:\\\/\\\/forumpsicoanaliticbarcelona.com\\\/es\\\/#\\\/schema\\\/person\\\/98c7eb87d720f9d38844fa66887ac616\",\"name\":\"admin-fpb\",\"image\":{\"@type\":\"ImageObject\",\"inLanguage\":\"es\",\"@id\":\"https:\\\/\\\/secure.gravatar.com\\\/avatar\\\/83ab03c23a4a141c515cd2d17f5b3551a9c4f1066602ea60ed8ce52554092ada?s=96&d=mm&r=g\",\"url\":\"https:\\\/\\\/secure.gravatar.com\\\/avatar\\\/83ab03c23a4a141c515cd2d17f5b3551a9c4f1066602ea60ed8ce52554092ada?s=96&d=mm&r=g\",\"contentUrl\":\"https:\\\/\\\/secure.gravatar.com\\\/avatar\\\/83ab03c23a4a141c515cd2d17f5b3551a9c4f1066602ea60ed8ce52554092ada?s=96&d=mm&r=g\",\"caption\":\"admin-fpb\"},\"url\":\"https:\\\/\\\/forumpsicoanaliticbarcelona.com\\\/es\\\/author\\\/admin-fpb\\\/\"}]}<\/script>\n<!-- \/ Yoast SEO plugin. -->","yoast_head_json":{"title":"Las pasiones en la adolescencia - F\u00f2rum Psicoanal\u00edtic Barcelona","description":"RHIPNA: Conferencia sobre la adolescencia por Luis Izcovich S\u00e1bado 26 MARZO 2022 | 16 h. | actividad online y gratuita","robots":{"index":"index","follow":"follow","max-snippet":"max-snippet:-1","max-image-preview":"max-image-preview:large","max-video-preview":"max-video-preview:-1"},"canonical":"https:\/\/forumpsicoanaliticbarcelona.com\/es\/las-pasiones-en-la-adolescencia\/","og_locale":"es_ES","og_type":"article","og_title":"Las pasiones en la adolescencia - F\u00f2rum Psicoanal\u00edtic Barcelona","og_description":"RHIPNA: Conferencia sobre la adolescencia por Luis Izcovich S\u00e1bado 26 MARZO 2022 | 16 h. | actividad online y gratuita","og_url":"https:\/\/forumpsicoanaliticbarcelona.com\/es\/las-pasiones-en-la-adolescencia\/","og_site_name":"F\u00f2rum Psicoanal\u00edtic Barcelona","article_publisher":"https:\/\/www.facebook.com\/forumpsicoanaliticbarcelona\/","article_published_time":"2022-01-12T22:11:38+00:00","article_modified_time":"2022-01-12T22:54:22+00:00","og_image":[{"width":1020,"height":1020,"url":"https:\/\/forumpsicoanaliticbarcelona.com\/wp-content\/uploads\/2022\/01\/rhipna26marzo.png","type":"image\/png"}],"author":"admin-fpb","twitter_card":"summary_large_image","twitter_misc":{"Escrito por":"admin-fpb"},"schema":{"@context":"https:\/\/schema.org","@graph":[{"@type":"Article","@id":"https:\/\/forumpsicoanaliticbarcelona.com\/es\/las-pasiones-en-la-adolescencia\/#article","isPartOf":{"@id":"https:\/\/forumpsicoanaliticbarcelona.com\/es\/las-pasiones-en-la-adolescencia\/"},"author":{"name":"admin-fpb","@id":"https:\/\/forumpsicoanaliticbarcelona.com\/es\/#\/schema\/person\/98c7eb87d720f9d38844fa66887ac616"},"headline":"Las pasiones en la adolescencia","datePublished":"2022-01-12T22:11:38+00:00","dateModified":"2022-01-12T22:54:22+00:00","mainEntityOfPage":{"@id":"https:\/\/forumpsicoanaliticbarcelona.com\/es\/las-pasiones-en-la-adolescencia\/"},"wordCount":41,"commentCount":0,"publisher":{"@id":"https:\/\/forumpsicoanaliticbarcelona.com\/es\/#organization"},"image":{"@id":"https:\/\/forumpsicoanaliticbarcelona.com\/es\/las-pasiones-en-la-adolescencia\/#primaryimage"},"thumbnailUrl":"https:\/\/forumpsicoanaliticbarcelona.com\/wp-content\/uploads\/2022\/01\/rhipna26marzo.png","keywords":["adolescencia","Luis Izcovich"],"articleSection":["Activitats RHIPNA"],"inLanguage":"es","potentialAction":[{"@type":"CommentAction","name":"Comment","target":["https:\/\/forumpsicoanaliticbarcelona.com\/es\/las-pasiones-en-la-adolescencia\/#respond"]}]},{"@type":"WebPage","@id":"https:\/\/forumpsicoanaliticbarcelona.com\/es\/las-pasiones-en-la-adolescencia\/","url":"https:\/\/forumpsicoanaliticbarcelona.com\/es\/las-pasiones-en-la-adolescencia\/","name":"Las pasiones en la adolescencia - F\u00f2rum Psicoanal\u00edtic Barcelona","isPartOf":{"@id":"https:\/\/forumpsicoanaliticbarcelona.com\/es\/#website"},"primaryImageOfPage":{"@id":"https:\/\/forumpsicoanaliticbarcelona.com\/es\/las-pasiones-en-la-adolescencia\/#primaryimage"},"image":{"@id":"https:\/\/forumpsicoanaliticbarcelona.com\/es\/las-pasiones-en-la-adolescencia\/#primaryimage"},"thumbnailUrl":"https:\/\/forumpsicoanaliticbarcelona.com\/wp-content\/uploads\/2022\/01\/rhipna26marzo.png","datePublished":"2022-01-12T22:11:38+00:00","dateModified":"2022-01-12T22:54:22+00:00","description":"RHIPNA: Conferencia sobre la adolescencia por Luis Izcovich S\u00e1bado 26 MARZO 2022 | 16 h. | actividad online y gratuita","breadcrumb":{"@id":"https:\/\/forumpsicoanaliticbarcelona.com\/es\/las-pasiones-en-la-adolescencia\/#breadcrumb"},"inLanguage":"es","potentialAction":[{"@type":"ReadAction","target":["https:\/\/forumpsicoanaliticbarcelona.com\/es\/las-pasiones-en-la-adolescencia\/"]}]},{"@type":"ImageObject","inLanguage":"es","@id":"https:\/\/forumpsicoanaliticbarcelona.com\/es\/las-pasiones-en-la-adolescencia\/#primaryimage","url":"https:\/\/forumpsicoanaliticbarcelona.com\/wp-content\/uploads\/2022\/01\/rhipna26marzo.png","contentUrl":"https:\/\/forumpsicoanaliticbarcelona.com\/wp-content\/uploads\/2022\/01\/rhipna26marzo.png","width":1020,"height":1020,"caption":"rhipna26marzo"},{"@type":"BreadcrumbList","@id":"https:\/\/forumpsicoanaliticbarcelona.com\/es\/las-pasiones-en-la-adolescencia\/#breadcrumb","itemListElement":[{"@type":"ListItem","position":1,"name":"Portada","item":"https:\/\/forumpsicoanaliticbarcelona.com\/es\/"},{"@type":"ListItem","position":2,"name":"Las pasiones en la adolescencia"}]},{"@type":"WebSite","@id":"https:\/\/forumpsicoanaliticbarcelona.com\/es\/#website","url":"https:\/\/forumpsicoanaliticbarcelona.com\/es\/","name":"F\u00f2rum Psicoanal\u00edtic Barcelona","description":"Associaci\u00f3 dedicada a l&#039;estudi, transmissi\u00f3 i desenvolupament de la Psicoan\u00e0lisi - Esdeveniments","publisher":{"@id":"https:\/\/forumpsicoanaliticbarcelona.com\/es\/#organization"},"potentialAction":[{"@type":"SearchAction","target":{"@type":"EntryPoint","urlTemplate":"https:\/\/forumpsicoanaliticbarcelona.com\/es\/?s={search_term_string}"},"query-input":{"@type":"PropertyValueSpecification","valueRequired":true,"valueName":"search_term_string"}}],"inLanguage":"es"},{"@type":"Organization","@id":"https:\/\/forumpsicoanaliticbarcelona.com\/es\/#organization","name":"F\u00f2rum Psicoanal\u00edtic Barcelona","alternateName":"FPB","url":"https:\/\/forumpsicoanaliticbarcelona.com\/es\/","logo":{"@type":"ImageObject","inLanguage":"es","@id":"https:\/\/forumpsicoanaliticbarcelona.com\/es\/#\/schema\/logo\/image\/","url":"https:\/\/forumpsicoanaliticbarcelona.com\/wp-content\/uploads\/2020\/05\/FPB_logo.png","contentUrl":"https:\/\/forumpsicoanaliticbarcelona.com\/wp-content\/uploads\/2020\/05\/FPB_logo.png","width":400,"height":184,"caption":"F\u00f2rum Psicoanal\u00edtic Barcelona"},"image":{"@id":"https:\/\/forumpsicoanaliticbarcelona.com\/es\/#\/schema\/logo\/image\/"},"sameAs":["https:\/\/www.facebook.com\/forumpsicoanaliticbarcelona\/","https:\/\/www.instagram.com\/forumpsicoanalitic\/"]},{"@type":"Person","@id":"https:\/\/forumpsicoanaliticbarcelona.com\/es\/#\/schema\/person\/98c7eb87d720f9d38844fa66887ac616","name":"admin-fpb","image":{"@type":"ImageObject","inLanguage":"es","@id":"https:\/\/secure.gravatar.com\/avatar\/83ab03c23a4a141c515cd2d17f5b3551a9c4f1066602ea60ed8ce52554092ada?s=96&d=mm&r=g","url":"https:\/\/secure.gravatar.com\/avatar\/83ab03c23a4a141c515cd2d17f5b3551a9c4f1066602ea60ed8ce52554092ada?s=96&d=mm&r=g","contentUrl":"https:\/\/secure.gravatar.com\/avatar\/83ab03c23a4a141c515cd2d17f5b3551a9c4f1066602ea60ed8ce52554092ada?s=96&d=mm&r=g","caption":"admin-fpb"},"url":"https:\/\/forumpsicoanaliticbarcelona.com\/es\/author\/admin-fpb\/"}]}},"_links":{"self":[{"href":"https:\/\/forumpsicoanaliticbarcelona.com\/es\/wp-json\/wp\/v2\/posts\/3923","targetHints":{"allow":["GET"]}}],"collection":[{"href":"https:\/\/forumpsicoanaliticbarcelona.com\/es\/wp-json\/wp\/v2\/posts"}],"about":[{"href":"https:\/\/forumpsicoanaliticbarcelona.com\/es\/wp-json\/wp\/v2\/types\/post"}],"author":[{"embeddable":true,"href":"https:\/\/forumpsicoanaliticbarcelona.com\/es\/wp-json\/wp\/v2\/users\/1"}],"replies":[{"embeddable":true,"href":"https:\/\/forumpsicoanaliticbarcelona.com\/es\/wp-json\/wp\/v2\/comments?post=3923"}],"version-history":[{"count":10,"href":"https:\/\/forumpsicoanaliticbarcelona.com\/es\/wp-json\/wp\/v2\/posts\/3923\/revisions"}],"predecessor-version":[{"id":3939,"href":"https:\/\/forumpsicoanaliticbarcelona.com\/es\/wp-json\/wp\/v2\/posts\/3923\/revisions\/3939"}],"wp:featuredmedia":[{"embeddable":true,"href":"https:\/\/forumpsicoanaliticbarcelona.com\/es\/wp-json\/wp\/v2\/media\/3924"}],"wp:attachment":[{"href":"https:\/\/forumpsicoanaliticbarcelona.com\/es\/wp-json\/wp\/v2\/media?parent=3923"}],"wp:term":[{"taxonomy":"category","embeddable":true,"href":"https:\/\/forumpsicoanaliticbarcelona.com\/es\/wp-json\/wp\/v2\/categories?post=3923"},{"taxonomy":"post_tag","embeddable":true,"href":"https:\/\/forumpsicoanaliticbarcelona.com\/es\/wp-json\/wp\/v2\/tags?post=3923"}],"curies":[{"name":"wp","href":"https:\/\/api.w.org\/{rel}","templated":true}]}}