{"id":3093,"date":"2021-08-14T19:02:55","date_gmt":"2021-08-14T19:02:55","guid":{"rendered":"https:\/\/forumpsicoanaliticbarcelona.com\/?p=3093"},"modified":"2021-09-24T14:47:21","modified_gmt":"2021-09-24T14:47:21","slug":"espacio-escuela-octubre-noviembre-y-diciembre-2021","status":"publish","type":"post","link":"https:\/\/forumpsicoanaliticbarcelona.com\/es\/espacio-escuela-octubre-noviembre-y-diciembre-2021\/","title":{"rendered":"Espacio Escuela > octubre, noviembre y diciembre 2021"},"content":{"rendered":"\t\t<div data-elementor-type=\"wp-post\" data-elementor-id=\"3093\" class=\"elementor elementor-3093\">\n\t\t\t\t\t\t<section class=\"elementor-section elementor-top-section elementor-element elementor-element-8f78a51 elementor-section-boxed elementor-section-height-default elementor-section-height-default\" data-id=\"8f78a51\" data-element_type=\"section\">\n\t\t\t\t\t\t<div class=\"elementor-container elementor-column-gap-default\">\n\t\t\t\t\t<div class=\"elementor-column elementor-col-100 elementor-top-column elementor-element elementor-element-a3af3be\" data-id=\"a3af3be\" data-element_type=\"column\">\n\t\t\t<div class=\"elementor-widget-wrap elementor-element-populated\">\n\t\t\t\t\t\t<div class=\"elementor-element elementor-element-440b9cd elementor-widget elementor-widget-text-editor\" data-id=\"440b9cd\" data-element_type=\"widget\" data-widget_type=\"text-editor.default\">\n\t\t\t\t<div class=\"elementor-widget-container\">\n\t\t\t\t\t\t\t\t\t<p>En un momento en que la palabra como moneda corriente ha perdido su peso y su poder, la palabra en an\u00e1lisis permite dignificar e humanizar al sujeto en su relaci\u00f3n al goce. \u00bfCu\u00e1l es su especificidad en el an\u00e1lisis? El recorrido que Lacan traza a trav\u00e9s de ella va de la palabra vac\u00eda-palabra plena a los l\u00edmites que en s\u00ed misma conlleva: palabra, lenguaje, lalengua. s efectos de lalengua son testimonio del inconsciente real y constituyen el n\u00facleo de goce del s\u00edntoma. \u00bfC\u00f3mo saber hacer con este \u201cmaravilloso y cruel invento de lo humano\u201d, en palabras del poeta?\u00a0<\/p>\t\t\t\t\t\t\t\t<\/div>\n\t\t\t\t<\/div>\n\t\t\t\t\t<\/div>\n\t\t<\/div>\n\t\t\t\t\t<\/div>\n\t\t<\/section>\n\t\t\t\t<section class=\"elementor-section elementor-top-section elementor-element elementor-element-d520f66 elementor-section-boxed elementor-section-height-default elementor-section-height-default\" data-id=\"d520f66\" data-element_type=\"section\">\n\t\t\t\t\t\t<div class=\"elementor-container elementor-column-gap-default\">\n\t\t\t\t\t<div class=\"elementor-column elementor-col-100 elementor-top-column elementor-element elementor-element-0ee00f3\" data-id=\"0ee00f3\" data-element_type=\"column\">\n\t\t\t<div class=\"elementor-widget-wrap elementor-element-populated\">\n\t\t\t\t\t\t<div class=\"elementor-element elementor-element-87e434b elementor-widget elementor-widget-image\" data-id=\"87e434b\" data-element_type=\"widget\" data-widget_type=\"image.default\">\n\t\t\t\t<div class=\"elementor-widget-container\">\n\t\t\t\t\t\t\t\t\t\t\t\t\t\t\t\t<a href=\"https:\/\/www.facebook.com\/events\/4163733820377911\/?ref=newsfeed\" target=\"_blank\">\n\t\t\t\t\t\t\t<img fetchpriority=\"high\" decoding=\"async\" width=\"1024\" height=\"1024\" src=\"https:\/\/forumpsicoanaliticbarcelona.com\/wp-content\/uploads\/2021\/08\/ee-octnovdic_ig-1024x1024.png\" class=\"attachment-large size-large wp-image-3202\" alt=\"ee-octnovdic\" srcset=\"https:\/\/forumpsicoanaliticbarcelona.com\/wp-content\/uploads\/2021\/08\/ee-octnovdic_ig-1024x1024.png 1024w, https:\/\/forumpsicoanaliticbarcelona.com\/wp-content\/uploads\/2021\/08\/ee-octnovdic_ig-300x300.png 300w, https:\/\/forumpsicoanaliticbarcelona.com\/wp-content\/uploads\/2021\/08\/ee-octnovdic_ig-150x150.png 150w, https:\/\/forumpsicoanaliticbarcelona.com\/wp-content\/uploads\/2021\/08\/ee-octnovdic_ig-768x768.png 768w, https:\/\/forumpsicoanaliticbarcelona.com\/wp-content\/uploads\/2021\/08\/ee-octnovdic_ig-100x100.png 100w, https:\/\/forumpsicoanaliticbarcelona.com\/wp-content\/uploads\/2021\/08\/ee-octnovdic_ig-250x250.png 250w, https:\/\/forumpsicoanaliticbarcelona.com\/wp-content\/uploads\/2021\/08\/ee-octnovdic_ig.png 1080w\" sizes=\"(max-width: 1024px) 100vw, 1024px\" \/>\t\t\t\t\t\t\t\t<\/a>\n\t\t\t\t\t\t\t\t\t\t\t\t\t\t\t<\/div>\n\t\t\t\t<\/div>\n\t\t\t\t\t<\/div>\n\t\t<\/div>\n\t\t\t\t\t<\/div>\n\t\t<\/section>\n\t\t\t\t<\/div>\n\t\t","protected":false},"excerpt":{"rendered":"<div class=\"tmnf_excerpt\"><p>La palabra es la experiencia anal\u00edtica. Desaf\u00edos actuales: 15OCT, 12NOV, 17DIC 2021<\/p>\n<\/div>","protected":false},"author":1,"featured_media":3199,"comment_status":"open","ping_status":"open","sticky":false,"template":"","format":"standard","meta":{"footnotes":""},"categories":[27],"tags":[],"class_list":["post-3093","post","type-post","status-publish","format-standard","has-post-thumbnail","hentry","category-activitats-espai-escola"],"yoast_head":"<!-- This site is optimized with the Yoast SEO plugin v28.2 - https:\/\/yoast.com\/product\/yoast-seo-wordpress\/ -->\n<title>Espacio Escuela &gt; octubre, noviembre y diciembre 2021 - F\u00f2rum Psicoanal\u00edtic Barcelona<\/title>\n<meta name=\"robots\" content=\"index, follow, max-snippet:-1, max-image-preview:large, max-video-preview:-1\" \/>\n<link rel=\"canonical\" href=\"https:\/\/forumpsicoanaliticbarcelona.com\/es\/espacio-escuela-octubre-noviembre-y-diciembre-2021\/\" \/>\n<meta property=\"og:locale\" content=\"es_ES\" \/>\n<meta property=\"og:type\" content=\"article\" \/>\n<meta property=\"og:title\" content=\"Espacio Escuela &gt; octubre, noviembre y diciembre 2021 - F\u00f2rum Psicoanal\u00edtic Barcelona\" \/>\n<meta property=\"og:description\" content=\"La palabra es la experiencia anal\u00edtica. Desaf\u00edos actuales: 15OCT, 12NOV, 17DIC 2021\" \/>\n<meta property=\"og:url\" content=\"https:\/\/forumpsicoanaliticbarcelona.com\/es\/espacio-escuela-octubre-noviembre-y-diciembre-2021\/\" \/>\n<meta property=\"og:site_name\" content=\"F\u00f2rum Psicoanal\u00edtic Barcelona\" \/>\n<meta property=\"article:publisher\" content=\"https:\/\/www.facebook.com\/forumpsicoanaliticbarcelona\/\" \/>\n<meta property=\"article:published_time\" content=\"2021-08-14T19:02:55+00:00\" \/>\n<meta property=\"article:modified_time\" content=\"2021-09-24T14:47:21+00:00\" \/>\n<meta property=\"og:image\" content=\"https:\/\/forumpsicoanaliticbarcelona.com\/wp-content\/uploads\/2021\/08\/eeoctnovdic_MINI.png\" \/>\n\t<meta property=\"og:image:width\" content=\"1020\" \/>\n\t<meta property=\"og:image:height\" content=\"1020\" \/>\n\t<meta property=\"og:image:type\" content=\"image\/png\" \/>\n<meta name=\"author\" content=\"admin-fpb\" \/>\n<meta name=\"twitter:card\" content=\"summary_large_image\" \/>\n<meta name=\"twitter:label1\" content=\"Escrito por\" \/>\n\t<meta name=\"twitter:data1\" content=\"admin-fpb\" \/>\n\t<meta name=\"twitter:label2\" content=\"Tiempo de lectura\" \/>\n\t<meta name=\"twitter:data2\" content=\"1 minuto\" \/>\n<script type=\"application\/ld+json\" class=\"yoast-schema-graph\">{\"@context\":\"https:\\\/\\\/schema.org\",\"@graph\":[{\"@type\":\"Article\",\"@id\":\"https:\\\/\\\/forumpsicoanaliticbarcelona.com\\\/es\\\/espacio-escuela-octubre-noviembre-y-diciembre-2021\\\/#article\",\"isPartOf\":{\"@id\":\"https:\\\/\\\/forumpsicoanaliticbarcelona.com\\\/es\\\/espacio-escuela-octubre-noviembre-y-diciembre-2021\\\/\"},\"author\":{\"name\":\"admin-fpb\",\"@id\":\"https:\\\/\\\/forumpsicoanaliticbarcelona.com\\\/es\\\/#\\\/schema\\\/person\\\/98c7eb87d720f9d38844fa66887ac616\"},\"headline\":\"Espacio Escuela > octubre, noviembre y diciembre 2021\",\"datePublished\":\"2021-08-14T19:02:55+00:00\",\"dateModified\":\"2021-09-24T14:47:21+00:00\",\"mainEntityOfPage\":{\"@id\":\"https:\\\/\\\/forumpsicoanaliticbarcelona.com\\\/es\\\/espacio-escuela-octubre-noviembre-y-diciembre-2021\\\/\"},\"wordCount\":114,\"commentCount\":0,\"publisher\":{\"@id\":\"https:\\\/\\\/forumpsicoanaliticbarcelona.com\\\/es\\\/#organization\"},\"image\":{\"@id\":\"https:\\\/\\\/forumpsicoanaliticbarcelona.com\\\/es\\\/espacio-escuela-octubre-noviembre-y-diciembre-2021\\\/#primaryimage\"},\"thumbnailUrl\":\"https:\\\/\\\/forumpsicoanaliticbarcelona.com\\\/wp-content\\\/uploads\\\/2021\\\/08\\\/eeoctnovdic_MINI.png\",\"articleSection\":[\"Activitats Espai Escola\"],\"inLanguage\":\"es\",\"potentialAction\":[{\"@type\":\"CommentAction\",\"name\":\"Comment\",\"target\":[\"https:\\\/\\\/forumpsicoanaliticbarcelona.com\\\/es\\\/espacio-escuela-octubre-noviembre-y-diciembre-2021\\\/#respond\"]}]},{\"@type\":\"WebPage\",\"@id\":\"https:\\\/\\\/forumpsicoanaliticbarcelona.com\\\/es\\\/espacio-escuela-octubre-noviembre-y-diciembre-2021\\\/\",\"url\":\"https:\\\/\\\/forumpsicoanaliticbarcelona.com\\\/es\\\/espacio-escuela-octubre-noviembre-y-diciembre-2021\\\/\",\"name\":\"Espacio Escuela > octubre, noviembre y diciembre 2021 - F\u00f2rum Psicoanal\u00edtic Barcelona\",\"isPartOf\":{\"@id\":\"https:\\\/\\\/forumpsicoanaliticbarcelona.com\\\/es\\\/#website\"},\"primaryImageOfPage\":{\"@id\":\"https:\\\/\\\/forumpsicoanaliticbarcelona.com\\\/es\\\/espacio-escuela-octubre-noviembre-y-diciembre-2021\\\/#primaryimage\"},\"image\":{\"@id\":\"https:\\\/\\\/forumpsicoanaliticbarcelona.com\\\/es\\\/espacio-escuela-octubre-noviembre-y-diciembre-2021\\\/#primaryimage\"},\"thumbnailUrl\":\"https:\\\/\\\/forumpsicoanaliticbarcelona.com\\\/wp-content\\\/uploads\\\/2021\\\/08\\\/eeoctnovdic_MINI.png\",\"datePublished\":\"2021-08-14T19:02:55+00:00\",\"dateModified\":\"2021-09-24T14:47:21+00:00\",\"breadcrumb\":{\"@id\":\"https:\\\/\\\/forumpsicoanaliticbarcelona.com\\\/es\\\/espacio-escuela-octubre-noviembre-y-diciembre-2021\\\/#breadcrumb\"},\"inLanguage\":\"es\",\"potentialAction\":[{\"@type\":\"ReadAction\",\"target\":[\"https:\\\/\\\/forumpsicoanaliticbarcelona.com\\\/es\\\/espacio-escuela-octubre-noviembre-y-diciembre-2021\\\/\"]}]},{\"@type\":\"ImageObject\",\"inLanguage\":\"es\",\"@id\":\"https:\\\/\\\/forumpsicoanaliticbarcelona.com\\\/es\\\/espacio-escuela-octubre-noviembre-y-diciembre-2021\\\/#primaryimage\",\"url\":\"https:\\\/\\\/forumpsicoanaliticbarcelona.com\\\/wp-content\\\/uploads\\\/2021\\\/08\\\/eeoctnovdic_MINI.png\",\"contentUrl\":\"https:\\\/\\\/forumpsicoanaliticbarcelona.com\\\/wp-content\\\/uploads\\\/2021\\\/08\\\/eeoctnovdic_MINI.png\",\"width\":1020,\"height\":1020},{\"@type\":\"BreadcrumbList\",\"@id\":\"https:\\\/\\\/forumpsicoanaliticbarcelona.com\\\/es\\\/espacio-escuela-octubre-noviembre-y-diciembre-2021\\\/#breadcrumb\",\"itemListElement\":[{\"@type\":\"ListItem\",\"position\":1,\"name\":\"Portada\",\"item\":\"https:\\\/\\\/forumpsicoanaliticbarcelona.com\\\/es\\\/\"},{\"@type\":\"ListItem\",\"position\":2,\"name\":\"Espacio Escuela > octubre, noviembre y diciembre 2021\"}]},{\"@type\":\"WebSite\",\"@id\":\"https:\\\/\\\/forumpsicoanaliticbarcelona.com\\\/es\\\/#website\",\"url\":\"https:\\\/\\\/forumpsicoanaliticbarcelona.com\\\/es\\\/\",\"name\":\"F\u00f2rum Psicoanal\u00edtic Barcelona\",\"description\":\"Associaci\u00f3 dedicada a l&#039;estudi, transmissi\u00f3 i desenvolupament de la Psicoan\u00e0lisi - Esdeveniments\",\"publisher\":{\"@id\":\"https:\\\/\\\/forumpsicoanaliticbarcelona.com\\\/es\\\/#organization\"},\"potentialAction\":[{\"@type\":\"SearchAction\",\"target\":{\"@type\":\"EntryPoint\",\"urlTemplate\":\"https:\\\/\\\/forumpsicoanaliticbarcelona.com\\\/es\\\/?s={search_term_string}\"},\"query-input\":{\"@type\":\"PropertyValueSpecification\",\"valueRequired\":true,\"valueName\":\"search_term_string\"}}],\"inLanguage\":\"es\"},{\"@type\":\"Organization\",\"@id\":\"https:\\\/\\\/forumpsicoanaliticbarcelona.com\\\/es\\\/#organization\",\"name\":\"F\u00f2rum Psicoanal\u00edtic Barcelona\",\"alternateName\":\"FPB\",\"url\":\"https:\\\/\\\/forumpsicoanaliticbarcelona.com\\\/es\\\/\",\"logo\":{\"@type\":\"ImageObject\",\"inLanguage\":\"es\",\"@id\":\"https:\\\/\\\/forumpsicoanaliticbarcelona.com\\\/es\\\/#\\\/schema\\\/logo\\\/image\\\/\",\"url\":\"https:\\\/\\\/forumpsicoanaliticbarcelona.com\\\/wp-content\\\/uploads\\\/2020\\\/05\\\/FPB_logo.png\",\"contentUrl\":\"https:\\\/\\\/forumpsicoanaliticbarcelona.com\\\/wp-content\\\/uploads\\\/2020\\\/05\\\/FPB_logo.png\",\"width\":400,\"height\":184,\"caption\":\"F\u00f2rum Psicoanal\u00edtic Barcelona\"},\"image\":{\"@id\":\"https:\\\/\\\/forumpsicoanaliticbarcelona.com\\\/es\\\/#\\\/schema\\\/logo\\\/image\\\/\"},\"sameAs\":[\"https:\\\/\\\/www.facebook.com\\\/forumpsicoanaliticbarcelona\\\/\",\"https:\\\/\\\/www.instagram.com\\\/forumpsicoanalitic\\\/\"]},{\"@type\":\"Person\",\"@id\":\"https:\\\/\\\/forumpsicoanaliticbarcelona.com\\\/es\\\/#\\\/schema\\\/person\\\/98c7eb87d720f9d38844fa66887ac616\",\"name\":\"admin-fpb\",\"image\":{\"@type\":\"ImageObject\",\"inLanguage\":\"es\",\"@id\":\"https:\\\/\\\/secure.gravatar.com\\\/avatar\\\/83ab03c23a4a141c515cd2d17f5b3551a9c4f1066602ea60ed8ce52554092ada?s=96&d=mm&r=g\",\"url\":\"https:\\\/\\\/secure.gravatar.com\\\/avatar\\\/83ab03c23a4a141c515cd2d17f5b3551a9c4f1066602ea60ed8ce52554092ada?s=96&d=mm&r=g\",\"contentUrl\":\"https:\\\/\\\/secure.gravatar.com\\\/avatar\\\/83ab03c23a4a141c515cd2d17f5b3551a9c4f1066602ea60ed8ce52554092ada?s=96&d=mm&r=g\",\"caption\":\"admin-fpb\"},\"url\":\"https:\\\/\\\/forumpsicoanaliticbarcelona.com\\\/es\\\/author\\\/admin-fpb\\\/\"}]}<\/script>\n<!-- \/ Yoast SEO plugin. -->","yoast_head_json":{"title":"Espacio Escuela > octubre, noviembre y diciembre 2021 - F\u00f2rum Psicoanal\u00edtic Barcelona","robots":{"index":"index","follow":"follow","max-snippet":"max-snippet:-1","max-image-preview":"max-image-preview:large","max-video-preview":"max-video-preview:-1"},"canonical":"https:\/\/forumpsicoanaliticbarcelona.com\/es\/espacio-escuela-octubre-noviembre-y-diciembre-2021\/","og_locale":"es_ES","og_type":"article","og_title":"Espacio Escuela > octubre, noviembre y diciembre 2021 - F\u00f2rum Psicoanal\u00edtic Barcelona","og_description":"La palabra es la experiencia anal\u00edtica. Desaf\u00edos actuales: 15OCT, 12NOV, 17DIC 2021","og_url":"https:\/\/forumpsicoanaliticbarcelona.com\/es\/espacio-escuela-octubre-noviembre-y-diciembre-2021\/","og_site_name":"F\u00f2rum Psicoanal\u00edtic Barcelona","article_publisher":"https:\/\/www.facebook.com\/forumpsicoanaliticbarcelona\/","article_published_time":"2021-08-14T19:02:55+00:00","article_modified_time":"2021-09-24T14:47:21+00:00","og_image":[{"width":1020,"height":1020,"url":"https:\/\/forumpsicoanaliticbarcelona.com\/wp-content\/uploads\/2021\/08\/eeoctnovdic_MINI.png","type":"image\/png"}],"author":"admin-fpb","twitter_card":"summary_large_image","twitter_misc":{"Escrito por":"admin-fpb","Tiempo de lectura":"1 minuto"},"schema":{"@context":"https:\/\/schema.org","@graph":[{"@type":"Article","@id":"https:\/\/forumpsicoanaliticbarcelona.com\/es\/espacio-escuela-octubre-noviembre-y-diciembre-2021\/#article","isPartOf":{"@id":"https:\/\/forumpsicoanaliticbarcelona.com\/es\/espacio-escuela-octubre-noviembre-y-diciembre-2021\/"},"author":{"name":"admin-fpb","@id":"https:\/\/forumpsicoanaliticbarcelona.com\/es\/#\/schema\/person\/98c7eb87d720f9d38844fa66887ac616"},"headline":"Espacio Escuela > octubre, noviembre y diciembre 2021","datePublished":"2021-08-14T19:02:55+00:00","dateModified":"2021-09-24T14:47:21+00:00","mainEntityOfPage":{"@id":"https:\/\/forumpsicoanaliticbarcelona.com\/es\/espacio-escuela-octubre-noviembre-y-diciembre-2021\/"},"wordCount":114,"commentCount":0,"publisher":{"@id":"https:\/\/forumpsicoanaliticbarcelona.com\/es\/#organization"},"image":{"@id":"https:\/\/forumpsicoanaliticbarcelona.com\/es\/espacio-escuela-octubre-noviembre-y-diciembre-2021\/#primaryimage"},"thumbnailUrl":"https:\/\/forumpsicoanaliticbarcelona.com\/wp-content\/uploads\/2021\/08\/eeoctnovdic_MINI.png","articleSection":["Activitats Espai Escola"],"inLanguage":"es","potentialAction":[{"@type":"CommentAction","name":"Comment","target":["https:\/\/forumpsicoanaliticbarcelona.com\/es\/espacio-escuela-octubre-noviembre-y-diciembre-2021\/#respond"]}]},{"@type":"WebPage","@id":"https:\/\/forumpsicoanaliticbarcelona.com\/es\/espacio-escuela-octubre-noviembre-y-diciembre-2021\/","url":"https:\/\/forumpsicoanaliticbarcelona.com\/es\/espacio-escuela-octubre-noviembre-y-diciembre-2021\/","name":"Espacio Escuela > octubre, noviembre y diciembre 2021 - F\u00f2rum Psicoanal\u00edtic Barcelona","isPartOf":{"@id":"https:\/\/forumpsicoanaliticbarcelona.com\/es\/#website"},"primaryImageOfPage":{"@id":"https:\/\/forumpsicoanaliticbarcelona.com\/es\/espacio-escuela-octubre-noviembre-y-diciembre-2021\/#primaryimage"},"image":{"@id":"https:\/\/forumpsicoanaliticbarcelona.com\/es\/espacio-escuela-octubre-noviembre-y-diciembre-2021\/#primaryimage"},"thumbnailUrl":"https:\/\/forumpsicoanaliticbarcelona.com\/wp-content\/uploads\/2021\/08\/eeoctnovdic_MINI.png","datePublished":"2021-08-14T19:02:55+00:00","dateModified":"2021-09-24T14:47:21+00:00","breadcrumb":{"@id":"https:\/\/forumpsicoanaliticbarcelona.com\/es\/espacio-escuela-octubre-noviembre-y-diciembre-2021\/#breadcrumb"},"inLanguage":"es","potentialAction":[{"@type":"ReadAction","target":["https:\/\/forumpsicoanaliticbarcelona.com\/es\/espacio-escuela-octubre-noviembre-y-diciembre-2021\/"]}]},{"@type":"ImageObject","inLanguage":"es","@id":"https:\/\/forumpsicoanaliticbarcelona.com\/es\/espacio-escuela-octubre-noviembre-y-diciembre-2021\/#primaryimage","url":"https:\/\/forumpsicoanaliticbarcelona.com\/wp-content\/uploads\/2021\/08\/eeoctnovdic_MINI.png","contentUrl":"https:\/\/forumpsicoanaliticbarcelona.com\/wp-content\/uploads\/2021\/08\/eeoctnovdic_MINI.png","width":1020,"height":1020},{"@type":"BreadcrumbList","@id":"https:\/\/forumpsicoanaliticbarcelona.com\/es\/espacio-escuela-octubre-noviembre-y-diciembre-2021\/#breadcrumb","itemListElement":[{"@type":"ListItem","position":1,"name":"Portada","item":"https:\/\/forumpsicoanaliticbarcelona.com\/es\/"},{"@type":"ListItem","position":2,"name":"Espacio Escuela > octubre, noviembre y diciembre 2021"}]},{"@type":"WebSite","@id":"https:\/\/forumpsicoanaliticbarcelona.com\/es\/#website","url":"https:\/\/forumpsicoanaliticbarcelona.com\/es\/","name":"F\u00f2rum Psicoanal\u00edtic Barcelona","description":"Associaci\u00f3 dedicada a l&#039;estudi, transmissi\u00f3 i desenvolupament de la Psicoan\u00e0lisi - Esdeveniments","publisher":{"@id":"https:\/\/forumpsicoanaliticbarcelona.com\/es\/#organization"},"potentialAction":[{"@type":"SearchAction","target":{"@type":"EntryPoint","urlTemplate":"https:\/\/forumpsicoanaliticbarcelona.com\/es\/?s={search_term_string}"},"query-input":{"@type":"PropertyValueSpecification","valueRequired":true,"valueName":"search_term_string"}}],"inLanguage":"es"},{"@type":"Organization","@id":"https:\/\/forumpsicoanaliticbarcelona.com\/es\/#organization","name":"F\u00f2rum Psicoanal\u00edtic Barcelona","alternateName":"FPB","url":"https:\/\/forumpsicoanaliticbarcelona.com\/es\/","logo":{"@type":"ImageObject","inLanguage":"es","@id":"https:\/\/forumpsicoanaliticbarcelona.com\/es\/#\/schema\/logo\/image\/","url":"https:\/\/forumpsicoanaliticbarcelona.com\/wp-content\/uploads\/2020\/05\/FPB_logo.png","contentUrl":"https:\/\/forumpsicoanaliticbarcelona.com\/wp-content\/uploads\/2020\/05\/FPB_logo.png","width":400,"height":184,"caption":"F\u00f2rum Psicoanal\u00edtic Barcelona"},"image":{"@id":"https:\/\/forumpsicoanaliticbarcelona.com\/es\/#\/schema\/logo\/image\/"},"sameAs":["https:\/\/www.facebook.com\/forumpsicoanaliticbarcelona\/","https:\/\/www.instagram.com\/forumpsicoanalitic\/"]},{"@type":"Person","@id":"https:\/\/forumpsicoanaliticbarcelona.com\/es\/#\/schema\/person\/98c7eb87d720f9d38844fa66887ac616","name":"admin-fpb","image":{"@type":"ImageObject","inLanguage":"es","@id":"https:\/\/secure.gravatar.com\/avatar\/83ab03c23a4a141c515cd2d17f5b3551a9c4f1066602ea60ed8ce52554092ada?s=96&d=mm&r=g","url":"https:\/\/secure.gravatar.com\/avatar\/83ab03c23a4a141c515cd2d17f5b3551a9c4f1066602ea60ed8ce52554092ada?s=96&d=mm&r=g","contentUrl":"https:\/\/secure.gravatar.com\/avatar\/83ab03c23a4a141c515cd2d17f5b3551a9c4f1066602ea60ed8ce52554092ada?s=96&d=mm&r=g","caption":"admin-fpb"},"url":"https:\/\/forumpsicoanaliticbarcelona.com\/es\/author\/admin-fpb\/"}]}},"_links":{"self":[{"href":"https:\/\/forumpsicoanaliticbarcelona.com\/es\/wp-json\/wp\/v2\/posts\/3093","targetHints":{"allow":["GET"]}}],"collection":[{"href":"https:\/\/forumpsicoanaliticbarcelona.com\/es\/wp-json\/wp\/v2\/posts"}],"about":[{"href":"https:\/\/forumpsicoanaliticbarcelona.com\/es\/wp-json\/wp\/v2\/types\/post"}],"author":[{"embeddable":true,"href":"https:\/\/forumpsicoanaliticbarcelona.com\/es\/wp-json\/wp\/v2\/users\/1"}],"replies":[{"embeddable":true,"href":"https:\/\/forumpsicoanaliticbarcelona.com\/es\/wp-json\/wp\/v2\/comments?post=3093"}],"version-history":[{"count":11,"href":"https:\/\/forumpsicoanaliticbarcelona.com\/es\/wp-json\/wp\/v2\/posts\/3093\/revisions"}],"predecessor-version":[{"id":3206,"href":"https:\/\/forumpsicoanaliticbarcelona.com\/es\/wp-json\/wp\/v2\/posts\/3093\/revisions\/3206"}],"wp:featuredmedia":[{"embeddable":true,"href":"https:\/\/forumpsicoanaliticbarcelona.com\/es\/wp-json\/wp\/v2\/media\/3199"}],"wp:attachment":[{"href":"https:\/\/forumpsicoanaliticbarcelona.com\/es\/wp-json\/wp\/v2\/media?parent=3093"}],"wp:term":[{"taxonomy":"category","embeddable":true,"href":"https:\/\/forumpsicoanaliticbarcelona.com\/es\/wp-json\/wp\/v2\/categories?post=3093"},{"taxonomy":"post_tag","embeddable":true,"href":"https:\/\/forumpsicoanaliticbarcelona.com\/es\/wp-json\/wp\/v2\/tags?post=3093"}],"curies":[{"name":"wp","href":"https:\/\/api.w.org\/{rel}","templated":true}]}}