{"id":3014,"date":"2021-07-15T09:00:12","date_gmt":"2021-07-15T09:00:12","guid":{"rendered":"https:\/\/forumpsicoanaliticbarcelona.com\/?p=3014"},"modified":"2021-07-16T11:26:16","modified_gmt":"2021-07-16T11:26:16","slug":"comunicat-marato-tv3","status":"publish","type":"post","link":"https:\/\/forumpsicoanaliticbarcelona.com\/es\/comunicat-marato-tv3\/","title":{"rendered":"Comunicat per a la difusi\u00f3 de la marat\u00f3 de TV3 per avan\u00e7ar en la salut mental comunit\u00e0ria i superar reduccionismes en salut"},"content":{"rendered":"\t\t<div data-elementor-type=\"wp-post\" data-elementor-id=\"3014\" class=\"elementor elementor-3014\">\n\t\t\t\t\t\t<section class=\"elementor-section elementor-top-section elementor-element elementor-element-1114c60 elementor-section-boxed elementor-section-height-default elementor-section-height-default\" data-id=\"1114c60\" data-element_type=\"section\">\n\t\t\t\t\t\t<div class=\"elementor-container elementor-column-gap-default\">\n\t\t\t\t\t<div class=\"elementor-column elementor-col-100 elementor-top-column elementor-element elementor-element-b19babf\" data-id=\"b19babf\" data-element_type=\"column\">\n\t\t\t<div class=\"elementor-widget-wrap elementor-element-populated\">\n\t\t\t\t\t\t<div class=\"elementor-element elementor-element-e383308 elementor-widget elementor-widget-text-editor\" data-id=\"e383308\" data-element_type=\"widget\" data-widget_type=\"text-editor.default\">\n\t\t\t\t<div class=\"elementor-widget-container\">\n\t\t\t\t\t\t\t\t\t<p>ACPSM-AEN Catalunya (Associaci\u00f3 Catalana de Professionals de la Salut Mental), SMC Salut Mental Catalunya, Federaci\u00f3 VEUS, Associaci\u00f3 Activament, R\u00e0dio Nik\u00f2sia, Associaci\u00f3 Daruma, Departament de Psicologia Social (UAB), CERSIN (Centre d\u2019Estudis i Recerca per a una Societat inclusiva-UAB), SPL (Servei Psicologia i Logop\u00e8dia-UAB), SGR-Grup de recerca\u00a0 Interacci\u00f3 i persona (UAB), ACPS (Associaci\u00f3 Catalana per la Prevenci\u00f3 del Su\u00efcidi), DSAS (Despr\u00e9s del su\u00efcidi Associaci\u00f3 de Supervivents), Grup recerca\u00a0 LIS-UAB, Grup de recerca\u00a0 FIN-UAB, Col\u00b7legi de Treball Social de Catalunya, Col\u00b7legi Oficial\u00a0 d\u2019infermeres i infermers de Barcelona, Col\u00b7legi d\u2019Educadores i Educadors Socials de Catalunya, Col\u00b7legi de\u00a0 Terapeutes Ocupacionals de Catalunya, ACAPIR (Associaci\u00f3 Catalana de Psic\u00f2legs Cl\u00ednics i Residents), ASCISAM\u00a0 (Associaci\u00f3 Catalana d\u2019Infermeria en Salut Mental, La Cap\u00e7alera, SCBPGS (Societat\u00a0 Catalano-Balear de Psicologia General Sanit\u00e0ria), FOCAP (F\u00f2rum Catal\u00e0 d\u2019Atenci\u00f3 Prim\u00e0ria), SEP (Sociedad Espa\u00f1ola de Psicoan\u00e1lisis), ECPNA (Escuela de Cl\u00ednica Psicoanal\u00edtica con ni\u00f1os y adolescentes), IPSI (Centre d\u2019atenci\u00f3 doc\u00e8ncia i investigaci\u00f3 en Salut Mental, IPSI (Formaci\u00f3 Psicoanal\u00edtica), ACCEP (Associaci\u00f3 Catalana per a la Cl\u00ednica i l\u2019Ensenyament de la Psicoan\u00e0lisi), FPB (F\u00f2rum Psicoanal\u00edtic de Barcelona), Fundaci\u00f3 els Tres Turons, ACPP (Associaci\u00f3 Catalana de Psicoter\u00e0pia Psicoanal\u00edtica), BCN Salut Mental, Taula de salut Mental i Addiccions del Vall\u00e8s Nord i Baix Montseny<br \/>BARCELONA, 17 de juny del 2021<\/p><p>La pr\u00f2xima edici\u00f3 de la Marat\u00f3 de TV3, el desembre de 2021 es dedica a la salut mental i han comen\u00e7at les primeres not\u00edcies al respecte. Celebrem la decisi\u00f3 de l&#8217;elecci\u00f3 d\u2019aquesta tem\u00e0tica, donada la rellev\u00e0ncia de la salut mental en la nostra societat i, especialment en aquest moment, en qu\u00e8 estem convivint amb la<br \/>crisi generada per la \u201csind\u00e8mia\u201d pel COVID-19.<br \/>Hem observat que, en l&#8217;enfocament period\u00edstic i cient\u00edfic que adopta TV3 hi ha, de forma subjacent, un concepte de salut mental de tipus biom\u00e8dic. Aquest model es fonamenta, b\u00e0sicament, en la consideraci\u00f3 que l\u2019origen dels trastorns mentals est\u00e0 en els desequilibris qu\u00edmics del cervell i, en conseq\u00fc\u00e8ncia, la recerca i els tractaments que proposa per a la seva soluci\u00f3 s\u00f3n de tipus biol\u00f2gic i farmacol\u00f2gic. No obstant aix\u00f2, la teoria dels desequilibris qu\u00edmics no \u00e9s sostinguda per bona part de la investigaci\u00f3 actual. Aquest \u00e9s un model\u00a0<sup>1 2 3 4 5<\/sup> reduccionista quant a factors causants del malestar en salut mental, que comporta la medicalitzaci\u00f3 del malestar i patiment ps\u00edquic i que, a m\u00e9s a m\u00e9s, repercuteix en un alt cost econ\u00f2mic per al sistema sanitari.<br \/>Els\/les sotasignats no\u00a0 compartim aquesta\u00a0 conceptualitzaci\u00f3 restrictiva de la Salut Mental perqu\u00e8 considerem que els processos de salut i malaltia, igual que el desenvolupament hum\u00e0, sols poden ser entesos des d\u2019una concepci\u00f3 biopsicosocial. Una perspectiva orientadora es la de Benedetto Sarraceno<sup>6<\/sup>, autor de refer\u00e8ncia internacional que defensa experi\u00e8ncies innovadores cr\u00edtiques amb el model biom\u00e8dic.<br \/>Altres informes d\u2019experts tant a nivell nacional com\u00a0 internacional, recomanen que les pol\u00edtiques p\u00fabliques en salut mental es fonamentin en abordatges integrals i en la\u00a0 valoraci\u00f3 hol\u00edstica de la persona, que engloba aspectes ps\u00edquics, relacionals i socials, a m\u00e9s dels biol\u00f2gics.<sup>7 8 9 10<\/sup><\/p><p>L\u2019evid\u00e8ncia cient\u00edfica al nostre pa\u00eds inclou aportacions que basen la recerca en salut mental en la concepci\u00f3 biopsicosocial. Aquesta recerca sobre el\u00a0 malestar ps\u00edquic t\u00e9 en compte la biologia i la psicologia, per\u00f2 fa \u00e8mfasi en la vessant relacional i social de l\u2019\u00e9sser hum\u00e0, malgrat que sigui m\u00e9s complexa. La recerca amb metodologia\u00a0 qualitativa, pr\u00f2pia de les\u00a0 ci\u00e8ncies socials, tamb\u00e9 ofereix la<br \/>possibilitat d\u2019aprofundir en els determinants socials que estan estretament lligats al patiment emocional.<br \/>Des de la pr\u00f2pia Marat\u00f3 de TV3 s&#8217;han desenvolupat projectes de recerca<sup>11\u00a0<\/sup>que buscaven comprendre els trastorns mentals amb una mirada que integra la diversitat de factors que contribueixen a protegir, desenvolupar i posar en risc la salut mental de les persones. D\u2019altra banda, tamb\u00e9 disposem de professionals experts en procediments metodol\u00f2gics i estad\u00edstics per investigar sobre psicoter\u00e0pia que compta amb l\u2019inter\u00e8s dels professionals de la Xarxa de Salut Mental i Addiccions de Catalunya.<sup>12<\/sup><\/p><p>A nivell internacional, s\u00f3n nombrosos els estudis i l\u00ednies de recerca que estan treballant en aquesta direcci\u00f3.<sup>13 14 15 16 17 18\u00a0 19\u00a0<\/sup> Una perspectiva sobre la salut mental que t\u00e9 en compte el paper de l\u2019educaci\u00f3, la migraci\u00f3, la precarietat laboral, la cohesi\u00f3 social d\u2019una determinada\u00a0 comunitat, els esdeveniments traum\u00e0tics o l\u2019estil parental en la inf\u00e0ncia, per posar alguns\u00a0 exemples, en la constituci\u00f3, desenvolupament, modulaci\u00f3 i manteniment dels trastorns mentals.<br \/>Aquesta concepci\u00f3 de la salut mental implica, tamb\u00e9, articular els sabers dels professionals\u00a0organitzats en equips interdisciplinaris<sup>20 21 22<\/sup>\u00a0i aquells que provenen de les persones amb experi\u00e8ncia pr\u00f2pia i la dels seus familiars<sup>23<\/sup>. La seva\u00a0 participaci\u00f3 en el desenvolupament de la salut mental comunit\u00e0ria<sup>24 <\/sup>\u00e9s important per desfer i evitar els estigmes que, encara, acompanyen el patiment mental. Una salut mental que incorpora la veu de les persones ateses i dels seus familiars i evita l\u2019estigma.<br \/>Som molts els professionals de la psiquiatria, psicologia cl\u00ednica, infermeria de salut mental, atenci\u00f3 prim\u00e0ria de salut, treball social, educaci\u00f3 social, ter\u00e0pia ocupacional, docents, auxiliars, integraci\u00f3 social, etc. que compartim un model de Salut Mental Comunit\u00e0ria i ho fem tractant i acompanyant els processos de les persones en els seus entorns de conviv\u00e8ncia. Un model que \u00e9s com\u00fa al moviment social en pro de la salut mental, integrat per les persones amb problemes de salut mental i les seves fam\u00edlies. \u00c9s tamb\u00e9 fonamental la col\u00b7laboraci\u00f3 amb altres sistemes p\u00fablics d\u2019atenci\u00f3 i cures (serveis socials, educaci\u00f3, just\u00edcia, etc.). En definitiva, treballem i defensem la Xarxa P\u00fablica de Salut Mental i Addiccions fonamentada en la protecci\u00f3 dels drets humans i en les bones pr\u00e0ctiques assistencials per assolir el dret de tots i totes a la salut i gaudir d\u2019una ciutadania plena.<br \/>En aquest comunicat DEMANEM que la Marat\u00f3 de TV3 d\u2019enguany incorpori aquesta perspectiva en el tractament period\u00edstic i de la comunicaci\u00f3 sobre la salut mental. Alhora, demanem que els criteris cient\u00edfics de selecci\u00f3 dels projectes de recerca que opten a guanyar un suport econ\u00f2mic incloguin:<\/p><ul><li>Una mirada fonamentada en el model integral de la Salut Mental Comunit\u00e0ria. Una perspectiva que prioritzi la promoci\u00f3 i la prevenci\u00f3 dels trastorns mentals i que ha de ser, necess\u00e0riament, rigorosa, sensible i prudent en conson\u00e0ncia amb el moment complex que afrontem com a societat derivat de la pand\u00e8mia de COVID-19.<\/li><li>Visibilitat de l\u2019efecte que les condicions de vida i els determinants socials tenen sobre la salut, tal com assenyalen els informes de l&#8217;Observatori del Sistema de Salut de Catalunya.<sup>25<\/sup><\/li><li>La prioritzaci\u00f3 de la inf\u00e0ncia, l&#8217;adolesc\u00e8ncia i la joventut, com un dels principals col\u00b7lectius que est\u00e0 patint les conseq\u00fc\u00e8ncies de la crisi de la COVID-19 i que tenen importants efectes persistents i greus en la salut mental al llarg de la vida i, per tant, en el nostre futur com a societat.<\/li><li>La integraci\u00f3 de la veu de les persones amb experi\u00e8ncia pr\u00f2pia en salut mental i les seves fam\u00edlies, defensant els seus drets i evitant pr\u00e0ctiques assistencials coercitives.<\/li><li>La incorporaci\u00f3 de la veu dels professionals des de la diversitat de disciplines que treballem en els serveis p\u00fablics i que desenvolupem recerques aplicades.<br \/>Afegim, per finalitzar, que restem a disposici\u00f3 de la Fundaci\u00f3 de La Marat\u00f3 de TV3 amb l\u2019\u00e0nim de contribuir i assegurar que La Marat\u00f3 de salut mental d\u2019enguany sigui garant dels aven\u00e7os de la ci\u00e8ncia compromesa amb les persones que conviuen amb patiment emocional, amb la ciutadania i amb la societat.<br \/>Restem a la vostra disposici\u00f3 per a qualsevol dubte o aclariment.<\/li><\/ul><p><br \/>Atentament,<br \/>Junta de l\u2019ACPSM-AEN Catalunya<br \/>Associaci\u00f3 Catalana de Professionals de la Salut Mental-AEN Catalunya<br \/>Presidenta: Berna Villarreal<br \/>Federaci\u00f3 Salut Mental Catalunya<br \/>Presidenta: Enriqueta Vidal<br \/>Federaci\u00f3 Catalana d\u2019Entitats de<br \/>Salut Mental en 1\u00aa Persona<br \/>President: Toni Santander<br \/>Activament<br \/>Presidenta: M\u00f2nica Civill<br \/>Nik\u00f2sia<br \/>President: Marcos Obreg\u00f3n<br \/>Associaci\u00f3 Daruma<br \/>President: Francesc Ventura i<br \/>Associaci\u00f3 Catalana per la Prevenci\u00f3 del Su\u00efcidi<br \/>Presidenta: Clara Rubio<br \/>Despr\u00e9s del Su\u00efcidi &#8211; Associaci\u00f3<br \/>de Supervivents (DSAS)<br \/>Presidenta: Cec\u00edlia Borr\u00e0s Murcia<br \/>Fundaci\u00f3 els Tres Turons<br \/>Director: Alfons J. Santos<br \/>Departament de Psicologia Social Director:<br \/>Miquel Dom\u00e8nech<br \/>Centre d\u2019Estudis i Recerca per a una Societat Inclusiva<br \/>Director: Josep Maria Sanahuja<br \/>Unitat de Psicog\u00e8nere. Servei<br \/>Psicologia i Logopedia<br \/>Coordinadora: Margot Pujal<br \/>SGR-Grup de Recerca Interacci\u00f3 Persona- Ambient en Psicopatolog\u00eda. Departament de Psicologia cl\u00ednica i de la salut.<br \/>IP: Neus Vidal Barrantes<br \/>Grup de recerca Lis \u2013 Grup d\u2019Estudis Socials i de G\u00e8nere sobre la corporalitat, la<br \/>subjectivitat i el patiment evitable <br \/>IP: Enrico Mora<br \/>AFIN &#8211; Grupo de Investigaci\u00f3n<br \/>IP: Diana Marre<br \/>Associaci\u00f3 Catalana de Psic\u00f2legs Cl\u00ednics i Residents<br \/>Presidenta: Paola Punsoda<br \/>Associaci\u00f3 Catalana d\u2019Infermeria en Salut Mental<br \/>President: \u00c0lex Marieges<br \/>Societat Catalano-Balear de Psicologia General Sanit\u00e0ria\u00a0<br \/>Presidenta: Marina L\u00f3pez<br \/>Col\u00b7legi Oficial de Treball Social de Catalunya<br \/>Degana: Conchita Pe\u00f1a Gallardo<br \/>Col\u00b7legi oficial d\u2019infermeres i infermers Barcelona<br \/>Degana: Paola Galbany<br \/>Col\u00b7legi d\u2019Educadores i Educadors Socials de Catalunya<br \/>Degana: Maria Rosa Monreal<br \/>Col\u00b7legi de Terapeutes Ocupacionals de Catalunya<br \/>Degana: Carme Olivera Noguerola<br \/>F\u00f2rum Catal\u00e0 d\u2019Atenci\u00f3 Prim\u00e0ria<br \/>Presidenta: Meritxell S\u00e1nchez-Amat, La Cap\u00e7alera Barcelona<br \/>Presidenta: Clara Pu\u00e9rtolas<br \/>Sociedad Espa\u00f1ola de Psicoan\u00e1lisis<br \/>Presidenta:Ester Palerm Mar\u00ed<br \/>Escuela de Cl\u00ednica Psicoanal\u00edtica con ni\u00f1os y adolescentes<br \/>Director: Carlos Blinder<br \/>IPSI _ Centre d\u2019atenci\u00f3, docencia i investigaci\u00f3 en Salut Mental<br \/>Presidenta: Diana Barenblit,\u00a0<br \/>ACPP- Associaci\u00f3 Catalana de Psicoter\u00e0pia Psicoanal\u00edtica<br \/>Presidenta: Marissol Matamoros<br \/>Formaci\u00f3 Psicoanal\u00edtica<br \/>Presidenta: Anna Segura.<br \/>FPB &#8211; F\u00f2rum Psicoanal\u00edtic Barcelona <br \/>President: Guillem Pailhez<br \/>ACCEP &#8211; Associaci\u00f3 Catalana per a la cl\u00ednica i l\u2019ensenyament de la Psicoan\u00e0lisi<br \/>BCN Salut Mental<br \/>President: Llu\u00eds Lalucat<br \/>Taula de salut Mental i Addiccions del Vall\u00e8s Nord i Baix Monseny Constitu\u00efda per 20 entitats i serveis del territori de Vall\u00e8s Nord i Baix Montseny amb seu a Granollers<br \/>Coordinadora: Isabel Alcalde<br \/>President: Francesc Ventura i Riera<\/p><p><sup>1<\/sup>\u00a0Deacon BJ. The biomedical model of mental disorder: A critical analysis of its validity, utility, and effects on psychotherapy<br \/>research. Clin Psychol Rev. 2013 Nov; 33 (7), 846-61. doi: 10.1016\/j.cpr.2012.09.007<\/p><p><sup>2 <\/sup>Folk J. and Folk M. The chemical imbalance theory-officially anxietycentre; 2020 [citat 15 maig 2021]. Disponible a: <a href=\"https:\/\/www.anxietycentre.com\/anxiety\/chemical-imbalance.shtml\">https:\/\/www.anxietycentre.com\/anxiety\/chemical-imbalance.shtml<\/a><\/p><p><sup>3\u00a0<\/sup>Kendler KS, and Schaffner KF. The dopamine hypothesis of schizophrenia: an historical and philosophical analysis. Philosophy, psychiatry and psychology review. 2011; 18 (1), 41-63. doi:10.1353\/ppp.2011.0005<\/p><p><sup>4 <\/sup>Moncrieff J. A critique of the dopamine hypothesis of schizophrenia and psychosis. Harv Rev Psychiatry. 2009; 17(3):214-25.<br \/>doi:10.1080\/10673220902979896<\/p><p><sup>5 <\/sup>Pies RW. Debunking the Two Chemical Imbalance Myths Again. Conversations in critical psychiatry. Psychiatric times. 2019; 36 (8),<br \/>9-11. Disponible a <a href=\"https:\/\/www.psychiatrictimes.com\/view\/debunking-two-chemical-imbalance-myths-again\">https:\/\/www.psychiatrictimes.com\/view\/debunking-two-chemical-imbalance-myths-again<\/a><\/p><p><sup>6\u00a0<\/sup>Sarraceno B. Discurso global, sufrimientos locales. Barcelona: Herder; 2018. 7 Fundaci\u00f3 Sant Pere Claver. Impacte dels factors<br \/>socials en l\u2019atenci\u00f3 a la salut mental. 2017. Disponible a: <a href=\"https:\/\/www.santpereclaver.org\/informe-impacte-factors-socials-salutmental\/\">https:\/\/www.santpereclaver.org\/informe-impacte-factors-socials-salutmental\/<\/a><\/p><p><sup>7\u00a0<\/sup>Fundaci\u00f3 Sant Pere Claver. Impacte dels factors socials en l\u2019atenci\u00f3 a la salut mental. 2017. Disponible a:<br \/><a href=\"https:\/\/www.santpereclaver.org\/informe-impacte-factors-socials-salut-mental\/\">https:\/\/www.santpereclaver.org\/informe-impacte-factors-socials-salut-mental\/<\/a><\/p><p><sup>8\u00a0<\/sup>Red PROEM. Informe y hoja de ruta sobre el estado actual, necesidades y recomendaciones de la Red PROEM para la mejora de la evaluaci\u00f3n psicol\u00f3gica y la promoci\u00f3n de la Salud Mental y bienestar\u00a0 emocional en los j\u00f3venes. 2018; Ja\u00e9n.<\/p><p><sup>9 <\/sup>Naciones Unidas. Informe del Relator Especial sobre el derecho de toda persona al disfrute del m\u00e1s alto nivel posible de salud<br \/>f\u00edsica y mental. A\/HRC\/35\/21. 2017; Disponible a: <a href=\"http:\/\/undocs.org\/es\/A\/HRC\/35\/21\">http:\/\/undocs.org\/es\/A\/HRC\/35\/21<\/a><\/p><p><sup>10 <\/sup>Uni\u00f3n Europea. (2015). Atenci\u00f3n a la Salud Mental del Adolescente en Europa: Situaci\u00f3n, recomendaciones y directrices de la red ADOCARE. Bruselas. http:\/\/www.adocare.eu\/wp content\/uploads\/2015\/12\/ADOCARE-SPANISH-2015-1.pdf<\/p><p><sup>11<\/sup> Los malestares de los adolescentes: Estilos de vida, salud mental y estrategias profanas para afrontar la adversidad, financiada pel Ministerio de Ciencia e Innovaci\u00f3n del Gobierno de Espa\u00f1a (CSO20009-08432) y la Fundaci\u00f3 Marat\u00f3 TV3 (0907730\/31)<\/p><p><sup>12 <\/sup>Castillo Goroyoa y Mercadal Rotger. (2020). Psicoterapia Psicoanal\u00edtica, investigaci\u00f3n, evaluaci\u00f3n y cl\u00ednica. Barcelona: Herder.<\/p><p><sup>13 <\/sup>Grogan K, MacGarry D, Bramham J, Scriven M, Maher C, Fitzgerald A. Family-related non-abuse adverse life experiences occurring for adults diagnosed with eating disorders: A systematic review. J Eat Disord. 2020;8(1)<\/p><p><sup>14 <\/sup>Marley C, Mauki B. Resilience and protective factors among refugee children post-migration to high-income countries: A systematic review. Eur J Public Health. 2019;29(4):706\u201313.<\/p><p><sup>15 <\/sup>Bertossi Urzua C, Ruiz MA, Pajak A, Kozela M, Kubinova R, Malyutina S, et al. The prospective relationship between social cohesion and depressive symptoms among older adults from Central and Eastern Europe. J Epidemiol Community Health. 2019;73(2):117\u2013 22.<\/p><p><sup>16 <\/sup>Shields-Zeeman L, Petrea I, Smit F, Walters BH, Dedovic J, Kuzman MR, et al. Towards community-based and recovery-oriented care for severe mental disorders in Southern and\u00a0 Eastern Europe: Aims and design of a multi-country implementation and evaluation study (RECOVER-E). Int J Ment Health Syst [Internet]. 2020;14(1):1\u201314. Available from: https:\/\/doi.org\/10.1186\/s13033-020- 00361- y<\/p><p><sup>17 <\/sup>R\u00f6nnblad T, Gr\u00f6nholm E, Jonsson J, Koranyi I, Orellana C, Kreshpaj B, et al. Precarious employment and mental health: A systematic review and meta-analysis of longitudinal studies. Scand J Work Environ Health. 2019;45(5):429\u201343<\/p><p><sup>18 <\/sup>Kivim\u00e4ki M, Batty GD, Pentti J, Shipley MJ, Sipil\u00e4 PN, Nyberg ST, et al. Association between socioeconomic status and the development of mental and physical health conditions in adulthood: a multi-cohort study. Lancet Public Health. 2020;5(3):e140\u20139<\/p><p><sup>19 <\/sup>Cort\u00e8s-Franch I, Escrib\u00e0-Ag\u00fcir V, Benach J, Artazcoz L. Employment stability and mental health in Spain: towards understanding the influence of gender and partner\/marital status. BMC Public Health. 2018;18(1):1\u201311<\/p><p><sup>20 <\/sup>Romeu\u2010Labayen M, Rigol Cuadra MA, Galbany\u2010Estragu\u00e9s P, Blanco Corbal S, Giralt Palou RM and Tort\u2010Nasarre G. Borderline personality disorder in a community setting: service users&#8217; experiences of the therapeutic relationship with mental health nurses. Int J Ment Health Nurs. 2020 Oct;29(5):868-877. doi: 10.1111\/inm.12720<\/p><p><sup>21<\/sup> Moreno-Poyato AR, Delgado-Hito P, Su\u00e1rez-P\u00e9rez R, Lluch-Canut T, Rold\u00e1n-Merino JF, Montes\u00f3-Curto P. Improving the therapeutic relationship in inpatient psychiatric care: Assessment of the therapeutic alliance and empathy after implementing evidence-based practices resulting from participatory action research. Perspect Psychiatr Care. 2018; Apr;54(2):300-308. doi: 10.1111\/ppc.12238. Epub 2017 Sep 13. PMID: 28901552<\/p><p><sup>22<\/sup> Juli\u00e1-Sanchis R, Aguilera Serrano C, Meg\u00edas Lizancos F, Correa-Urquiza M, Martorell-Poveda MA. Evoluci\u00f3n y estado del modelo comunitario de atenci\u00f3n a la salud mental. Informe SESPAS. Gac Sanit. 2020;34 (Supl 1):81\u20136.<\/p><p><sup>23<\/sup> Mart\u00ednez-Hern\u00e1ez, A., DiGiacomo, S.M., Carceller-Maicas, N. et al. (2014). Non-professional help-seeking among young people with depression: a qualitative study. BMC Psychiatry. 2014;14, 124. <a href=\"https:\/\/doi.org\/10.1186\/1471-244X-14-124\">https:\/\/doi.org\/10.1186\/1471-244X-14-124<\/a><\/p><p><sup>24\u00a0<\/sup> Keet R, de Vetten-Mc Mahon M, et al. Recovery for all in the community; position paper on principles and key elements of community-based mental health care. BMC Psychiatry. 2019; 19:174<\/p><p><sup>25\u00a0<\/sup> Generalitat de Catalunya (2017). Observatori sobre els efectes de la crisi en la salut de la poblaci\u00f3. Desigualtats socioecon\u00f2miques en la salut i la utilitzaci\u00f3 de serveis sanitaris p\u00fablics en la poblaci\u00f3 de Catalunya. Barcelona: Ag\u00e8ncia de Qualitat i Avaluaci\u00f3 Sanit\u00e0ries de Catalunya. Departament de Salut. Generalitat de Catalunya.<\/p>\t\t\t\t\t\t\t\t<\/div>\n\t\t\t\t<\/div>\n\t\t\t\t\t<\/div>\n\t\t<\/div>\n\t\t\t\t\t<\/div>\n\t\t<\/section>\n\t\t\t\t<\/div>\n\t\t","protected":false},"excerpt":{"rendered":"<div class=\"tmnf_excerpt\"><p>ACPSM-AEN Catalunya (Associaci\u00f3 Catalana de Professionals de la Salut Mental), SMC Salut Mental Catalunya, Federaci\u00f3 VEUS, Associaci\u00f3 Activament, R\u00e0dio Nik\u00f2sia, Associaci\u00f3 Daruma, Departament de Psicologia Social (UAB), CERSIN (Centre d\u2019Estudis i Recerca per a una Societat inclusiva-UAB), SPL (Servei Psicologia i Logop\u00e8dia-UAB), SGR-Grup de recerca\u00a0 Interacci\u00f3 i persona (UAB), ACPS (Associaci\u00f3 Catalana per la Prevenci\u00f3 &hellip;<\/p>\n<\/div>","protected":false},"author":1,"featured_media":3047,"comment_status":"open","ping_status":"open","sticky":false,"template":"","format":"standard","meta":{"footnotes":""},"categories":[67],"tags":[68],"class_list":["post-3014","post","type-post","status-publish","format-standard","has-post-thumbnail","hentry","category-salut-mental","tag-marato-tv3"],"yoast_head":"<!-- This site is optimized with the Yoast SEO plugin v28.2 - https:\/\/yoast.com\/product\/yoast-seo-wordpress\/ -->\n<title>Comunicat per a la difusi\u00f3 de la marat\u00f3 de TV3 per avan\u00e7ar en la salut mental comunit\u00e0ria i superar reduccionismes en salut - F\u00f2rum Psicoanal\u00edtic Barcelona<\/title>\n<meta name=\"robots\" content=\"index, follow, max-snippet:-1, max-image-preview:large, max-video-preview:-1\" \/>\n<link rel=\"canonical\" href=\"https:\/\/forumpsicoanaliticbarcelona.com\/es\/comunicat-marato-tv3\/\" \/>\n<meta property=\"og:locale\" content=\"es_ES\" \/>\n<meta property=\"og:type\" content=\"article\" \/>\n<meta property=\"og:title\" content=\"Comunicat per a la difusi\u00f3 de la marat\u00f3 de TV3 per avan\u00e7ar en la salut mental comunit\u00e0ria i superar reduccionismes en salut - F\u00f2rum Psicoanal\u00edtic Barcelona\" \/>\n<meta property=\"og:description\" content=\"ACPSM-AEN Catalunya (Associaci\u00f3 Catalana de Professionals de la Salut Mental), SMC Salut Mental Catalunya, Federaci\u00f3 VEUS, Associaci\u00f3 Activament, R\u00e0dio Nik\u00f2sia, Associaci\u00f3 Daruma, Departament de Psicologia Social (UAB), CERSIN (Centre d\u2019Estudis i Recerca per a una Societat inclusiva-UAB), SPL (Servei Psicologia i Logop\u00e8dia-UAB), SGR-Grup de recerca\u00a0 Interacci\u00f3 i persona (UAB), ACPS (Associaci\u00f3 Catalana per la Prevenci\u00f3 &hellip;\" \/>\n<meta property=\"og:url\" content=\"https:\/\/forumpsicoanaliticbarcelona.com\/es\/comunicat-marato-tv3\/\" \/>\n<meta property=\"og:site_name\" content=\"F\u00f2rum Psicoanal\u00edtic Barcelona\" \/>\n<meta property=\"article:publisher\" content=\"https:\/\/www.facebook.com\/forumpsicoanaliticbarcelona\/\" \/>\n<meta property=\"article:published_time\" content=\"2021-07-15T09:00:12+00:00\" \/>\n<meta property=\"article:modified_time\" content=\"2021-07-16T11:26:16+00:00\" \/>\n<meta property=\"og:image\" content=\"https:\/\/forumpsicoanaliticbarcelona.com\/wp-content\/uploads\/2021\/07\/maratotv3.png\" \/>\n\t<meta property=\"og:image:width\" content=\"1024\" \/>\n\t<meta property=\"og:image:height\" content=\"1024\" \/>\n\t<meta property=\"og:image:type\" content=\"image\/png\" \/>\n<meta name=\"author\" content=\"admin-fpb\" \/>\n<meta name=\"twitter:card\" content=\"summary_large_image\" \/>\n<meta name=\"twitter:label1\" content=\"Escrito por\" \/>\n\t<meta name=\"twitter:data1\" content=\"admin-fpb\" \/>\n\t<meta name=\"twitter:label2\" content=\"Tiempo de lectura\" \/>\n\t<meta name=\"twitter:data2\" content=\"12 minutos\" \/>\n<script type=\"application\/ld+json\" class=\"yoast-schema-graph\">{\"@context\":\"https:\\\/\\\/schema.org\",\"@graph\":[{\"@type\":\"Article\",\"@id\":\"https:\\\/\\\/forumpsicoanaliticbarcelona.com\\\/es\\\/comunicat-marato-tv3\\\/#article\",\"isPartOf\":{\"@id\":\"https:\\\/\\\/forumpsicoanaliticbarcelona.com\\\/es\\\/comunicat-marato-tv3\\\/\"},\"author\":{\"name\":\"admin-fpb\",\"@id\":\"https:\\\/\\\/forumpsicoanaliticbarcelona.com\\\/es\\\/#\\\/schema\\\/person\\\/98c7eb87d720f9d38844fa66887ac616\"},\"headline\":\"Comunicat per a la difusi\u00f3 de la marat\u00f3 de TV3 per avan\u00e7ar en la salut mental comunit\u00e0ria i superar reduccionismes en salut\",\"datePublished\":\"2021-07-15T09:00:12+00:00\",\"dateModified\":\"2021-07-16T11:26:16+00:00\",\"mainEntityOfPage\":{\"@id\":\"https:\\\/\\\/forumpsicoanaliticbarcelona.com\\\/es\\\/comunicat-marato-tv3\\\/\"},\"wordCount\":2513,\"commentCount\":0,\"publisher\":{\"@id\":\"https:\\\/\\\/forumpsicoanaliticbarcelona.com\\\/es\\\/#organization\"},\"image\":{\"@id\":\"https:\\\/\\\/forumpsicoanaliticbarcelona.com\\\/es\\\/comunicat-marato-tv3\\\/#primaryimage\"},\"thumbnailUrl\":\"https:\\\/\\\/forumpsicoanaliticbarcelona.com\\\/wp-content\\\/uploads\\\/2021\\\/07\\\/maratotv3.png\",\"keywords\":[\"marat\u00f3 tv3\"],\"articleSection\":[\"Salut mental\"],\"inLanguage\":\"es\",\"potentialAction\":[{\"@type\":\"CommentAction\",\"name\":\"Comment\",\"target\":[\"https:\\\/\\\/forumpsicoanaliticbarcelona.com\\\/es\\\/comunicat-marato-tv3\\\/#respond\"]}]},{\"@type\":\"WebPage\",\"@id\":\"https:\\\/\\\/forumpsicoanaliticbarcelona.com\\\/es\\\/comunicat-marato-tv3\\\/\",\"url\":\"https:\\\/\\\/forumpsicoanaliticbarcelona.com\\\/es\\\/comunicat-marato-tv3\\\/\",\"name\":\"Comunicat per a la difusi\u00f3 de la marat\u00f3 de TV3 per avan\u00e7ar en la salut mental comunit\u00e0ria i superar reduccionismes en salut - F\u00f2rum Psicoanal\u00edtic Barcelona\",\"isPartOf\":{\"@id\":\"https:\\\/\\\/forumpsicoanaliticbarcelona.com\\\/es\\\/#website\"},\"primaryImageOfPage\":{\"@id\":\"https:\\\/\\\/forumpsicoanaliticbarcelona.com\\\/es\\\/comunicat-marato-tv3\\\/#primaryimage\"},\"image\":{\"@id\":\"https:\\\/\\\/forumpsicoanaliticbarcelona.com\\\/es\\\/comunicat-marato-tv3\\\/#primaryimage\"},\"thumbnailUrl\":\"https:\\\/\\\/forumpsicoanaliticbarcelona.com\\\/wp-content\\\/uploads\\\/2021\\\/07\\\/maratotv3.png\",\"datePublished\":\"2021-07-15T09:00:12+00:00\",\"dateModified\":\"2021-07-16T11:26:16+00:00\",\"breadcrumb\":{\"@id\":\"https:\\\/\\\/forumpsicoanaliticbarcelona.com\\\/es\\\/comunicat-marato-tv3\\\/#breadcrumb\"},\"inLanguage\":\"es\",\"potentialAction\":[{\"@type\":\"ReadAction\",\"target\":[\"https:\\\/\\\/forumpsicoanaliticbarcelona.com\\\/es\\\/comunicat-marato-tv3\\\/\"]}]},{\"@type\":\"ImageObject\",\"inLanguage\":\"es\",\"@id\":\"https:\\\/\\\/forumpsicoanaliticbarcelona.com\\\/es\\\/comunicat-marato-tv3\\\/#primaryimage\",\"url\":\"https:\\\/\\\/forumpsicoanaliticbarcelona.com\\\/wp-content\\\/uploads\\\/2021\\\/07\\\/maratotv3.png\",\"contentUrl\":\"https:\\\/\\\/forumpsicoanaliticbarcelona.com\\\/wp-content\\\/uploads\\\/2021\\\/07\\\/maratotv3.png\",\"width\":1024,\"height\":1024,\"caption\":\"COMUNICAT PER A LA FUNDACI\u00d3 DE LA MARAT\u00d3 DE TV3\"},{\"@type\":\"BreadcrumbList\",\"@id\":\"https:\\\/\\\/forumpsicoanaliticbarcelona.com\\\/es\\\/comunicat-marato-tv3\\\/#breadcrumb\",\"itemListElement\":[{\"@type\":\"ListItem\",\"position\":1,\"name\":\"Portada\",\"item\":\"https:\\\/\\\/forumpsicoanaliticbarcelona.com\\\/es\\\/\"},{\"@type\":\"ListItem\",\"position\":2,\"name\":\"Comunicat per a la difusi\u00f3 de la marat\u00f3 de TV3 per avan\u00e7ar en la salut mental comunit\u00e0ria i superar reduccionismes en salut\"}]},{\"@type\":\"WebSite\",\"@id\":\"https:\\\/\\\/forumpsicoanaliticbarcelona.com\\\/es\\\/#website\",\"url\":\"https:\\\/\\\/forumpsicoanaliticbarcelona.com\\\/es\\\/\",\"name\":\"F\u00f2rum Psicoanal\u00edtic Barcelona\",\"description\":\"Associaci\u00f3 dedicada a l&#039;estudi, transmissi\u00f3 i desenvolupament de la Psicoan\u00e0lisi - Esdeveniments\",\"publisher\":{\"@id\":\"https:\\\/\\\/forumpsicoanaliticbarcelona.com\\\/es\\\/#organization\"},\"potentialAction\":[{\"@type\":\"SearchAction\",\"target\":{\"@type\":\"EntryPoint\",\"urlTemplate\":\"https:\\\/\\\/forumpsicoanaliticbarcelona.com\\\/es\\\/?s={search_term_string}\"},\"query-input\":{\"@type\":\"PropertyValueSpecification\",\"valueRequired\":true,\"valueName\":\"search_term_string\"}}],\"inLanguage\":\"es\"},{\"@type\":\"Organization\",\"@id\":\"https:\\\/\\\/forumpsicoanaliticbarcelona.com\\\/es\\\/#organization\",\"name\":\"F\u00f2rum Psicoanal\u00edtic Barcelona\",\"alternateName\":\"FPB\",\"url\":\"https:\\\/\\\/forumpsicoanaliticbarcelona.com\\\/es\\\/\",\"logo\":{\"@type\":\"ImageObject\",\"inLanguage\":\"es\",\"@id\":\"https:\\\/\\\/forumpsicoanaliticbarcelona.com\\\/es\\\/#\\\/schema\\\/logo\\\/image\\\/\",\"url\":\"https:\\\/\\\/forumpsicoanaliticbarcelona.com\\\/wp-content\\\/uploads\\\/2020\\\/05\\\/FPB_logo.png\",\"contentUrl\":\"https:\\\/\\\/forumpsicoanaliticbarcelona.com\\\/wp-content\\\/uploads\\\/2020\\\/05\\\/FPB_logo.png\",\"width\":400,\"height\":184,\"caption\":\"F\u00f2rum Psicoanal\u00edtic Barcelona\"},\"image\":{\"@id\":\"https:\\\/\\\/forumpsicoanaliticbarcelona.com\\\/es\\\/#\\\/schema\\\/logo\\\/image\\\/\"},\"sameAs\":[\"https:\\\/\\\/www.facebook.com\\\/forumpsicoanaliticbarcelona\\\/\",\"https:\\\/\\\/www.instagram.com\\\/forumpsicoanalitic\\\/\"]},{\"@type\":\"Person\",\"@id\":\"https:\\\/\\\/forumpsicoanaliticbarcelona.com\\\/es\\\/#\\\/schema\\\/person\\\/98c7eb87d720f9d38844fa66887ac616\",\"name\":\"admin-fpb\",\"image\":{\"@type\":\"ImageObject\",\"inLanguage\":\"es\",\"@id\":\"https:\\\/\\\/secure.gravatar.com\\\/avatar\\\/83ab03c23a4a141c515cd2d17f5b3551a9c4f1066602ea60ed8ce52554092ada?s=96&d=mm&r=g\",\"url\":\"https:\\\/\\\/secure.gravatar.com\\\/avatar\\\/83ab03c23a4a141c515cd2d17f5b3551a9c4f1066602ea60ed8ce52554092ada?s=96&d=mm&r=g\",\"contentUrl\":\"https:\\\/\\\/secure.gravatar.com\\\/avatar\\\/83ab03c23a4a141c515cd2d17f5b3551a9c4f1066602ea60ed8ce52554092ada?s=96&d=mm&r=g\",\"caption\":\"admin-fpb\"},\"url\":\"https:\\\/\\\/forumpsicoanaliticbarcelona.com\\\/es\\\/author\\\/admin-fpb\\\/\"}]}<\/script>\n<!-- \/ Yoast SEO plugin. -->","yoast_head_json":{"title":"Comunicat per a la difusi\u00f3 de la marat\u00f3 de TV3 per avan\u00e7ar en la salut mental comunit\u00e0ria i superar reduccionismes en salut - F\u00f2rum Psicoanal\u00edtic Barcelona","robots":{"index":"index","follow":"follow","max-snippet":"max-snippet:-1","max-image-preview":"max-image-preview:large","max-video-preview":"max-video-preview:-1"},"canonical":"https:\/\/forumpsicoanaliticbarcelona.com\/es\/comunicat-marato-tv3\/","og_locale":"es_ES","og_type":"article","og_title":"Comunicat per a la difusi\u00f3 de la marat\u00f3 de TV3 per avan\u00e7ar en la salut mental comunit\u00e0ria i superar reduccionismes en salut - F\u00f2rum Psicoanal\u00edtic Barcelona","og_description":"ACPSM-AEN Catalunya (Associaci\u00f3 Catalana de Professionals de la Salut Mental), SMC Salut Mental Catalunya, Federaci\u00f3 VEUS, Associaci\u00f3 Activament, R\u00e0dio Nik\u00f2sia, Associaci\u00f3 Daruma, Departament de Psicologia Social (UAB), CERSIN (Centre d\u2019Estudis i Recerca per a una Societat inclusiva-UAB), SPL (Servei Psicologia i Logop\u00e8dia-UAB), SGR-Grup de recerca\u00a0 Interacci\u00f3 i persona (UAB), ACPS (Associaci\u00f3 Catalana per la Prevenci\u00f3 &hellip;","og_url":"https:\/\/forumpsicoanaliticbarcelona.com\/es\/comunicat-marato-tv3\/","og_site_name":"F\u00f2rum Psicoanal\u00edtic Barcelona","article_publisher":"https:\/\/www.facebook.com\/forumpsicoanaliticbarcelona\/","article_published_time":"2021-07-15T09:00:12+00:00","article_modified_time":"2021-07-16T11:26:16+00:00","og_image":[{"width":1024,"height":1024,"url":"https:\/\/forumpsicoanaliticbarcelona.com\/wp-content\/uploads\/2021\/07\/maratotv3.png","type":"image\/png"}],"author":"admin-fpb","twitter_card":"summary_large_image","twitter_misc":{"Escrito por":"admin-fpb","Tiempo de lectura":"12 minutos"},"schema":{"@context":"https:\/\/schema.org","@graph":[{"@type":"Article","@id":"https:\/\/forumpsicoanaliticbarcelona.com\/es\/comunicat-marato-tv3\/#article","isPartOf":{"@id":"https:\/\/forumpsicoanaliticbarcelona.com\/es\/comunicat-marato-tv3\/"},"author":{"name":"admin-fpb","@id":"https:\/\/forumpsicoanaliticbarcelona.com\/es\/#\/schema\/person\/98c7eb87d720f9d38844fa66887ac616"},"headline":"Comunicat per a la difusi\u00f3 de la marat\u00f3 de TV3 per avan\u00e7ar en la salut mental comunit\u00e0ria i superar reduccionismes en salut","datePublished":"2021-07-15T09:00:12+00:00","dateModified":"2021-07-16T11:26:16+00:00","mainEntityOfPage":{"@id":"https:\/\/forumpsicoanaliticbarcelona.com\/es\/comunicat-marato-tv3\/"},"wordCount":2513,"commentCount":0,"publisher":{"@id":"https:\/\/forumpsicoanaliticbarcelona.com\/es\/#organization"},"image":{"@id":"https:\/\/forumpsicoanaliticbarcelona.com\/es\/comunicat-marato-tv3\/#primaryimage"},"thumbnailUrl":"https:\/\/forumpsicoanaliticbarcelona.com\/wp-content\/uploads\/2021\/07\/maratotv3.png","keywords":["marat\u00f3 tv3"],"articleSection":["Salut mental"],"inLanguage":"es","potentialAction":[{"@type":"CommentAction","name":"Comment","target":["https:\/\/forumpsicoanaliticbarcelona.com\/es\/comunicat-marato-tv3\/#respond"]}]},{"@type":"WebPage","@id":"https:\/\/forumpsicoanaliticbarcelona.com\/es\/comunicat-marato-tv3\/","url":"https:\/\/forumpsicoanaliticbarcelona.com\/es\/comunicat-marato-tv3\/","name":"Comunicat per a la difusi\u00f3 de la marat\u00f3 de TV3 per avan\u00e7ar en la salut mental comunit\u00e0ria i superar reduccionismes en salut - F\u00f2rum Psicoanal\u00edtic Barcelona","isPartOf":{"@id":"https:\/\/forumpsicoanaliticbarcelona.com\/es\/#website"},"primaryImageOfPage":{"@id":"https:\/\/forumpsicoanaliticbarcelona.com\/es\/comunicat-marato-tv3\/#primaryimage"},"image":{"@id":"https:\/\/forumpsicoanaliticbarcelona.com\/es\/comunicat-marato-tv3\/#primaryimage"},"thumbnailUrl":"https:\/\/forumpsicoanaliticbarcelona.com\/wp-content\/uploads\/2021\/07\/maratotv3.png","datePublished":"2021-07-15T09:00:12+00:00","dateModified":"2021-07-16T11:26:16+00:00","breadcrumb":{"@id":"https:\/\/forumpsicoanaliticbarcelona.com\/es\/comunicat-marato-tv3\/#breadcrumb"},"inLanguage":"es","potentialAction":[{"@type":"ReadAction","target":["https:\/\/forumpsicoanaliticbarcelona.com\/es\/comunicat-marato-tv3\/"]}]},{"@type":"ImageObject","inLanguage":"es","@id":"https:\/\/forumpsicoanaliticbarcelona.com\/es\/comunicat-marato-tv3\/#primaryimage","url":"https:\/\/forumpsicoanaliticbarcelona.com\/wp-content\/uploads\/2021\/07\/maratotv3.png","contentUrl":"https:\/\/forumpsicoanaliticbarcelona.com\/wp-content\/uploads\/2021\/07\/maratotv3.png","width":1024,"height":1024,"caption":"COMUNICAT PER A LA FUNDACI\u00d3 DE LA MARAT\u00d3 DE TV3"},{"@type":"BreadcrumbList","@id":"https:\/\/forumpsicoanaliticbarcelona.com\/es\/comunicat-marato-tv3\/#breadcrumb","itemListElement":[{"@type":"ListItem","position":1,"name":"Portada","item":"https:\/\/forumpsicoanaliticbarcelona.com\/es\/"},{"@type":"ListItem","position":2,"name":"Comunicat per a la difusi\u00f3 de la marat\u00f3 de TV3 per avan\u00e7ar en la salut mental comunit\u00e0ria i superar reduccionismes en salut"}]},{"@type":"WebSite","@id":"https:\/\/forumpsicoanaliticbarcelona.com\/es\/#website","url":"https:\/\/forumpsicoanaliticbarcelona.com\/es\/","name":"F\u00f2rum Psicoanal\u00edtic Barcelona","description":"Associaci\u00f3 dedicada a l&#039;estudi, transmissi\u00f3 i desenvolupament de la Psicoan\u00e0lisi - Esdeveniments","publisher":{"@id":"https:\/\/forumpsicoanaliticbarcelona.com\/es\/#organization"},"potentialAction":[{"@type":"SearchAction","target":{"@type":"EntryPoint","urlTemplate":"https:\/\/forumpsicoanaliticbarcelona.com\/es\/?s={search_term_string}"},"query-input":{"@type":"PropertyValueSpecification","valueRequired":true,"valueName":"search_term_string"}}],"inLanguage":"es"},{"@type":"Organization","@id":"https:\/\/forumpsicoanaliticbarcelona.com\/es\/#organization","name":"F\u00f2rum Psicoanal\u00edtic Barcelona","alternateName":"FPB","url":"https:\/\/forumpsicoanaliticbarcelona.com\/es\/","logo":{"@type":"ImageObject","inLanguage":"es","@id":"https:\/\/forumpsicoanaliticbarcelona.com\/es\/#\/schema\/logo\/image\/","url":"https:\/\/forumpsicoanaliticbarcelona.com\/wp-content\/uploads\/2020\/05\/FPB_logo.png","contentUrl":"https:\/\/forumpsicoanaliticbarcelona.com\/wp-content\/uploads\/2020\/05\/FPB_logo.png","width":400,"height":184,"caption":"F\u00f2rum Psicoanal\u00edtic Barcelona"},"image":{"@id":"https:\/\/forumpsicoanaliticbarcelona.com\/es\/#\/schema\/logo\/image\/"},"sameAs":["https:\/\/www.facebook.com\/forumpsicoanaliticbarcelona\/","https:\/\/www.instagram.com\/forumpsicoanalitic\/"]},{"@type":"Person","@id":"https:\/\/forumpsicoanaliticbarcelona.com\/es\/#\/schema\/person\/98c7eb87d720f9d38844fa66887ac616","name":"admin-fpb","image":{"@type":"ImageObject","inLanguage":"es","@id":"https:\/\/secure.gravatar.com\/avatar\/83ab03c23a4a141c515cd2d17f5b3551a9c4f1066602ea60ed8ce52554092ada?s=96&d=mm&r=g","url":"https:\/\/secure.gravatar.com\/avatar\/83ab03c23a4a141c515cd2d17f5b3551a9c4f1066602ea60ed8ce52554092ada?s=96&d=mm&r=g","contentUrl":"https:\/\/secure.gravatar.com\/avatar\/83ab03c23a4a141c515cd2d17f5b3551a9c4f1066602ea60ed8ce52554092ada?s=96&d=mm&r=g","caption":"admin-fpb"},"url":"https:\/\/forumpsicoanaliticbarcelona.com\/es\/author\/admin-fpb\/"}]}},"_links":{"self":[{"href":"https:\/\/forumpsicoanaliticbarcelona.com\/es\/wp-json\/wp\/v2\/posts\/3014","targetHints":{"allow":["GET"]}}],"collection":[{"href":"https:\/\/forumpsicoanaliticbarcelona.com\/es\/wp-json\/wp\/v2\/posts"}],"about":[{"href":"https:\/\/forumpsicoanaliticbarcelona.com\/es\/wp-json\/wp\/v2\/types\/post"}],"author":[{"embeddable":true,"href":"https:\/\/forumpsicoanaliticbarcelona.com\/es\/wp-json\/wp\/v2\/users\/1"}],"replies":[{"embeddable":true,"href":"https:\/\/forumpsicoanaliticbarcelona.com\/es\/wp-json\/wp\/v2\/comments?post=3014"}],"version-history":[{"count":43,"href":"https:\/\/forumpsicoanaliticbarcelona.com\/es\/wp-json\/wp\/v2\/posts\/3014\/revisions"}],"predecessor-version":[{"id":3063,"href":"https:\/\/forumpsicoanaliticbarcelona.com\/es\/wp-json\/wp\/v2\/posts\/3014\/revisions\/3063"}],"wp:featuredmedia":[{"embeddable":true,"href":"https:\/\/forumpsicoanaliticbarcelona.com\/es\/wp-json\/wp\/v2\/media\/3047"}],"wp:attachment":[{"href":"https:\/\/forumpsicoanaliticbarcelona.com\/es\/wp-json\/wp\/v2\/media?parent=3014"}],"wp:term":[{"taxonomy":"category","embeddable":true,"href":"https:\/\/forumpsicoanaliticbarcelona.com\/es\/wp-json\/wp\/v2\/categories?post=3014"},{"taxonomy":"post_tag","embeddable":true,"href":"https:\/\/forumpsicoanaliticbarcelona.com\/es\/wp-json\/wp\/v2\/tags?post=3014"}],"curies":[{"name":"wp","href":"https:\/\/api.w.org\/{rel}","templated":true}]}}