{"id":2772,"date":"2021-05-31T09:09:11","date_gmt":"2021-05-31T09:09:11","guid":{"rendered":"https:\/\/forumpsicoanaliticbarcelona.com\/?p=2772"},"modified":"2024-04-08T19:01:34","modified_gmt":"2024-04-08T19:01:34","slug":"lo-que-habla-y-lo-que-no-habla","status":"publish","type":"post","link":"https:\/\/forumpsicoanaliticbarcelona.com\/es\/lo-que-habla-y-lo-que-no-habla\/","title":{"rendered":"Lo que habla y lo que no habla"},"content":{"rendered":"\t\t<div data-elementor-type=\"wp-post\" data-elementor-id=\"2772\" class=\"elementor elementor-2772\">\n\t\t\t\t\t\t<section class=\"elementor-section elementor-top-section elementor-element elementor-element-229f45b elementor-section-boxed elementor-section-height-default elementor-section-height-default\" data-id=\"229f45b\" data-element_type=\"section\">\n\t\t\t\t\t\t<div class=\"elementor-container elementor-column-gap-default\">\n\t\t\t\t\t<div class=\"elementor-column elementor-col-100 elementor-top-column elementor-element elementor-element-ff86dff\" data-id=\"ff86dff\" data-element_type=\"column\">\n\t\t\t<div class=\"elementor-widget-wrap elementor-element-populated\">\n\t\t\t\t\t\t<div class=\"elementor-element elementor-element-4657273 elementor-widget elementor-widget-text-editor\" data-id=\"4657273\" data-element_type=\"widget\" data-widget_type=\"text-editor.default\">\n\t\t\t\t<div class=\"elementor-widget-container\">\n\t\t\t\t\t\t\t\t\t<p>[Escrito por <a href=\"http:\/\/inesrosales.org\/\" target=\"_blank\" rel=\"noopener\">Mar\u00eda In\u00e9s Rosales<\/a> el 21 de mayo del 2021]<\/p><p>Este es el t\u00edtulo que yo hab\u00eda elegido para mi trabajo individual de un cartel preparatorio a lo que fue nuestro Encuentro Internacional de octubre de 2018 en Barcelona, del que fui + 1, y cuyo tema general era: \u201cEl an\u00e1lisis orientado hacia\/por lo Real\u201d (Participaron Anna Gassull, Matilde Pelegr\u00ed, Clotilde Pascual y Lid\u00f3n Pa\u00fas). De ese trabajo, s\u00f3lo pude transmitir mi intenci\u00f3n o supuesto de lo que podr\u00eda ser su recorrido, dado que se nos invit\u00f3 a presentar nuestro c\u00e1rtel en el \u201cEspacio Interc\u00e1rteles\u201d, cuando llev\u00e1bamos unos pocos encuentros. Por las razones que sean, nunca escrib\u00ed ese trabajo, si bien apliqu\u00e9 much\u00edsimo de lo aprendido en dicho c\u00e1rtel en otros lugares de ense\u00f1anza como en mi clase del Seminario de Textos y casos de <a href=\"https:\/\/accep.org\/\" target=\"_blank\" rel=\"noopener\">ACCEP<\/a> que me toc\u00f3 ese a\u00f1o, en otras clases y participaciones.<\/p><p>Me complace que con vuestra invitaci\u00f3n a presentar en el <a href=\"https:\/\/forumpsicoanaliticbarcelona.com\/es\/actividades\/actividades-del-fpb\/espacio-escuela\/\" target=\"_blank\" rel=\"noopener\">Espacio-Escuela<\/a>, haya tenido la oportunidad de volver a lo que me ense\u00f1\u00f3- como siempre me ense\u00f1a cada cartel- y rendir alguna cuenta de ello con este trabajo, que es entonces tambi\u00e9n, trabajo de c\u00e1rtel. Sobre todo, teniendo en cuenta que Lacan nombr\u00f3 al c\u00e1rtel \u201c\u00f3rgano de la Escuela\u201d. As\u00ed que gracias a la Comisi\u00f3n de este E-E.<\/p><p>Lo que le\u00edamos entonces conjuntamente era \u201cEl Saber del Psicoanalista\u201d y luego \u201cLa Tercera\u201d (principio de los a\u00f1os 70 en la ense\u00f1anza de Lacan) y mucho nos resaltaba- al menos a m\u00ed- todo lo referido a lo que en la vida del Sujeto- y sobre todo en nuestra cl\u00ednica- aparec\u00eda como l\u00edmite o \u201cmuro\u201d, como le llamaba Lacan all\u00ed: Muro del y al lenguaje, muro al amor, a las pretendidas relaciones entre los sexos\u2026 y que acabamos vinculando a eso que no existe, s\u00f3lo <em>ex siste<\/em>, \u00a0pero que llamamos <em>lo Real<\/em> como imposible, como aquellos acontecimientos que resultan un tanto <em>\u00e9xtimos<\/em> al sujeto, y que no pueden inscribirse <em>ni decirse<\/em> sino de forma apenas aproximada, contorneada y eventualmente fallida; y que sin duda, formar\u00edan parte de eso que <em>no habla, <\/em>que <em>no puede hablar\u2026<\/em>o que al menos, le hace callar por el tiempo que fuere.<\/p><p>Sin embargo, antes de que ese \u201cmuro\u201d de <em>lo que no habla<\/em> nos sorprenda, lo primero con lo que nos encontramos en la experiencia psicoanal\u00edtica, tanto en la nuestra propia como analizantes que fuimos, como en la que sostenemos al analizar a otros sujetos, lo primero que nos sale al paso es <em>lo que<\/em> el sujeto <em>habla,<\/em> lo que <em>dice,<\/em> y de a poco, lo que <em>se escucha en lo que dice<\/em>, esto es, ese cierto <em>decalage<\/em> que hace que podamos experimentar que all\u00ed <em>algo<\/em> <em>m\u00e1s habla<\/em>\u2026o habla m\u00e1s de lo que dice.<\/p><p>Es lo primero con lo que se encontr\u00f3 Freud. Y cuando Lacan se encontr\u00f3 con Freud, a eso- en \u201cFunci\u00f3n y campo de la palabra y del lenguaje\u201d, 1954- en principio lo puso en el registro de lo Simb\u00f3lico. Pero bastante tiempo despu\u00e9s, cuando en esos a\u00f1os 70 Lacan descubre el Nudo Borromeo, ve que aquello Simb\u00f3lico del lenguaje y de lo que habla, no est\u00e1 solo, sino que est\u00e1 radicalmente ligado a los otros dos registros Imaginario y Real, es decir, ligados de una manera <em>borromeica.<\/em> Lo cual es suficiente como para que pongamos en duda que en un an\u00e1lisis, solo cuenta \u201clo que habla\u201d, o que sea lo Simb\u00f3lico lo \u00fanico que cuenta, ni siquiera lo que m\u00e1s, ya que Lacan nos lo deja claro en su Seminario \u201cRSI\u201d: que los 3 registros forman un mismo nudo y que por tanto no est\u00e1n jerarquizados: todos valen y cuentan juntos. Dicho de otra manera, aunque lo primero que ocurra en un psicoan\u00e1lisis sea la Demanda, que cursa como palabra y como lenguaje, sin embargo no es segura ya la afirmaci\u00f3n de \u201cen el principio estaba el <em>verbo\u201d <\/em>o s\u00f3lo el verbo\u2026<\/p><p>Recordemos algo m\u00e1s de c\u00f3mo es esta ligaz\u00f3n o atadura borromeica en el neur\u00f3tico que somos:<\/p>\t\t\t\t\t\t\t\t<\/div>\n\t\t\t\t<\/div>\n\t\t\t\t\t<\/div>\n\t\t<\/div>\n\t\t\t\t\t<\/div>\n\t\t<\/section>\n\t\t\t\t<section class=\"elementor-section elementor-top-section elementor-element elementor-element-3c0cd5b elementor-section-boxed elementor-section-height-default elementor-section-height-default\" data-id=\"3c0cd5b\" data-element_type=\"section\">\n\t\t\t\t\t\t<div class=\"elementor-container elementor-column-gap-default\">\n\t\t\t\t\t<div class=\"elementor-column elementor-col-100 elementor-top-column elementor-element elementor-element-2187039\" data-id=\"2187039\" data-element_type=\"column\">\n\t\t\t<div class=\"elementor-widget-wrap elementor-element-populated\">\n\t\t\t\t\t\t<div class=\"elementor-element elementor-element-4f0322a elementor-widget elementor-widget-image\" data-id=\"4f0322a\" data-element_type=\"widget\" data-widget_type=\"image.default\">\n\t\t\t\t<div class=\"elementor-widget-container\">\n\t\t\t\t\t\t\t\t\t\t\t\t\t\t\t<img fetchpriority=\"high\" decoding=\"async\" width=\"260\" height=\"239\" src=\"https:\/\/forumpsicoanaliticbarcelona.com\/wp-content\/uploads\/2021\/05\/loquehablayloquenohabla_sri.png\" class=\"attachment-large size-large wp-image-2779\" alt=\"loquehablayloquenohabla_sri\" srcset=\"https:\/\/forumpsicoanaliticbarcelona.com\/wp-content\/uploads\/2021\/05\/loquehablayloquenohabla_sri.png 260w, https:\/\/forumpsicoanaliticbarcelona.com\/wp-content\/uploads\/2021\/05\/loquehablayloquenohabla_sri-150x138.png 150w\" sizes=\"(max-width: 260px) 100vw, 260px\" \/>\t\t\t\t\t\t\t\t\t\t\t\t\t\t\t<\/div>\n\t\t\t\t<\/div>\n\t\t\t\t\t<\/div>\n\t\t<\/div>\n\t\t\t\t\t<\/div>\n\t\t<\/section>\n\t\t\t\t<section class=\"elementor-section elementor-top-section elementor-element elementor-element-5808f45 elementor-section-boxed elementor-section-height-default elementor-section-height-default\" data-id=\"5808f45\" data-element_type=\"section\">\n\t\t\t\t\t\t<div class=\"elementor-container elementor-column-gap-default\">\n\t\t\t\t\t<div class=\"elementor-column elementor-col-100 elementor-top-column elementor-element elementor-element-ac7978a\" data-id=\"ac7978a\" data-element_type=\"column\">\n\t\t\t<div class=\"elementor-widget-wrap elementor-element-populated\">\n\t\t\t\t\t\t<div class=\"elementor-element elementor-element-3110898 elementor-widget elementor-widget-text-editor\" data-id=\"3110898\" data-element_type=\"widget\" data-widget_type=\"text-editor.default\">\n\t\t\t\t<div class=\"elementor-widget-container\">\n\t\t\t\t\t\t\t\t\t<p>Hay los tres registros nombrados por Lacan R, S, I, donde se mueve la experiencia subjetiva. Las representa como tres \u201cconsistencias\u201d, ligadas entre s\u00ed de determinada manera- nunca interpenetr\u00e1ndose de a dos-Y que dar\u00edan como resultado un Nudo Borromeo, es decir, aquel nudo que cumple la condici\u00f3n borromea: si se suelta o se corta una, se sueltan todas. Esto es mostrado as\u00ed por Lacan en \u201cLa Tercera\u201d- que le\u00edamos en el Cartel. Pero, pocos meses despu\u00e9s \u00e9l reconocer\u00e1 la necesidad de una cuarta consistencia encargada de enlazar borromeicamente las 3 anteriores, que le llam\u00f3 Nombre del Padre y dio lugar al NB de 4- (No me extiendo pero se puede hablar al final)<\/p>\t\t\t\t\t\t\t\t<\/div>\n\t\t\t\t<\/div>\n\t\t\t\t\t<\/div>\n\t\t<\/div>\n\t\t\t\t\t<\/div>\n\t\t<\/section>\n\t\t\t\t<section class=\"elementor-section elementor-top-section elementor-element elementor-element-b3394c5 elementor-section-boxed elementor-section-height-default elementor-section-height-default\" data-id=\"b3394c5\" data-element_type=\"section\">\n\t\t\t\t\t\t<div class=\"elementor-container elementor-column-gap-default\">\n\t\t\t\t\t<div class=\"elementor-column elementor-col-100 elementor-top-column elementor-element elementor-element-a91ada5\" data-id=\"a91ada5\" data-element_type=\"column\">\n\t\t\t<div class=\"elementor-widget-wrap elementor-element-populated\">\n\t\t\t\t\t\t<div class=\"elementor-element elementor-element-b420e15 elementor-widget elementor-widget-image\" data-id=\"b420e15\" data-element_type=\"widget\" data-widget_type=\"image.default\">\n\t\t\t\t<div class=\"elementor-widget-container\">\n\t\t\t\t\t\t\t\t\t\t\t\t\t\t\t<img decoding=\"async\" width=\"210\" height=\"317\" src=\"https:\/\/forumpsicoanaliticbarcelona.com\/wp-content\/uploads\/2021\/05\/loquehablayloquenohabla_synthome.png\" class=\"attachment-large size-large wp-image-2783\" alt=\"loquehablayloquenohabla_synthome\" srcset=\"https:\/\/forumpsicoanaliticbarcelona.com\/wp-content\/uploads\/2021\/05\/loquehablayloquenohabla_synthome.png 210w, https:\/\/forumpsicoanaliticbarcelona.com\/wp-content\/uploads\/2021\/05\/loquehablayloquenohabla_synthome-199x300.png 199w, https:\/\/forumpsicoanaliticbarcelona.com\/wp-content\/uploads\/2021\/05\/loquehablayloquenohabla_synthome-99x150.png 99w\" sizes=\"(max-width: 210px) 100vw, 210px\" \/>\t\t\t\t\t\t\t\t\t\t\t\t\t\t\t<\/div>\n\t\t\t\t<\/div>\n\t\t\t\t\t<\/div>\n\t\t<\/div>\n\t\t\t\t\t<\/div>\n\t\t<\/section>\n\t\t\t\t<section class=\"elementor-section elementor-top-section elementor-element elementor-element-d50ee7b elementor-section-boxed elementor-section-height-default elementor-section-height-default\" data-id=\"d50ee7b\" data-element_type=\"section\">\n\t\t\t\t\t\t<div class=\"elementor-container elementor-column-gap-default\">\n\t\t\t\t\t<div class=\"elementor-column elementor-col-100 elementor-top-column elementor-element elementor-element-e016aaf\" data-id=\"e016aaf\" data-element_type=\"column\">\n\t\t\t<div class=\"elementor-widget-wrap elementor-element-populated\">\n\t\t\t\t\t\t<div class=\"elementor-element elementor-element-e9472db elementor-widget elementor-widget-text-editor\" data-id=\"e9472db\" data-element_type=\"widget\" data-widget_type=\"text-editor.default\">\n\t\t\t\t<div class=\"elementor-widget-container\">\n\t\t\t\t\t\t\t\t\t<h2>Entonces, hablar, <em>lo que habla<\/em>, o el Sujeto que habla o es hablado, dec\u00edamos, pertenecen al registro de lo Simb\u00f3lico<\/h2>\t\t\t\t\t\t\t\t<\/div>\n\t\t\t\t<\/div>\n\t\t\t\t\t<\/div>\n\t\t<\/div>\n\t\t\t\t\t<\/div>\n\t\t<\/section>\n\t\t\t\t<section class=\"elementor-section elementor-top-section elementor-element elementor-element-fbb7256 elementor-section-boxed elementor-section-height-default elementor-section-height-default\" data-id=\"fbb7256\" data-element_type=\"section\">\n\t\t\t\t\t\t<div class=\"elementor-container elementor-column-gap-default\">\n\t\t\t\t\t<div class=\"elementor-column elementor-col-100 elementor-top-column elementor-element elementor-element-d434614\" data-id=\"d434614\" data-element_type=\"column\">\n\t\t\t<div class=\"elementor-widget-wrap elementor-element-populated\">\n\t\t\t\t\t\t<div class=\"elementor-element elementor-element-0cd2264 elementor-widget elementor-widget-text-editor\" data-id=\"0cd2264\" data-element_type=\"widget\" data-widget_type=\"text-editor.default\">\n\t\t\t\t<div class=\"elementor-widget-container\">\n\t\t\t\t\t\t\t\t\t<p>Entonces, hablar, <em>lo que habla<\/em>, o el Sujeto que habla o es hablado, dec\u00edamos, pertenecen al registro de lo Simb\u00f3lico; pero no s\u00f3lo; tambi\u00e9n de lo Imaginario: recordemos que ya en sus primeros Seminarios, Lacan hablaba de un <em>lenguaje imaginario<\/em>, de una <em>palabra vac\u00eda <\/em>que hac\u00eda obst\u00e1culo a lo S o <em>palabra plena; <\/em>hac\u00eda de \u201cmuro\u201d de ese lenguaje esperado, simb\u00f3lico, lleno\u2026 (era la <em>\u00e9poca dorada<\/em> de lo Simb\u00f3lico en Lacan) Pero, las lecturas m\u00e1s avanzadas que hemos hecho nos obligan a preguntarnos: l<em>o que habla <\/em>\u00bfse mueve s\u00f3lo en esos dos registros? \u00bfNo hace Nudo Borromeo con el otro registro o consistencia llamado Real? Sin duda s\u00ed lo hace; no hay nada en la experiencia subjetiva del neur\u00f3tico que quede fuera de la estructura borromeica.\u00a0 Pero entonces, \u00bfes que irrumpe lo Real en eso que habla el Sujeto? Pero \u00bfno decimos que lo Real es <em>lo imposible<\/em> de decir, y por lo tanto ser\u00eda esencialmente lo<em> que no habla? <\/em>Y sobre todo \u00bfc\u00f3mo eso se introduce en el an\u00e1lisis, el cual est\u00e1 ideado, pensado y hecho para que all\u00ed <em>se hable? <\/em>He aqu\u00ed las paradojas con las que tenemos que convivir en nuestro hacer anal\u00edtico.<\/p><p>Por tanto tenemos que preguntarnos si esa <em>inmicci\u00f3n<\/em> de lo Real que <em>no habla<\/em>, en <em>lo que habla<\/em> (ese propagarse uno en el otro) lo podr\u00edamos intentar capturar en algunos momentos de los tratamientos que conducimos, o de lo que ha sido nuestro propio an\u00e1lisis; y ya iremos m\u00e1s adelante a los ejemplos.<\/p><p>Pero en t\u00e9rminos generales, podr\u00edamos decir que el sujeto- cada uno a su manera- suele llegar a la consulta de un analista, sabiendo o no que lo es, estando o no enterado de lo que se trata en eso del \u201cpsicoan\u00e1lisis\u201d. Pero con lo que s\u00ed seguramente llegar\u00e1, es con algo atravesado que <em>no habla, <\/em>ya que por no hablar le ha impactado posiblemente en el cuerpo, o le ha hecho un s\u00edntoma del que tal vez sabe poco; o algo le ha sobrevenido como un acontecimiento desestabilizante de su cotidianeidad o de su psiquismo, y tal vez le ha dejado una amarga impresi\u00f3n de sinsentido ni explicaci\u00f3n; o varias de estas cosas a la vez. \u00a0Pero eso, precisamente, es dif\u00edcil que se escuche de entrada. No obstante, luego de sabr\u00e1 que habr\u00eda sido <em>eso, <\/em>eso que de entrada <em>no habla, <\/em>lo que principalmente le habr\u00eda llevado a la consulta.<\/p><p>Pero si bien el paciente ha llegado porque algo que a\u00fan no habla se le ha atravesado, ciertamente con lo que se encontrar\u00e1n de forma efectiva ambos partenaires- analizante y analista- es con lo que s\u00ed se empieza a hablar; es decir, con un encadenamiento hecho de asociaciones de palabras, de sue\u00f1os, pero tambi\u00e9n de tropiezos, de silencios y a veces de <em>angustia<\/em>. Cuando esto \u00faltimo acontece, &#8211; la angustia- seguro que dejaremos por un momento de lado esa <em>atenci\u00f3n flotante<\/em> que Freud nos recomendaba; porque en la cl\u00ednica borromea esa angustia es pensada por Lacan precisamente como <em>un desbordamiento de lo R sobre lo I; <\/em>resultando un verdadero <em>acontecimiento s<\/em>usceptible de hacerse presente o bien en el mismo dispositivo anal\u00edtico, o por fuera de \u00e9l. Y si el analizante puede traerlo al an\u00e1lisis, ser\u00e1 como <em>lo que<\/em>, ahora tal vez<em>, ya<\/em> <em>puede empezar a hablar<\/em>\u2026Previo a eso, habremos de tolerar el silencio; es decir, dejar que <em>eso no hable<\/em>, durante el tiempo que requiera, hasta que algo- no todo- comience a volver a articularse en palabras.<\/p>\t\t\t\t\t\t\t\t<\/div>\n\t\t\t\t<\/div>\n\t\t\t\t\t<\/div>\n\t\t<\/div>\n\t\t\t\t\t<\/div>\n\t\t<\/section>\n\t\t\t\t<section class=\"elementor-section elementor-top-section elementor-element elementor-element-5f79f8b elementor-section-boxed elementor-section-height-default elementor-section-height-default\" data-id=\"5f79f8b\" data-element_type=\"section\">\n\t\t\t\t\t\t<div class=\"elementor-container elementor-column-gap-default\">\n\t\t\t\t\t<div class=\"elementor-column elementor-col-100 elementor-top-column elementor-element elementor-element-8083468\" data-id=\"8083468\" data-element_type=\"column\">\n\t\t\t<div class=\"elementor-widget-wrap elementor-element-populated\">\n\t\t\t\t\t\t<div class=\"elementor-element elementor-element-03db9fb elementor-widget elementor-widget-image\" data-id=\"03db9fb\" data-element_type=\"widget\" data-widget_type=\"image.default\">\n\t\t\t\t<div class=\"elementor-widget-container\">\n\t\t\t\t\t\t\t\t\t\t\t\t\t\t\t<img decoding=\"async\" width=\"838\" height=\"813\" src=\"https:\/\/forumpsicoanaliticbarcelona.com\/wp-content\/uploads\/2021\/05\/loquehablayloquenohabla_inhibicion.jpg\" class=\"attachment-large size-large wp-image-2789\" alt=\"loquehablayloquenohabla_inhibicion\" srcset=\"https:\/\/forumpsicoanaliticbarcelona.com\/wp-content\/uploads\/2021\/05\/loquehablayloquenohabla_inhibicion.jpg 838w, https:\/\/forumpsicoanaliticbarcelona.com\/wp-content\/uploads\/2021\/05\/loquehablayloquenohabla_inhibicion-300x291.jpg 300w, https:\/\/forumpsicoanaliticbarcelona.com\/wp-content\/uploads\/2021\/05\/loquehablayloquenohabla_inhibicion-150x146.jpg 150w, https:\/\/forumpsicoanaliticbarcelona.com\/wp-content\/uploads\/2021\/05\/loquehablayloquenohabla_inhibicion-768x745.jpg 768w\" sizes=\"(max-width: 838px) 100vw, 838px\" \/>\t\t\t\t\t\t\t\t\t\t\t\t\t\t\t<\/div>\n\t\t\t\t<\/div>\n\t\t\t\t\t<\/div>\n\t\t<\/div>\n\t\t\t\t\t<\/div>\n\t\t<\/section>\n\t\t\t\t<section class=\"elementor-section elementor-top-section elementor-element elementor-element-ea334ef elementor-section-boxed elementor-section-height-default elementor-section-height-default\" data-id=\"ea334ef\" data-element_type=\"section\">\n\t\t\t\t\t\t<div class=\"elementor-container elementor-column-gap-default\">\n\t\t\t\t\t<div class=\"elementor-column elementor-col-100 elementor-top-column elementor-element elementor-element-8623cbc\" data-id=\"8623cbc\" data-element_type=\"column\">\n\t\t\t<div class=\"elementor-widget-wrap elementor-element-populated\">\n\t\t\t\t\t\t<div class=\"elementor-element elementor-element-db89936 elementor-widget elementor-widget-text-editor\" data-id=\"db89936\" data-element_type=\"widget\" data-widget_type=\"text-editor.default\">\n\t\t\t\t<div class=\"elementor-widget-container\">\n\t\t\t\t\t\t\t\t\t<h3>Un caso de la cl\u00ednica como ejemplo<\/h3>\t\t\t\t\t\t\t\t<\/div>\n\t\t\t\t<\/div>\n\t\t\t\t\t<\/div>\n\t\t<\/div>\n\t\t\t\t\t<\/div>\n\t\t<\/section>\n\t\t\t\t<section class=\"elementor-section elementor-top-section elementor-element elementor-element-0d9e592 elementor-section-boxed elementor-section-height-default elementor-section-height-default\" data-id=\"0d9e592\" data-element_type=\"section\">\n\t\t\t\t\t\t<div class=\"elementor-container elementor-column-gap-default\">\n\t\t\t\t\t<div class=\"elementor-column elementor-col-100 elementor-top-column elementor-element elementor-element-a069622\" data-id=\"a069622\" data-element_type=\"column\">\n\t\t\t<div class=\"elementor-widget-wrap elementor-element-populated\">\n\t\t\t\t\t\t<div class=\"elementor-element elementor-element-9dcb3e6 elementor-widget elementor-widget-text-editor\" data-id=\"9dcb3e6\" data-element_type=\"widget\" data-widget_type=\"text-editor.default\">\n\t\t\t\t<div class=\"elementor-widget-container\">\n\t\t\t\t\t\t\t\t\t<p>Un breve ejemplo de la cl\u00ednica, para intentar ver algunas de estas cuestiones:<\/p><ul><li>Se trata de un antiguo paciente cuyo caso en alg\u00fan momento present\u00e9 y que lo he trabajado en T\u00e9cnica con los alumnos del <a href=\"https:\/\/accep.org\/master-en-teoria-y-practica-psicoanalitica\/\" target=\"_blank\" rel=\"noopener\">Master<\/a> (Ahora no lo presentar\u00e9 completo, sino los aspectos que nos sirven como ejemplo pr\u00e1ctico de algunas cuestiones enunciadas aqu\u00ed)<\/li><\/ul><p>Al comienzo habla y habla vaguedades, entre las cuales acent\u00faa su pretendida rivalidad conmigo. Pretende que el an\u00e1lisis ser\u00e1 como un juego donde yo le ver\u00e9 las cartas que \u00e9l primero ocultar\u00e1 pero me las mostrar\u00e1 un poquito, para que yo termine ganando la partida. Y m\u00e1s bla-bla-bla, de esa \u201cpalabra vac\u00eda\u201d o \u201clenguaje imaginario\u201d que hablaba Lacan por los a\u00f1os 50 y que situaba en el Grafo del deseo en la primera cadena de lenguaje o Cadena del Enunciado.<\/p><p>Pero hay un lapsus en una sesi\u00f3n: quiere decir \u201chacer\u201d y le sale \u201cnacer\u201d: algo <em>habla de otra manera; <\/em>lo sorprende y lo pone por fin en un terreno m\u00e1s simb\u00f3lico, el de la cadena de asociaciones y recuerdos: por ejemplo, que \u00e9l debi\u00f3 nacer con alg\u00fan defecto, no sabe cu\u00e1l, pues oy\u00f3 decir a su familia que le hab\u00edan tenido que dar \u201chormonas\u201d &#8230; \u00bfQu\u00e9 clase de hormonas y para qu\u00e9?, se pregunta reiteradamente.<\/p><p>Viene entonces un tiempo cercano a la <em>angustia<\/em>: hay algo que le pasa desde hace un tiempo, pero no puede decirlo\u2026no sabe bien qu\u00e9 es ni c\u00f3mo expresarlo\u2026lo horroriza y averg\u00fcenza. Durante varias sesiones habla de eso que <em>no habla, <\/em>pero, claro est\u00e1, le acrecienta la angustia, sobre todo cuando consigue decir que <em>eso <\/em>tiene que ver con su <em>cuerpo- <\/em>Recordemos lo que se dec\u00eda hace un momento, que Lacan en La Tercera coloca la Angustia como \u201cun desbordamiento de lo Real en lo Imaginario\u201d y hemos visto en el precedente NB de 3 con sus <em>inmicciones<\/em>. De forma equivalente, hace aparecer el CUERPO dentro del C\u00edrculo Imaginario; pero, en tanto cuerpo que goza, tambi\u00e9n est\u00e1 dentro de lo Real de la \u201cvida\u201d. Est\u00e1 claro que este Sujeto, casi sin poder hablar, se est\u00e1 situando entre lo Imaginario y lo Real.<\/p><p>Esto queda confirmado cuando en una sesi\u00f3n se agita mucho, se entrecorta lo que intenta decir, hasta que puede formular: \u201cCreo que tengo miedo o ganas que mi cuerpo sea el de una mujer, pero no lo sab\u00eda\u2026\u201d Tampoco sabe ahora qu\u00e9 es propiamente eso que le pasa a su cuerpo (Os recuerdo que este an\u00e1lisis fue hace tiempo, empezando los a\u00f1os 90, muy alejados del discurso tolerante actual sobre otras identidades de g\u00e9nero o sexo- sobre lo que estamos trabajando en ACCEP). Son varias las sesiones en que eso insiste; lo repite sin avanzar en nada m\u00e1s que en su angustia. En mi posici\u00f3n de quien conduce esa cura- y menos experimentada que en la actualidad- callo m\u00e1s que intervenir con palabras, espero, corto alguna vez\u2026<\/p><p>Pero ni esa sacudida que se le produjo, ni su posterior detenci\u00f3n, en absoluto le hacen dejar el an\u00e1lisis; hasta que en un momento- no s\u00e9 o no recuerdo c\u00f3mo- vuelve a abrirse su inconsciente-lenguaje, y a pasar de lo que <em>no habla <\/em>a lo que otra vez empieza a hablar, con m\u00e1s recuerdos y asociaciones; como por ejemplo, que su madre lo hubiera preferido ni\u00f1a (ten\u00eda otro hermano var\u00f3n, mayor), que ella le demandaba que fuera \u201cmodosito\u201d, que no abriera las piernas cuando se sentaba\u2026\u201d<em>como se le pide a las ni\u00f1as<\/em>\u201d. Hasta que, al fin, su cadena asociativa- la Cadena de la Enunciaci\u00f3n del Grafo- le lleva a algo m\u00e1s actual, sucedido un tiempo antes de empezar su an\u00e1lisis y que resulta bien determinante de lo que realmente lo angustia:<\/p><p>\u00a0\u00a0\u00a0\u00a0\u00a0\u00a0\u00a0\u00a0\u00a0\u00a0\u00a0\u00a0\u00a0\u00a0\u00a0\u00a0\u00a0\u00a0\u00a0\u00a0\u00a0\u00a0\u00a0\u00a0\u00a0\u00a0\u00a0\u00a0\u00a0\u00a0\u00a0\u00a0\u00a0\u00a0\u00a0\u00a0\u00a0\u00a0 <strong>I &#8211; GENERACI\u00d3N DEL GRAFO DEL DESEO<\/strong><\/p>\t\t\t\t\t\t\t\t<\/div>\n\t\t\t\t<\/div>\n\t\t\t\t\t<\/div>\n\t\t<\/div>\n\t\t\t\t\t<\/div>\n\t\t<\/section>\n\t\t\t\t<section class=\"elementor-section elementor-top-section elementor-element elementor-element-013c4c9 elementor-section-boxed elementor-section-height-default elementor-section-height-default\" data-id=\"013c4c9\" data-element_type=\"section\">\n\t\t\t\t\t\t<div class=\"elementor-container elementor-column-gap-default\">\n\t\t\t\t\t<div class=\"elementor-column elementor-col-100 elementor-top-column elementor-element elementor-element-c6fad9b\" data-id=\"c6fad9b\" data-element_type=\"column\">\n\t\t\t<div class=\"elementor-widget-wrap elementor-element-populated\">\n\t\t\t\t\t\t<div class=\"elementor-element elementor-element-377881e elementor-widget elementor-widget-image\" data-id=\"377881e\" data-element_type=\"widget\" data-widget_type=\"image.default\">\n\t\t\t\t<div class=\"elementor-widget-container\">\n\t\t\t\t\t\t\t\t\t\t\t\t\t\t\t<img loading=\"lazy\" decoding=\"async\" width=\"399\" height=\"519\" src=\"https:\/\/forumpsicoanaliticbarcelona.com\/wp-content\/uploads\/2021\/05\/loquehablayloquenohabla_grafodeldeseo.png\" class=\"attachment-large size-large wp-image-2795\" alt=\"loquehablayloquenohabla_grafodeldeseo\" srcset=\"https:\/\/forumpsicoanaliticbarcelona.com\/wp-content\/uploads\/2021\/05\/loquehablayloquenohabla_grafodeldeseo.png 399w, https:\/\/forumpsicoanaliticbarcelona.com\/wp-content\/uploads\/2021\/05\/loquehablayloquenohabla_grafodeldeseo-231x300.png 231w, https:\/\/forumpsicoanaliticbarcelona.com\/wp-content\/uploads\/2021\/05\/loquehablayloquenohabla_grafodeldeseo-115x150.png 115w\" sizes=\"(max-width: 399px) 100vw, 399px\" \/>\t\t\t\t\t\t\t\t\t\t\t\t\t\t\t<\/div>\n\t\t\t\t<\/div>\n\t\t\t\t\t<\/div>\n\t\t<\/div>\n\t\t\t\t\t<\/div>\n\t\t<\/section>\n\t\t\t\t<section class=\"elementor-section elementor-top-section elementor-element elementor-element-c97a5f5 elementor-section-boxed elementor-section-height-default elementor-section-height-default\" data-id=\"c97a5f5\" data-element_type=\"section\">\n\t\t\t\t\t\t<div class=\"elementor-container elementor-column-gap-default\">\n\t\t\t\t\t<div class=\"elementor-column elementor-col-100 elementor-top-column elementor-element elementor-element-3805d45\" data-id=\"3805d45\" data-element_type=\"column\">\n\t\t\t<div class=\"elementor-widget-wrap elementor-element-populated\">\n\t\t\t\t\t\t<div class=\"elementor-element elementor-element-d155ea4 elementor-widget elementor-widget-text-editor\" data-id=\"d155ea4\" data-element_type=\"widget\" data-widget_type=\"text-editor.default\">\n\t\t\t\t<div class=\"elementor-widget-container\">\n\t\t\t\t\t\t\t\t\t<p>Conoce una chica militante feminista; intenta hacer el amor con ella; pero no puede\u2026se inhibe y se va. Desde entonces tiene un pensamiento que no cesa. Es un <em>slogan<\/em> de las feministas: \u201ccontra la violaci\u00f3n, castraci\u00f3n\u201d. He aqu\u00ed lo que literalmente Freud llam\u00f3: <em>angustia de castraci\u00f3n<\/em>, que se articula en este paciente- en absoluto psic\u00f3tico- como <em>p\u00e1nico y\/o deseo, y tambi\u00e9n goce, de que su cuerpo devenga el cuerpo de una mujer\u2026<\/em>tal vez lo que su madre le demandaba haber sido, o <em>nacido.<\/em><\/p><p>Su an\u00e1lisis prosigui\u00f3 varios a\u00f1os, pero no prosigui\u00f3 su angustia ni sus sensaciones corporales ni sus imaginarizaciones. Pero no es la intenci\u00f3n de esta presentaci\u00f3n desarrollar un caso cl\u00ednico, sino tomar un ejemplo a trav\u00e9s del cual hacer algunas reflexiones sobre el tema que he elegido, en relaci\u00f3n con nuestra pr\u00e1ctica psicoanal\u00edtica:<\/p><p><em>Lo<\/em><em> que no habla <\/em>siempre estar\u00e1 ah\u00ed, al acecho, y as\u00ed tiene que ser: es nuestra \u00c9tica. De ah\u00ed que tambi\u00e9n en ello est\u00e9n implicadas muchas de nuestras acciones o mejor, de nuestros actos como analistas, de los que podemos nombrar algunos:<\/p><ul><li>Nuestro manejo del tiempo, de las escansiones, de los cortes: \u00bfqu\u00e9 es el corte de una sesi\u00f3n, sino dejar paso a lo que <em>cesa de decirse, <\/em>es decir, a lo que <em>no habla<\/em>? Claro que, a la siguiente sesi\u00f3n, el Sujeto intentar\u00e1 hablar de eso que, por culpa de haber puesto ese punto a su frase, dej\u00f3 de hablar.<\/li><li>Requerir lo <em>presencial <\/em>que se dice ahora, es decir, optar por dar lugar a la <em>presencia del analista <\/em>en \u00e9poca de triunfo de las pantallas. Sabemos por Lacan, y tambi\u00e9n por Freud, y por nuestra propia experiencia, qu\u00e9 pasa cuando el analizante, ante el silencio del analista, advierte de pronto: \u00bfEst\u00e1 usted ah\u00ed? Una mezcla de ausencia y de presencia que, a su vez, provoca eso que Lacan nombr\u00f3 como el \u201ccierre del Inconsciente\u201d, con un efecto a su vez de silencio en el analizante que puede indicar, nos dice Lacan, la cercan\u00eda del <em>objeto<\/em>, a veces con producci\u00f3n de angustia.<\/li><li>Si bien, como hemos dicho, esas breves experiencias o inmicciones de lo Real <em>que no habla<\/em>, no estar\u00e1n ausentes en un an\u00e1lisis- como hemos visto en el ejemplo y en cualquier otro an\u00e1lisis- sin embargo, habr\u00e1 que modular y mantener un equilibrio para que el an\u00e1lisis no se interrumpa o \u201cacabe\u201d prematuramente; <em>lo que habla<\/em> debe volver una y mil veces, aunque tambi\u00e9n para volver a callar\u2026<\/li><\/ul><p>Y as\u00ed en una dial\u00e9ctica que, pasados los tiempos l\u00f3gicos y cronol\u00f3gicos, en un momento dado se resolver\u00e1 por lo que <em>ya no puede decir m\u00e1s<\/em>, de modo que el an\u00e1lisis acabar\u00e1 como hab\u00eda empezado: por <em>eso que no habla<\/em>, y que Lacan lo expres\u00f3 de una forma simple en el Prefacio a la Edici\u00f3n Inglesa del Seminario XI- 1976: <em>\u201cCuando el esp\u2026de un laps\u2026\u201d <\/em>Ya los lapsus no son lo que eran para el que est\u00e1 dejando de ser analizante; ahora los lapsus y los sue\u00f1os ya no se quiere que sigan hablando\u2026despu\u00e9s de haberlos hecho hablar hasta el agotamiento; un agotamiento que, como muestra Lacan en ese mismo texto, implicar\u00e1 obtener una <em>satisfacci\u00f3n <\/em>concomitante: la de haber podido dejar atr\u00e1s <em>eso que habla<\/em> de un Inconsciente lenguaje y asomarse a otra modalidad, m\u00e1s \u201creal\u201d del Inconsciente que ya no quiere seguir hablando, liber\u00e1ndose as\u00ed de su \u201cverdad mentirosa\u201d.<\/p><p>A modo de otro ejemplo para este otro momento, final, del an\u00e1lisis, voy a contarles el sue\u00f1o que tuve cuando me acercaba a la terminaci\u00f3n de mi propio an\u00e1lisis:<\/p><p>Me hallaba en una fiesta en la parte alta de una casa de campo, con colegas analistas que en el sue\u00f1o reconozco. Uno de ellos- de los m\u00e1s destacados de entonces, y tambi\u00e9n en la actualidad- se entretiene absorto haciendo un juego como de malabares con unos peque\u00f1os objetos luminosos y de colores (en esa \u00e9poca los AE testimoniaban de un cierto \u201crel\u00e1mpago\u201d o equivalente\u2026) \u00a0\u00c9l es un psicoanalista con todas las letras, pero \u00a1qu\u00e9 rid\u00edculo! &#8211; pienso en el sue\u00f1o- En ese momento- es de noche- una colega se asoma a un ventanal, mira hacia abajo y pega un grito aterrador. Todo se para y yo deseo y no deseo acercarme a esa ventana a ver eso tremendo que ella ha visto. Opto aterrada por ir y mirar para abajo. Y lo que veo es\u2026Nada. No me despierto. S\u00f3lo recuerdo el sue\u00f1o por la ma\u00f1ana. Ahora no voy a comentarlo, pero creo que sirve para continuar y acabar mi reflexi\u00f3n:<\/p><p>No obstante todo esto, me pregunto si \u00bfacaba <em>lo que habla<\/em> cuando sobreviene ese final? Creo que no todo ni siempre; que acaba s\u00ed como experiencia de palabra en ese dispositivo- el anal\u00edtico-creado para su despliegue. Pero no acaba en la continuaci\u00f3n de la vida del sujeto aun cuando se vea aliviado o liberado de su s\u00edntoma, y aun cuando de \u00e9ste haya podido extraer un <em>Sinthome<\/em>, es decir, un nombre m\u00e1s propio que el Nombre del Padre\u2026Aun todo eso, el <em>Ics que habla<\/em> seguir\u00e1 siendo una hip\u00f3tesis para ese sujeto. Si adem\u00e1s \u00e9l- o qui\u00e9n sea- deviniera analista, bueno \u00a1ser\u00e1 su hip\u00f3tesis de trabajo!: la hip\u00f3tesis a proponer a los que sean sus analizantes; pero sabiendo que deber\u00e1 dejar lugar al surgimiento de cualquier <em>acontecimiento<\/em> que provoque <em>eso que no habla<\/em>, porque creo una vez m\u00e1s que en eso consiste nuestra \u00c9tica.<\/p><p><strong><em>In\u00e9s Rosales Manfredi<\/em><\/strong><br \/>Barcelona, mayo de 2021<\/p>\t\t\t\t\t\t\t\t<\/div>\n\t\t\t\t<\/div>\n\t\t\t\t\t<\/div>\n\t\t<\/div>\n\t\t\t\t\t<\/div>\n\t\t<\/section>\n\t\t\t\t<\/div>\n\t\t","protected":false},"excerpt":{"rendered":"<div class=\"tmnf_excerpt\"><p>Escrito por Mar\u00eda In\u00e9s Rosales el 21 de mayo del 2021 Este es el t\u00edtulo que yo hab\u00eda elegido para mi trabajo individual de un cartel preparatorio a lo que fue nuestro Encuentro Internacional de octubre de 2018 en Barcelona, del que fui + 1, y cuyo tema general era: \u201cEl an\u00e1lisis orientado hacia\/por lo &hellip;<\/p>\n<\/div>","protected":false},"author":1,"featured_media":2776,"comment_status":"open","ping_status":"open","sticky":false,"template":"","format":"standard","meta":{"footnotes":""},"categories":[27],"tags":[64,62,51,65],"class_list":["post-2772","post","type-post","status-publish","format-standard","has-post-thumbnail","hentry","category-activitats-espai-escola","tag-grafo-del-deseo","tag-habla-2","tag-la-palabra","tag-simbolico"],"yoast_head":"<!-- This site is optimized with the Yoast SEO plugin v28.2 - https:\/\/yoast.com\/product\/yoast-seo-wordpress\/ -->\n<title>Lo que habla y lo que no habla - F\u00f2rum Psicoanal\u00edtic Barcelona<\/title>\n<meta name=\"description\" content=\"Lo que no habla siempre estar\u00e1 ah\u00ed, al acecho, y as\u00ed tiene que ser: es nuestra \u00c9tica. De ah\u00ed que tambi\u00e9n en ello est\u00e9n implicadas muchas de nuestras acciones o mejor, de nuestros actos como analistas: Nuestro manejo del tiempo, de las escansiones, de los cortes, requerir lo presencial, modular y mantener un equilibrio para que el an\u00e1lisis no se interrumpa o \u201cacabe\u201d prematuramente; lo que habla debe volver una y mil veces, aunque tambi\u00e9n para volver a callar\u2026\" \/>\n<meta name=\"robots\" content=\"index, follow, max-snippet:-1, max-image-preview:large, max-video-preview:-1\" \/>\n<link rel=\"canonical\" href=\"https:\/\/forumpsicoanaliticbarcelona.com\/es\/lo-que-habla-y-lo-que-no-habla\/\" \/>\n<meta property=\"og:locale\" content=\"es_ES\" \/>\n<meta property=\"og:type\" content=\"article\" \/>\n<meta property=\"og:title\" content=\"Lo que habla y lo que no habla - F\u00f2rum Psicoanal\u00edtic Barcelona\" \/>\n<meta property=\"og:description\" content=\"Lo que no habla siempre estar\u00e1 ah\u00ed, al acecho, y as\u00ed tiene que ser: es nuestra \u00c9tica. De ah\u00ed que tambi\u00e9n en ello est\u00e9n implicadas muchas de nuestras acciones o mejor, de nuestros actos como analistas: Nuestro manejo del tiempo, de las escansiones, de los cortes, requerir lo presencial, modular y mantener un equilibrio para que el an\u00e1lisis no se interrumpa o \u201cacabe\u201d prematuramente; lo que habla debe volver una y mil veces, aunque tambi\u00e9n para volver a callar\u2026\" \/>\n<meta property=\"og:url\" content=\"https:\/\/forumpsicoanaliticbarcelona.com\/es\/lo-que-habla-y-lo-que-no-habla\/\" \/>\n<meta property=\"og:site_name\" content=\"F\u00f2rum Psicoanal\u00edtic Barcelona\" \/>\n<meta property=\"article:publisher\" content=\"https:\/\/www.facebook.com\/forumpsicoanaliticbarcelona\/\" \/>\n<meta property=\"article:published_time\" content=\"2021-05-31T09:09:11+00:00\" \/>\n<meta property=\"article:modified_time\" content=\"2024-04-08T19:01:34+00:00\" \/>\n<meta property=\"og:image\" content=\"https:\/\/forumpsicoanaliticbarcelona.com\/wp-content\/uploads\/2021\/05\/espaiescolamayoMINIescrito.png\" \/>\n\t<meta property=\"og:image:width\" content=\"1020\" \/>\n\t<meta property=\"og:image:height\" content=\"1020\" \/>\n\t<meta property=\"og:image:type\" content=\"image\/png\" \/>\n<meta name=\"author\" content=\"admin-fpb\" \/>\n<meta name=\"twitter:card\" content=\"summary_large_image\" \/>\n<meta name=\"twitter:label1\" content=\"Escrito por\" \/>\n\t<meta name=\"twitter:data1\" content=\"admin-fpb\" \/>\n\t<meta name=\"twitter:label2\" content=\"Tiempo de lectura\" \/>\n\t<meta name=\"twitter:data2\" content=\"16 minutos\" \/>\n<script type=\"application\/ld+json\" class=\"yoast-schema-graph\">{\"@context\":\"https:\\\/\\\/schema.org\",\"@graph\":[{\"@type\":\"Article\",\"@id\":\"https:\\\/\\\/forumpsicoanaliticbarcelona.com\\\/es\\\/lo-que-habla-y-lo-que-no-habla\\\/#article\",\"isPartOf\":{\"@id\":\"https:\\\/\\\/forumpsicoanaliticbarcelona.com\\\/es\\\/lo-que-habla-y-lo-que-no-habla\\\/\"},\"author\":{\"name\":\"admin-fpb\",\"@id\":\"https:\\\/\\\/forumpsicoanaliticbarcelona.com\\\/es\\\/#\\\/schema\\\/person\\\/98c7eb87d720f9d38844fa66887ac616\"},\"headline\":\"Lo que habla y lo que no habla\",\"datePublished\":\"2021-05-31T09:09:11+00:00\",\"dateModified\":\"2024-04-08T19:01:34+00:00\",\"mainEntityOfPage\":{\"@id\":\"https:\\\/\\\/forumpsicoanaliticbarcelona.com\\\/es\\\/lo-que-habla-y-lo-que-no-habla\\\/\"},\"wordCount\":3141,\"commentCount\":0,\"publisher\":{\"@id\":\"https:\\\/\\\/forumpsicoanaliticbarcelona.com\\\/es\\\/#organization\"},\"image\":{\"@id\":\"https:\\\/\\\/forumpsicoanaliticbarcelona.com\\\/es\\\/lo-que-habla-y-lo-que-no-habla\\\/#primaryimage\"},\"thumbnailUrl\":\"https:\\\/\\\/forumpsicoanaliticbarcelona.com\\\/wp-content\\\/uploads\\\/2021\\\/05\\\/espaiescolamayoMINIescrito.png\",\"keywords\":[\"grafo del deseo\",\"habla\",\"la palabra\",\"simb\u00f3lico\"],\"articleSection\":[\"Activitats Espai Escola\"],\"inLanguage\":\"es\",\"potentialAction\":[{\"@type\":\"CommentAction\",\"name\":\"Comment\",\"target\":[\"https:\\\/\\\/forumpsicoanaliticbarcelona.com\\\/es\\\/lo-que-habla-y-lo-que-no-habla\\\/#respond\"]}]},{\"@type\":\"WebPage\",\"@id\":\"https:\\\/\\\/forumpsicoanaliticbarcelona.com\\\/es\\\/lo-que-habla-y-lo-que-no-habla\\\/\",\"url\":\"https:\\\/\\\/forumpsicoanaliticbarcelona.com\\\/es\\\/lo-que-habla-y-lo-que-no-habla\\\/\",\"name\":\"Lo que habla y lo que no habla - F\u00f2rum Psicoanal\u00edtic Barcelona\",\"isPartOf\":{\"@id\":\"https:\\\/\\\/forumpsicoanaliticbarcelona.com\\\/es\\\/#website\"},\"primaryImageOfPage\":{\"@id\":\"https:\\\/\\\/forumpsicoanaliticbarcelona.com\\\/es\\\/lo-que-habla-y-lo-que-no-habla\\\/#primaryimage\"},\"image\":{\"@id\":\"https:\\\/\\\/forumpsicoanaliticbarcelona.com\\\/es\\\/lo-que-habla-y-lo-que-no-habla\\\/#primaryimage\"},\"thumbnailUrl\":\"https:\\\/\\\/forumpsicoanaliticbarcelona.com\\\/wp-content\\\/uploads\\\/2021\\\/05\\\/espaiescolamayoMINIescrito.png\",\"datePublished\":\"2021-05-31T09:09:11+00:00\",\"dateModified\":\"2024-04-08T19:01:34+00:00\",\"description\":\"Lo que no habla siempre estar\u00e1 ah\u00ed, al acecho, y as\u00ed tiene que ser: es nuestra \u00c9tica. De ah\u00ed que tambi\u00e9n en ello est\u00e9n implicadas muchas de nuestras acciones o mejor, de nuestros actos como analistas: Nuestro manejo del tiempo, de las escansiones, de los cortes, requerir lo presencial, modular y mantener un equilibrio para que el an\u00e1lisis no se interrumpa o \u201cacabe\u201d prematuramente; lo que habla debe volver una y mil veces, aunque tambi\u00e9n para volver a callar\u2026\",\"breadcrumb\":{\"@id\":\"https:\\\/\\\/forumpsicoanaliticbarcelona.com\\\/es\\\/lo-que-habla-y-lo-que-no-habla\\\/#breadcrumb\"},\"inLanguage\":\"es\",\"potentialAction\":[{\"@type\":\"ReadAction\",\"target\":[\"https:\\\/\\\/forumpsicoanaliticbarcelona.com\\\/es\\\/lo-que-habla-y-lo-que-no-habla\\\/\"]}]},{\"@type\":\"ImageObject\",\"inLanguage\":\"es\",\"@id\":\"https:\\\/\\\/forumpsicoanaliticbarcelona.com\\\/es\\\/lo-que-habla-y-lo-que-no-habla\\\/#primaryimage\",\"url\":\"https:\\\/\\\/forumpsicoanaliticbarcelona.com\\\/wp-content\\\/uploads\\\/2021\\\/05\\\/espaiescolamayoMINIescrito.png\",\"contentUrl\":\"https:\\\/\\\/forumpsicoanaliticbarcelona.com\\\/wp-content\\\/uploads\\\/2021\\\/05\\\/espaiescolamayoMINIescrito.png\",\"width\":1020,\"height\":1020,\"caption\":\"loquehablayloquenohabla\"},{\"@type\":\"BreadcrumbList\",\"@id\":\"https:\\\/\\\/forumpsicoanaliticbarcelona.com\\\/es\\\/lo-que-habla-y-lo-que-no-habla\\\/#breadcrumb\",\"itemListElement\":[{\"@type\":\"ListItem\",\"position\":1,\"name\":\"Portada\",\"item\":\"https:\\\/\\\/forumpsicoanaliticbarcelona.com\\\/es\\\/\"},{\"@type\":\"ListItem\",\"position\":2,\"name\":\"Lo que habla y lo que no habla\"}]},{\"@type\":\"WebSite\",\"@id\":\"https:\\\/\\\/forumpsicoanaliticbarcelona.com\\\/es\\\/#website\",\"url\":\"https:\\\/\\\/forumpsicoanaliticbarcelona.com\\\/es\\\/\",\"name\":\"F\u00f2rum Psicoanal\u00edtic Barcelona\",\"description\":\"Associaci\u00f3 dedicada a l&#039;estudi, transmissi\u00f3 i desenvolupament de la Psicoan\u00e0lisi - Esdeveniments\",\"publisher\":{\"@id\":\"https:\\\/\\\/forumpsicoanaliticbarcelona.com\\\/es\\\/#organization\"},\"potentialAction\":[{\"@type\":\"SearchAction\",\"target\":{\"@type\":\"EntryPoint\",\"urlTemplate\":\"https:\\\/\\\/forumpsicoanaliticbarcelona.com\\\/es\\\/?s={search_term_string}\"},\"query-input\":{\"@type\":\"PropertyValueSpecification\",\"valueRequired\":true,\"valueName\":\"search_term_string\"}}],\"inLanguage\":\"es\"},{\"@type\":\"Organization\",\"@id\":\"https:\\\/\\\/forumpsicoanaliticbarcelona.com\\\/es\\\/#organization\",\"name\":\"F\u00f2rum Psicoanal\u00edtic Barcelona\",\"alternateName\":\"FPB\",\"url\":\"https:\\\/\\\/forumpsicoanaliticbarcelona.com\\\/es\\\/\",\"logo\":{\"@type\":\"ImageObject\",\"inLanguage\":\"es\",\"@id\":\"https:\\\/\\\/forumpsicoanaliticbarcelona.com\\\/es\\\/#\\\/schema\\\/logo\\\/image\\\/\",\"url\":\"https:\\\/\\\/forumpsicoanaliticbarcelona.com\\\/wp-content\\\/uploads\\\/2020\\\/05\\\/FPB_logo.png\",\"contentUrl\":\"https:\\\/\\\/forumpsicoanaliticbarcelona.com\\\/wp-content\\\/uploads\\\/2020\\\/05\\\/FPB_logo.png\",\"width\":400,\"height\":184,\"caption\":\"F\u00f2rum Psicoanal\u00edtic Barcelona\"},\"image\":{\"@id\":\"https:\\\/\\\/forumpsicoanaliticbarcelona.com\\\/es\\\/#\\\/schema\\\/logo\\\/image\\\/\"},\"sameAs\":[\"https:\\\/\\\/www.facebook.com\\\/forumpsicoanaliticbarcelona\\\/\",\"https:\\\/\\\/www.instagram.com\\\/forumpsicoanalitic\\\/\"]},{\"@type\":\"Person\",\"@id\":\"https:\\\/\\\/forumpsicoanaliticbarcelona.com\\\/es\\\/#\\\/schema\\\/person\\\/98c7eb87d720f9d38844fa66887ac616\",\"name\":\"admin-fpb\",\"image\":{\"@type\":\"ImageObject\",\"inLanguage\":\"es\",\"@id\":\"https:\\\/\\\/secure.gravatar.com\\\/avatar\\\/83ab03c23a4a141c515cd2d17f5b3551a9c4f1066602ea60ed8ce52554092ada?s=96&d=mm&r=g\",\"url\":\"https:\\\/\\\/secure.gravatar.com\\\/avatar\\\/83ab03c23a4a141c515cd2d17f5b3551a9c4f1066602ea60ed8ce52554092ada?s=96&d=mm&r=g\",\"contentUrl\":\"https:\\\/\\\/secure.gravatar.com\\\/avatar\\\/83ab03c23a4a141c515cd2d17f5b3551a9c4f1066602ea60ed8ce52554092ada?s=96&d=mm&r=g\",\"caption\":\"admin-fpb\"},\"url\":\"https:\\\/\\\/forumpsicoanaliticbarcelona.com\\\/es\\\/author\\\/admin-fpb\\\/\"}]}<\/script>\n<!-- \/ Yoast SEO plugin. -->","yoast_head_json":{"title":"Lo que habla y lo que no habla - F\u00f2rum Psicoanal\u00edtic Barcelona","description":"Lo que no habla siempre estar\u00e1 ah\u00ed, al acecho, y as\u00ed tiene que ser: es nuestra \u00c9tica. De ah\u00ed que tambi\u00e9n en ello est\u00e9n implicadas muchas de nuestras acciones o mejor, de nuestros actos como analistas: Nuestro manejo del tiempo, de las escansiones, de los cortes, requerir lo presencial, modular y mantener un equilibrio para que el an\u00e1lisis no se interrumpa o \u201cacabe\u201d prematuramente; lo que habla debe volver una y mil veces, aunque tambi\u00e9n para volver a callar\u2026","robots":{"index":"index","follow":"follow","max-snippet":"max-snippet:-1","max-image-preview":"max-image-preview:large","max-video-preview":"max-video-preview:-1"},"canonical":"https:\/\/forumpsicoanaliticbarcelona.com\/es\/lo-que-habla-y-lo-que-no-habla\/","og_locale":"es_ES","og_type":"article","og_title":"Lo que habla y lo que no habla - F\u00f2rum Psicoanal\u00edtic Barcelona","og_description":"Lo que no habla siempre estar\u00e1 ah\u00ed, al acecho, y as\u00ed tiene que ser: es nuestra \u00c9tica. De ah\u00ed que tambi\u00e9n en ello est\u00e9n implicadas muchas de nuestras acciones o mejor, de nuestros actos como analistas: Nuestro manejo del tiempo, de las escansiones, de los cortes, requerir lo presencial, modular y mantener un equilibrio para que el an\u00e1lisis no se interrumpa o \u201cacabe\u201d prematuramente; lo que habla debe volver una y mil veces, aunque tambi\u00e9n para volver a callar\u2026","og_url":"https:\/\/forumpsicoanaliticbarcelona.com\/es\/lo-que-habla-y-lo-que-no-habla\/","og_site_name":"F\u00f2rum Psicoanal\u00edtic Barcelona","article_publisher":"https:\/\/www.facebook.com\/forumpsicoanaliticbarcelona\/","article_published_time":"2021-05-31T09:09:11+00:00","article_modified_time":"2024-04-08T19:01:34+00:00","og_image":[{"width":1020,"height":1020,"url":"https:\/\/forumpsicoanaliticbarcelona.com\/wp-content\/uploads\/2021\/05\/espaiescolamayoMINIescrito.png","type":"image\/png"}],"author":"admin-fpb","twitter_card":"summary_large_image","twitter_misc":{"Escrito por":"admin-fpb","Tiempo de lectura":"16 minutos"},"schema":{"@context":"https:\/\/schema.org","@graph":[{"@type":"Article","@id":"https:\/\/forumpsicoanaliticbarcelona.com\/es\/lo-que-habla-y-lo-que-no-habla\/#article","isPartOf":{"@id":"https:\/\/forumpsicoanaliticbarcelona.com\/es\/lo-que-habla-y-lo-que-no-habla\/"},"author":{"name":"admin-fpb","@id":"https:\/\/forumpsicoanaliticbarcelona.com\/es\/#\/schema\/person\/98c7eb87d720f9d38844fa66887ac616"},"headline":"Lo que habla y lo que no habla","datePublished":"2021-05-31T09:09:11+00:00","dateModified":"2024-04-08T19:01:34+00:00","mainEntityOfPage":{"@id":"https:\/\/forumpsicoanaliticbarcelona.com\/es\/lo-que-habla-y-lo-que-no-habla\/"},"wordCount":3141,"commentCount":0,"publisher":{"@id":"https:\/\/forumpsicoanaliticbarcelona.com\/es\/#organization"},"image":{"@id":"https:\/\/forumpsicoanaliticbarcelona.com\/es\/lo-que-habla-y-lo-que-no-habla\/#primaryimage"},"thumbnailUrl":"https:\/\/forumpsicoanaliticbarcelona.com\/wp-content\/uploads\/2021\/05\/espaiescolamayoMINIescrito.png","keywords":["grafo del deseo","habla","la palabra","simb\u00f3lico"],"articleSection":["Activitats Espai Escola"],"inLanguage":"es","potentialAction":[{"@type":"CommentAction","name":"Comment","target":["https:\/\/forumpsicoanaliticbarcelona.com\/es\/lo-que-habla-y-lo-que-no-habla\/#respond"]}]},{"@type":"WebPage","@id":"https:\/\/forumpsicoanaliticbarcelona.com\/es\/lo-que-habla-y-lo-que-no-habla\/","url":"https:\/\/forumpsicoanaliticbarcelona.com\/es\/lo-que-habla-y-lo-que-no-habla\/","name":"Lo que habla y lo que no habla - F\u00f2rum Psicoanal\u00edtic Barcelona","isPartOf":{"@id":"https:\/\/forumpsicoanaliticbarcelona.com\/es\/#website"},"primaryImageOfPage":{"@id":"https:\/\/forumpsicoanaliticbarcelona.com\/es\/lo-que-habla-y-lo-que-no-habla\/#primaryimage"},"image":{"@id":"https:\/\/forumpsicoanaliticbarcelona.com\/es\/lo-que-habla-y-lo-que-no-habla\/#primaryimage"},"thumbnailUrl":"https:\/\/forumpsicoanaliticbarcelona.com\/wp-content\/uploads\/2021\/05\/espaiescolamayoMINIescrito.png","datePublished":"2021-05-31T09:09:11+00:00","dateModified":"2024-04-08T19:01:34+00:00","description":"Lo que no habla siempre estar\u00e1 ah\u00ed, al acecho, y as\u00ed tiene que ser: es nuestra \u00c9tica. De ah\u00ed que tambi\u00e9n en ello est\u00e9n implicadas muchas de nuestras acciones o mejor, de nuestros actos como analistas: Nuestro manejo del tiempo, de las escansiones, de los cortes, requerir lo presencial, modular y mantener un equilibrio para que el an\u00e1lisis no se interrumpa o \u201cacabe\u201d prematuramente; lo que habla debe volver una y mil veces, aunque tambi\u00e9n para volver a callar\u2026","breadcrumb":{"@id":"https:\/\/forumpsicoanaliticbarcelona.com\/es\/lo-que-habla-y-lo-que-no-habla\/#breadcrumb"},"inLanguage":"es","potentialAction":[{"@type":"ReadAction","target":["https:\/\/forumpsicoanaliticbarcelona.com\/es\/lo-que-habla-y-lo-que-no-habla\/"]}]},{"@type":"ImageObject","inLanguage":"es","@id":"https:\/\/forumpsicoanaliticbarcelona.com\/es\/lo-que-habla-y-lo-que-no-habla\/#primaryimage","url":"https:\/\/forumpsicoanaliticbarcelona.com\/wp-content\/uploads\/2021\/05\/espaiescolamayoMINIescrito.png","contentUrl":"https:\/\/forumpsicoanaliticbarcelona.com\/wp-content\/uploads\/2021\/05\/espaiescolamayoMINIescrito.png","width":1020,"height":1020,"caption":"loquehablayloquenohabla"},{"@type":"BreadcrumbList","@id":"https:\/\/forumpsicoanaliticbarcelona.com\/es\/lo-que-habla-y-lo-que-no-habla\/#breadcrumb","itemListElement":[{"@type":"ListItem","position":1,"name":"Portada","item":"https:\/\/forumpsicoanaliticbarcelona.com\/es\/"},{"@type":"ListItem","position":2,"name":"Lo que habla y lo que no habla"}]},{"@type":"WebSite","@id":"https:\/\/forumpsicoanaliticbarcelona.com\/es\/#website","url":"https:\/\/forumpsicoanaliticbarcelona.com\/es\/","name":"F\u00f2rum Psicoanal\u00edtic Barcelona","description":"Associaci\u00f3 dedicada a l&#039;estudi, transmissi\u00f3 i desenvolupament de la Psicoan\u00e0lisi - Esdeveniments","publisher":{"@id":"https:\/\/forumpsicoanaliticbarcelona.com\/es\/#organization"},"potentialAction":[{"@type":"SearchAction","target":{"@type":"EntryPoint","urlTemplate":"https:\/\/forumpsicoanaliticbarcelona.com\/es\/?s={search_term_string}"},"query-input":{"@type":"PropertyValueSpecification","valueRequired":true,"valueName":"search_term_string"}}],"inLanguage":"es"},{"@type":"Organization","@id":"https:\/\/forumpsicoanaliticbarcelona.com\/es\/#organization","name":"F\u00f2rum Psicoanal\u00edtic Barcelona","alternateName":"FPB","url":"https:\/\/forumpsicoanaliticbarcelona.com\/es\/","logo":{"@type":"ImageObject","inLanguage":"es","@id":"https:\/\/forumpsicoanaliticbarcelona.com\/es\/#\/schema\/logo\/image\/","url":"https:\/\/forumpsicoanaliticbarcelona.com\/wp-content\/uploads\/2020\/05\/FPB_logo.png","contentUrl":"https:\/\/forumpsicoanaliticbarcelona.com\/wp-content\/uploads\/2020\/05\/FPB_logo.png","width":400,"height":184,"caption":"F\u00f2rum Psicoanal\u00edtic Barcelona"},"image":{"@id":"https:\/\/forumpsicoanaliticbarcelona.com\/es\/#\/schema\/logo\/image\/"},"sameAs":["https:\/\/www.facebook.com\/forumpsicoanaliticbarcelona\/","https:\/\/www.instagram.com\/forumpsicoanalitic\/"]},{"@type":"Person","@id":"https:\/\/forumpsicoanaliticbarcelona.com\/es\/#\/schema\/person\/98c7eb87d720f9d38844fa66887ac616","name":"admin-fpb","image":{"@type":"ImageObject","inLanguage":"es","@id":"https:\/\/secure.gravatar.com\/avatar\/83ab03c23a4a141c515cd2d17f5b3551a9c4f1066602ea60ed8ce52554092ada?s=96&d=mm&r=g","url":"https:\/\/secure.gravatar.com\/avatar\/83ab03c23a4a141c515cd2d17f5b3551a9c4f1066602ea60ed8ce52554092ada?s=96&d=mm&r=g","contentUrl":"https:\/\/secure.gravatar.com\/avatar\/83ab03c23a4a141c515cd2d17f5b3551a9c4f1066602ea60ed8ce52554092ada?s=96&d=mm&r=g","caption":"admin-fpb"},"url":"https:\/\/forumpsicoanaliticbarcelona.com\/es\/author\/admin-fpb\/"}]}},"_links":{"self":[{"href":"https:\/\/forumpsicoanaliticbarcelona.com\/es\/wp-json\/wp\/v2\/posts\/2772","targetHints":{"allow":["GET"]}}],"collection":[{"href":"https:\/\/forumpsicoanaliticbarcelona.com\/es\/wp-json\/wp\/v2\/posts"}],"about":[{"href":"https:\/\/forumpsicoanaliticbarcelona.com\/es\/wp-json\/wp\/v2\/types\/post"}],"author":[{"embeddable":true,"href":"https:\/\/forumpsicoanaliticbarcelona.com\/es\/wp-json\/wp\/v2\/users\/1"}],"replies":[{"embeddable":true,"href":"https:\/\/forumpsicoanaliticbarcelona.com\/es\/wp-json\/wp\/v2\/comments?post=2772"}],"version-history":[{"count":25,"href":"https:\/\/forumpsicoanaliticbarcelona.com\/es\/wp-json\/wp\/v2\/posts\/2772\/revisions"}],"predecessor-version":[{"id":5548,"href":"https:\/\/forumpsicoanaliticbarcelona.com\/es\/wp-json\/wp\/v2\/posts\/2772\/revisions\/5548"}],"wp:featuredmedia":[{"embeddable":true,"href":"https:\/\/forumpsicoanaliticbarcelona.com\/es\/wp-json\/wp\/v2\/media\/2776"}],"wp:attachment":[{"href":"https:\/\/forumpsicoanaliticbarcelona.com\/es\/wp-json\/wp\/v2\/media?parent=2772"}],"wp:term":[{"taxonomy":"category","embeddable":true,"href":"https:\/\/forumpsicoanaliticbarcelona.com\/es\/wp-json\/wp\/v2\/categories?post=2772"},{"taxonomy":"post_tag","embeddable":true,"href":"https:\/\/forumpsicoanaliticbarcelona.com\/es\/wp-json\/wp\/v2\/tags?post=2772"}],"curies":[{"name":"wp","href":"https:\/\/api.w.org\/{rel}","templated":true}]}}