{"id":2558,"date":"2021-05-04T17:39:04","date_gmt":"2021-05-04T17:39:04","guid":{"rendered":"https:\/\/forumpsicoanaliticbarcelona.com\/?p=2558"},"modified":"2024-04-08T19:01:34","modified_gmt":"2024-04-08T19:01:34","slug":"el-deseo-del-ensenante-en-psicoanalisis-y-pedagogia","status":"publish","type":"post","link":"https:\/\/forumpsicoanaliticbarcelona.com\/es\/el-deseo-del-ensenante-en-psicoanalisis-y-pedagogia\/","title":{"rendered":"\u201cEl deseo del ense\u00f1ante\u201d en Psicoan\u00e1lisis y Pedagog\u00eda"},"content":{"rendered":"\t\t<div data-elementor-type=\"wp-post\" data-elementor-id=\"2558\" class=\"elementor elementor-2558\">\n\t\t\t\t\t\t<section class=\"elementor-section elementor-top-section elementor-element elementor-element-c4ffb9a elementor-section-boxed elementor-section-height-default elementor-section-height-default\" data-id=\"c4ffb9a\" data-element_type=\"section\">\n\t\t\t\t\t\t<div class=\"elementor-container elementor-column-gap-default\">\n\t\t\t\t\t<div class=\"elementor-column elementor-col-100 elementor-top-column elementor-element elementor-element-f607bf7\" data-id=\"f607bf7\" data-element_type=\"column\">\n\t\t\t<div class=\"elementor-widget-wrap elementor-element-populated\">\n\t\t\t\t\t\t<div class=\"elementor-element elementor-element-653e22a elementor-widget elementor-widget-text-editor\" data-id=\"653e22a\" data-element_type=\"widget\" data-widget_type=\"text-editor.default\">\n\t\t\t\t<div class=\"elementor-widget-container\">\n\t\t\t\t\t\t\t\t\t<p>[Texto de Josep Monseny, miembro del FPB, originalmente publicado en su <a href=\"https:\/\/josepmonseny.org\/2021\/05\/03\/el-deseo-del-ensenante-en-psicoanalisis-y-pedagogia\/\" target=\"_blank\" rel=\"noopener\">web<\/a>]<\/p>\t\t\t\t\t\t\t\t<\/div>\n\t\t\t\t<\/div>\n\t\t\t\t\t<\/div>\n\t\t<\/div>\n\t\t\t\t\t<\/div>\n\t\t<\/section>\n\t\t\t\t<section class=\"elementor-section elementor-top-section elementor-element elementor-element-31b6ac4 elementor-section-boxed elementor-section-height-default elementor-section-height-default\" data-id=\"31b6ac4\" data-element_type=\"section\">\n\t\t\t\t\t\t<div class=\"elementor-container elementor-column-gap-default\">\n\t\t\t\t\t<div class=\"elementor-column elementor-col-100 elementor-top-column elementor-element elementor-element-9c2e7ca\" data-id=\"9c2e7ca\" data-element_type=\"column\">\n\t\t\t<div class=\"elementor-widget-wrap elementor-element-populated\">\n\t\t\t\t\t\t<div class=\"elementor-element elementor-element-8bde0c4 elementor-widget elementor-widget-text-editor\" data-id=\"8bde0c4\" data-element_type=\"widget\" data-widget_type=\"text-editor.default\">\n\t\t\t\t<div class=\"elementor-widget-container\">\n\t\t\t\t\t\t\t\t\t<blockquote><p><em>La sabidur\u00eda, finalmente, no se pone a prueba en las escuelas.<\/em><br \/><em>La sabidur\u00eda no puede ser transmitida por quien la posee al que no la posee.<\/em><\/p><\/blockquote><p>Walt Withman, Hojas de hierba<\/p>\t\t\t\t\t\t\t\t<\/div>\n\t\t\t\t<\/div>\n\t\t\t\t\t<\/div>\n\t\t<\/div>\n\t\t\t\t\t<\/div>\n\t\t<\/section>\n\t\t\t\t<section class=\"elementor-section elementor-top-section elementor-element elementor-element-187857b elementor-section-boxed elementor-section-height-default elementor-section-height-default\" data-id=\"187857b\" data-element_type=\"section\">\n\t\t\t\t\t\t<div class=\"elementor-container elementor-column-gap-default\">\n\t\t\t\t\t<div class=\"elementor-column elementor-col-100 elementor-top-column elementor-element elementor-element-050179e\" data-id=\"050179e\" data-element_type=\"column\">\n\t\t\t<div class=\"elementor-widget-wrap elementor-element-populated\">\n\t\t\t\t\t\t<div class=\"elementor-element elementor-element-ba5b3d4 elementor-widget elementor-widget-text-editor\" data-id=\"ba5b3d4\" data-element_type=\"widget\" data-widget_type=\"text-editor.default\">\n\t\t\t\t<div class=\"elementor-widget-container\">\n\t\t\t\t\t\t\t\t\t<p>Estamos aqu\u00ed porque hay un colectivo de psicoanalistas y maestros, que desde hace a\u00f1os colaboramos en la reflexi\u00f3n sobre nuestras respectivas praxis: la ense\u00f1anza y el psicoan\u00e1lisis, con la convicci\u00f3n de que siendo dos praxis distintas, <strong>se benefician a la hora de re-plantearse una y otra vez un sentido, sus objetivos, su \u00e9tica<\/strong>\u2026 si dialogan la una con la otra. El psicoan\u00e1lisis es distinto como experiencia,\u00a0 que tiene un efecto terap\u00e9utico tratar los s\u00edntomas y el malestar del sujeto mediante el recurso al inconsciente; sin embargo, esa experiencia\u00a0 tiene un saldo epist\u00e9mico\u00a0en s\u00ed misma, pero tambi\u00e9n existe la cuesti\u00f3n de la transmisi\u00f3n de la experiencia, es decir, la ense\u00f1anza del psicoanalisis. La pedagog\u00eda educa y adem\u00e1s trata de producir una transmisi\u00f3n de saberes tanto en el orden de la <em>episteme<\/em> como de la <em>tecne<\/em>.<\/p><p><strong>En esos intercambios no se trata de imponerse<\/strong>, ni tampoco de confundirse, <strong>sino de interpelarse<\/strong>, de progresar y cooperar.<\/p>\t\t\t\t\t\t\t\t<\/div>\n\t\t\t\t<\/div>\n\t\t\t\t\t<\/div>\n\t\t<\/div>\n\t\t\t\t\t<\/div>\n\t\t<\/section>\n\t\t\t\t<section class=\"elementor-section elementor-top-section elementor-element elementor-element-a2ff7d3 elementor-section-boxed elementor-section-height-default elementor-section-height-default\" data-id=\"a2ff7d3\" data-element_type=\"section\">\n\t\t\t\t\t\t<div class=\"elementor-container elementor-column-gap-default\">\n\t\t\t\t\t<div class=\"elementor-column elementor-col-100 elementor-top-column elementor-element elementor-element-5289a62\" data-id=\"5289a62\" data-element_type=\"column\">\n\t\t\t<div class=\"elementor-widget-wrap elementor-element-populated\">\n\t\t\t\t\t\t<div class=\"elementor-element elementor-element-34bf678 elementor-widget elementor-widget-text-editor\" data-id=\"34bf678\" data-element_type=\"widget\" data-widget_type=\"text-editor.default\">\n\t\t\t\t<div class=\"elementor-widget-container\">\n\t\t\t\t\t\t\t\t\t<p>Eso no es lo normal, y menos en los tiempos que corren, los\u00a0 discursos tienden a cerrarse sobre s\u00ed mismos, y a producir en los sujetos que <strong>los sostienen y les sostiene<\/strong>, ciertos trazos diferenciales de estilo de vida, de modo de pensar, ciertos intereses que a veces les llevan a pensar que no pueden dialogar ni coexistir con otros discursos y y los sujetos que los habitan. Es un rasgo de nuestra \u00e9poca, no se puede ser psic\u00f3logo sin atacar al psicoan\u00e1lisis, no ser cient\u00edfico sin menospreciar a menudo al fil\u00f3sofo, al m\u00edstico\u2026<\/p>\t\t\t\t\t\t\t\t<\/div>\n\t\t\t\t<\/div>\n\t\t\t\t\t<\/div>\n\t\t<\/div>\n\t\t\t\t\t<\/div>\n\t\t<\/section>\n\t\t\t\t<section class=\"elementor-section elementor-top-section elementor-element elementor-element-657d3c0 elementor-section-boxed elementor-section-height-default elementor-section-height-default\" data-id=\"657d3c0\" data-element_type=\"section\">\n\t\t\t\t\t\t<div class=\"elementor-container elementor-column-gap-default\">\n\t\t\t\t\t<div class=\"elementor-column elementor-col-100 elementor-top-column elementor-element elementor-element-c140832\" data-id=\"c140832\" data-element_type=\"column\">\n\t\t\t<div class=\"elementor-widget-wrap elementor-element-populated\">\n\t\t\t\t\t\t<div class=\"elementor-element elementor-element-448741c elementor-widget elementor-widget-text-editor\" data-id=\"448741c\" data-element_type=\"widget\" data-widget_type=\"text-editor.default\">\n\t\t\t\t<div class=\"elementor-widget-container\">\n\t\t\t\t\t\t\t\t\t<p><\/p><p>Todos hemos hecho chistes, ya desde la universidad, sobre los\u00a0 rasgos de los ingenieros, de los abogados\u2026<\/p><p> <\/p><p>Como dir\u00eda Freud, en un texto: \u201cEnsayo de una psicolog\u00eda para neur\u00f3logos\u201d, la constelaci\u00f3n de representaciones inconscientes que la constituci\u00f3n de un sujeto comporta, no solo condicionan <strong>un modo de pensar, de gozar, sino una forma de PERCIBIR<\/strong> el mundo, los otros, obviamente eso constituye una dificultad para dialogar y debatir.<\/p><p> <\/p><p>Sin embargo, los que queremos establecer este di\u00e1logo inter-discursivo, creemos salir de la zona de confort de nuestros h\u00e1bitos, de nuestras peque\u00f1as certezas, de nuestra jerga\u2026 <strong>para ir al encuentro de lo otro.<\/strong><\/p><p> <\/p><p>Los psicoanalistas que trabajamos con ni\u00f1os, nos vemos muy abocados a compartir nuestra labor con la de los maestros, por el bien del proceso del sujeto en el que <strong>ambos intervenimos<\/strong>.<\/p><p> <\/p><p>Y que no tenemos derecho a situarlo en el medio de una \u201cguerra de poderes\u201d que en nada le beneficia cuando por el contrario una <strong>buena colaboraci\u00f3n<\/strong> resulta beneficiosa para los tres: el ni\u00f1o, ante todo, pero tambi\u00e9n el analista que obtiene a menudo una visi\u00f3n interesante del ni\u00f1o, distinto a lo que ofrecen sus padres y enriquece su escucha.<\/p><p> <\/p><p>Y el maestro que<strong> a menudo puede beneficiarse<\/strong> de lo que el analista observa en el inicio y que ayuda a comprender el porqu\u00e9 de ciertas dificultades de aprendizaje.<\/p><p>Hay un texto maravilloso de Freud: \u201cLos que al triunfar fracasan\u201d donde muestra claramente c\u00f3mo el ni\u00f1o que satisface con su vida las demandas del Otro, familiar, pedag\u00f3gico\u2026 social, puede muy bien estar haciendo un holocausto de sus verdaderos deseos, de su identidad, de su felicidad.<\/p><p>Freud, que ten\u00eda en gran estima a los ense\u00f1antes, escribi\u00f3 en el pr\u00f3logo al libro de August Aichhorn \u201cJuventud desamparada\u201d:<\/p><blockquote><p>trabajadores capaces, como su empleo en la teor\u00eda y pr\u00e1ctica de la educaci\u00f3n<\/p><\/blockquote>\t\t\t\t\t\t\t\t<\/div>\n\t\t\t\t<\/div>\n\t\t\t\t\t<\/div>\n\t\t<\/div>\n\t\t\t\t\t<\/div>\n\t\t<\/section>\n\t\t\t\t<section class=\"elementor-section elementor-top-section elementor-element elementor-element-b498ceb elementor-section-boxed elementor-section-height-default elementor-section-height-default\" data-id=\"b498ceb\" data-element_type=\"section\">\n\t\t\t\t\t\t<div class=\"elementor-container elementor-column-gap-default\">\n\t\t\t\t\t<div class=\"elementor-column elementor-col-100 elementor-top-column elementor-element elementor-element-41971f9\" data-id=\"41971f9\" data-element_type=\"column\">\n\t\t\t<div class=\"elementor-widget-wrap elementor-element-populated\">\n\t\t\t\t\t\t<div class=\"elementor-element elementor-element-fd97001 elementor-widget elementor-widget-text-editor\" data-id=\"fd97001\" data-element_type=\"widget\" data-widget_type=\"text-editor.default\">\n\t\t\t\t<div class=\"elementor-widget-container\">\n\t\t\t\t\t\t\t\t\t<p><\/p><p>Hay un dato que corrobora esa importancia, en \u201cLa interpretaci\u00f3n de los sue\u00f1os\u201d<sup>1<\/sup>, en su labor de autoan\u00e1lisis a trav\u00e9s de un sue\u00f1o propio en el que rivaliza con un colega, rememora un deseo infantil de ser un\u00a0profesor extraordinario, ligado a una profec\u00eda que una campesina le hizo a su madre, \u201ceste ni\u00f1o ser\u00e1 un gran hombre\u201d<sup>2<\/sup><\/p><p> <\/p><p>Yo quisiera a\u00f1adir que esa relaci\u00f3n no es unidireccional, en estos largos 14 a\u00f1os de <a href=\"https:\/\/forumpsicoanaliticbarcelona.com\/activitats\/activitats-dels-membres-de-lfpb\/cie\/\">Cl\u00ednica<\/a><a href=\"https:\/\/forumpsicoanaliticbarcelona.com\/activitats\/activitats-dels-membres-de-lfpb\/cie\/\" target=\"_blank\" rel=\"noreferrer noopener\"> i Educaci\u00f3<\/a> y en m\u00e1s de 40 a\u00f1os como psicoanalista que ha tratado a ni\u00f1os en los dispositivos p\u00fablicos de atenci\u00f3n y en el gabinete, <strong>los maestros tambi\u00e9n me han ense\u00f1ado muchas cosas<\/strong>. De hecho es la esencia de la ense\u00f1anza como Lacan afirma: \u201cel ense\u00f1ante aprende\u201d y eso funciona en las dos direcciones. Cuando uno cree que solo uno ense\u00f1a y el otro aprende se inicia una de las causas m\u00e1s frecuentes del fracaso tanto en el di\u00e1logo interdiscursivo, como en la ense\u00f1anza con los ni\u00f1os.<\/p><p> <\/p><p>Un segundo aspecto quisiera resaltar en este largo pr\u00f3logo.<\/p><p> <\/p><p>El di\u00e1logo entre psicoanalista y maestro, viene facilitado o dificultado, no solo por la naturaleza de esos discursos, sino tambi\u00e9n <strong>por las distintas corrientes que hay en su interior.<\/strong><\/p><p><\/p>\t\t\t\t\t\t\t\t<\/div>\n\t\t\t\t<\/div>\n\t\t\t\t\t<\/div>\n\t\t<\/div>\n\t\t\t\t\t<\/div>\n\t\t<\/section>\n\t\t\t\t<section class=\"elementor-section elementor-top-section elementor-element elementor-element-138d4c9 elementor-section-boxed elementor-section-height-default elementor-section-height-default\" data-id=\"138d4c9\" data-element_type=\"section\">\n\t\t\t\t\t\t<div class=\"elementor-container elementor-column-gap-default\">\n\t\t\t\t\t<div class=\"elementor-column elementor-col-100 elementor-top-column elementor-element elementor-element-b0710c0\" data-id=\"b0710c0\" data-element_type=\"column\">\n\t\t\t<div class=\"elementor-widget-wrap elementor-element-populated\">\n\t\t\t\t\t\t<div class=\"elementor-element elementor-element-61a3d98 elementor-widget elementor-widget-text-editor\" data-id=\"61a3d98\" data-element_type=\"widget\" data-widget_type=\"text-editor.default\">\n\t\t\t\t<div class=\"elementor-widget-container\">\n\t\t\t\t\t\t\t\t\t<p>Es obvio que una \u201ceducaci\u00f3n muy autoritaria\u201d o que tome la forma\u00a0de un despotismo ilustrado; ya saben: \u201ctodo para el ni\u00f1o pero sin el ni\u00f1o\u201d dif\u00edcilmente podr\u00e1 aceptar dialogar con un discurso como el del psicoan\u00e1lisis que supone un inconsciente en todo sujeto humano, es decir, que todo sujeto viene acompa\u00f1ado de un \u201clote de saber\u201d propio, que condiciona unas experiencias, sus deseos, su incorporaci\u00f3n tanto del saber que se le ense\u00f1a como de la acci\u00f3n \u201cterap\u00e9utica\u201d que se le ofrezca o se le quiera imponer.<\/p>\t\t\t\t\t\t\t\t<\/div>\n\t\t\t\t<\/div>\n\t\t\t\t\t<\/div>\n\t\t<\/div>\n\t\t\t\t\t<\/div>\n\t\t<\/section>\n\t\t\t\t<section class=\"elementor-section elementor-top-section elementor-element elementor-element-f044c03 elementor-section-boxed elementor-section-height-default elementor-section-height-default\" data-id=\"f044c03\" data-element_type=\"section\">\n\t\t\t\t\t\t<div class=\"elementor-container elementor-column-gap-default\">\n\t\t\t\t\t<div class=\"elementor-column elementor-col-100 elementor-top-column elementor-element elementor-element-a2d07fa\" data-id=\"a2d07fa\" data-element_type=\"column\">\n\t\t\t<div class=\"elementor-widget-wrap elementor-element-populated\">\n\t\t\t\t\t\t<div class=\"elementor-element elementor-element-49211c3 elementor-widget elementor-widget-text-editor\" data-id=\"49211c3\" data-element_type=\"widget\" data-widget_type=\"text-editor.default\">\n\t\t\t\t<div class=\"elementor-widget-container\">\n\t\t\t\t\t\t\t\t\t<p><\/p><p><strong>Solo la ense\u00f1anza<\/strong> que supone una acci\u00f3n que se realiza con el sujeto, con sus caracter\u00edsticas, sus aspiraciones, sus miedos inconscientes, en una palabra que <strong>no habla sin escuchar<\/strong>, puede querer dialogar con el psicoan\u00e1lisis.<\/p><p>Y todo psicoan\u00e1lisis que no quiera cooperar con el maestro que no haga lo mismo, o sea, que quiera imponer su discurso, que quiera adoctrinar a los maestros en su pensamiento, que se cree hegem\u00f3nico e incluso \u00fanico, est\u00e1 abocado a generar rechazo, y a ser in\u00fatil, lo cual por otra parte merece, si su cooperaci\u00f3n se da en esas condiciones.<\/p><p>Esto nos aboca a una conclusi\u00f3n, para aquellos que creemos que se educa, se psicoanaliza con el sujeto y no contra el sujeto, ni contra sus decires aunque se le invita a cuestionar sus dichos.<\/p><p><\/p><ol class=\"wp-block-list\"><li>Hablar de ense\u00f1anza inclusiva es un tautolog\u00eda, por naturaleza toda verdadera ense\u00f1anza es inclusiva, inclusiva del sujeto, su modo de gozar, su forma de decir, su manera de desear\u2026 sus obst\u00e1culos a aprender [ah\u00ed es donde Freud ve\u00eda la l\u00f3gica de una atenci\u00f3n psicoanal\u00edtica suplementaria a la acci\u00f3n pedag\u00f3gica] y eso de por s\u00ed, ya engloba su sexo, su raza, su clase social\u2026<br \/><br \/>No estamos para nada en la idea de que el ni\u00f1o es una \u201ctabula rasa\u201d, el ni\u00f1o viene al mundo con un \u201cset\u201d de particularidades, que podr\u00edamos llamar \u201ctemperamentales\u201d, pero desde el minuto uno de su nacimiento inter-act\u00faa con el deseo del Otro, y \u201ctoma sus posiciones\u201d.<br \/><br \/>Haber sido psicoanalista de neo-natos, en mi \u00e9poca de trabajar en el hospital pedi\u00e1trico San Juan de Dios como enlace entre el servicio de psiquiatr\u00eda de orientaci\u00f3n psicoanal\u00edtica y servicio de neonatos me ense\u00f1\u00f3 mucho al respecto.<br \/><br \/>Por eso una verdadera una ense\u00f1anza es de <strong>por s\u00ed inclusiva<\/strong>.<br \/><br \/>Eso implica que el maestro tenga el <strong>deseo de \u201clo altero\u201d<\/strong>, no solo el ni\u00f1o lo es, sino sobre todo el inconsciente que se expresa a trav\u00e9s de \u00e9l y lo hace singular, es decir, sintom\u00e1tico frente a todo discurso uniformizante, con sus planes inflexibles, sus protocolos irresponsabilizidores\u2026 Si un maestro experimenta horror ante esta \u00a0alteridad ninguna filosof\u00eda inclusiva le llevar\u00e1 a ser inclusivo.<\/li><li>Y sin darme cuenta ya me he introducido en el tema: <strong>La primera condici\u00f3n de una ense\u00f1anza<\/strong> es que el ense\u00f1ante tenga una <strong>determinada manera de desear<\/strong> compatible con una funci\u00f3n: \u201cel deseo del ense\u00f1ante\u201d.<br \/><br \/>El problema es que cuando un psicoanalista dice <strong><em>desear<\/em><\/strong> la mayor parte del auditorio desconocedor de ese discurso oye: tener ganas,\u00a0 querer,\u00a0disfrutar, anhelar\u2026 Cuando nos atrevemos a decir \u201cyo deseo eso\u201d, eso no es nunca seguro, porque puedo querer lo que no deseo y desear lo que finalmente no querr\u00e9, en realidad ser\u00eda m\u00e1s ajustado decir:\u00a0 yo deseo ello.<br \/><br \/>El caso es que aunque el deseo puede estar implicado en todo eso, no es eso, al menos no del todo. La primera cuesti\u00f3n, y que lo hace todo m\u00e1s dif\u00edcil, es que <strong>nuestro deseo es inconsciente<\/strong>, o mejor dicho est\u00e1 determinado por un entramado complejo que es inconsciente. Freud en su autoan\u00e1lisis, a trav\u00e9s de un sue\u00f1o descubri\u00f3 su deseo de ser un profesor extraordinario<sup>3<\/sup>. Por eso al decir: \u201cyo (el consciente) deseo esto, no es seguro que de verdad nos referimos al deseo.<br \/><br \/>Por eso el deseo encierra siempre una pregunta, ya sea para m\u00ed: \u201c\u00bfqu\u00e9 deseo?\u201d lo escuchamos todos los d\u00edas en los sujetos en an\u00e1lisis, pero tambi\u00e9n \u201c\u00bfqu\u00e9 desea el otro?\u201d, y m\u00e1s all\u00e1 de el \u201c\u00bfqu\u00e9 desea el Otro?\u201d o sea el inconsciente.<br \/><br \/>Pues ya tenemos una segunda cuesti\u00f3n, es dif\u00edcil que pueda haber una ense\u00f1anza no autoritaria, sin que el ense\u00f1ante no se pregunte en alguna sesi\u00f3n: \u201c\u00bfpor qu\u00e9 deseo ense\u00f1ar?\u201d e incluso \u00bfpor qu\u00e9 hab\u00eda de desear un ni\u00f1o, en concreto, querer aprender?<br \/><br \/>Ah\u00ed es donde Freud pens\u00f3 que el psicoanalizarse, favorece la capacidad ense\u00f1ante, aunque no es forzosamente indispensable.<br \/><br \/>Hemos visto a lo largo de estos a\u00f1os en <a href=\"https:\/\/www.facebook.com\/clinicaieducacio\/\" target=\"_blank\" rel=\"noreferrer noopener\">Cl\u00ednica i Educaci\u00f3<\/a>, como existen trayectorias vitales de maestros que al prestarles atenci\u00f3n nos dejan claro que se trataba de sujetos a quienes les animaba el deseo del ense\u00f1ante, a\u00fan siendo de tendencias distintas, Freinet, Ferrer y Guardia, Montesori\u2026<\/li><li>As\u00ed pues, una tercera cuesti\u00f3n se nos abre: <strong>la existencia de sujetos particulares, con unas formas singulares y creativas no excluye que se pueda aislar en ellos una funci\u00f3n que podamos definir como \u201cel deseo del ense\u00f1ante\u201d.<\/strong> <br \/><br \/>Ya he adelantado, que el discurso del amo hace obst\u00e1culo a la ense\u00f1anza, pero quisiera matizar con esta expresi\u00f3n: \u201chasta cierto punto\u201d.<br \/><br \/>Sabemos que el amo, impone un trabajo al otro en tanto esclavo, y no QUIERE SABER NADA de su deseo, de su modo de gozar, de sus aspiraciones, de sus temores\u2026 Es el esclavo el que tiene un saber.<br \/><br \/>En eso el amo neo-liberal no es distinto del amo imperial, o feudal, o el capitalista.<br \/><br \/>Hemos visto salir de Escuelas claramente autoritarias, donde incluso el castigo f\u00edsico estaba presente, generaciones de ni\u00f1os con gran iniciativa, audaces, capaces de pensamiento cr\u00edtico como se\u00f1ala Hebe Tizio en el pr\u00f3logo a la re-edici\u00f3n del texto de Ainchhorn.<br \/><br \/>Freud en <em>Malestar en la cultura<\/em> ya hab\u00eda subrayado que hab\u00eda dos \u201cformas patol\u00f3gicas\u201d de educaci\u00f3n: la extremadamente severa o la que conlleva falta de l\u00edmites.<br \/><br \/>\u00bfCu\u00e1l es el l\u00edmite a la severidad, hasta qu\u00e9 punto puede llegar? Hasta ese punto donde el deseo del sujeto le pone un tope, all\u00ed donde lo aprendido por exigencia o severidad y hasta de su misi\u00f3n\u2026 y que ser\u00eda olvidado o combatido, tiene una oportunidad de ser reapropiado por el deseo del esclavo, cuando se afirma como s\u00edntoma, es decir, como descompletador del poder del Otro, y su pensamiento \u00fanico.<br \/><br \/>Por eso es complejo el <strong>deseo del ense\u00f1ante<\/strong>; entre la <strong>funci\u00f3n del \u201cp\u00e8re-s\u00e9v\u00e8re\u201d<\/strong> y la del auscultador del deseo en el ni\u00f1o, aunque ambas actitudes pueden perfectamente potenciarse entre s\u00ed.<br \/><br \/>Sin alertas, prohibiciones o exigencias, tampoco el ni\u00f1o se ver\u00e1 llevado a comportarse con su deseo.<br \/><br \/>Es m\u00e1s fecunda la funci\u00f3n de la autoridad que pone l\u00edmites que aquella que exige &#8211;&gt;m\u00e1s proclive a confundirse con el s\u00faper-yo que dice: \u00a1goza!. Esto nos lleva a otra cuesti\u00f3n, en esta exposici\u00f3n.<\/li><\/ol><p> <\/p><p>\u00a0\u00a0\u00a0\u00a0\u00a0\u00a0\u00a0\u00a0\u00a0\u00a0\u00a0\u00a0\u00a0\u00a0\u00a0\u00a0\u00a0\u00a0\u00a0\u00a0\u00a0\u00a0\u00a0\u00a0\u00a0\u00a0\u00a0\u00a0\u00a0\u00a0\u00a0\u00a0\u00a0\u00a0\u00a0\u00a0\u00a0\u00a0\u00a0\u00a0\u00a0\u00a0\u00a0\u00a0\u00a0\u00a0\u00a0\u00a0\u00a0\u00a0\u00a0\u00a0\u00a0\u00a0\u00a0\u00a0\u00a0\u00a0\u00a0\u00a0\u00a0\u00a0\u00a0\u00a0\u00a0\u00a0\u00a0\u00a0\u00a0\u00a0\u00a0\u00a0\u00a0\u00a0\u00a0\u00a0\u00a0\u00a0 +++++++<\/p><p> <\/p><p>El propio ense\u00f1ante est\u00e1 confrontado a <strong>pasar de la posici\u00f3n de esclavo<\/strong>, en la modernidad dir\u00edamos \u201cproletario\u201d, a la posici\u00f3n de sujeto animado de deseo.<\/p><p> <\/p><p class=\"has-light-gray-background-color has-background\">El horror de trabajar solo para ganarse el sustento, es de por s\u00ed una mala ense\u00f1anza y produce frustraci\u00f3n, ansia de jubilaci\u00f3n, rencor, agresividad\u2026<\/p><p> <\/p><p>La letalidad del confort, es otro escollo, obviamente los ense\u00f1antes en tanto ciudadanos deben exigir una vida digna y unos medios acordes a <strong>alto\u00a0valor social que tiene su labor<\/strong> pero a veces ellos mismos incorporan ese \u201cincubo\u201d del discurso totalitario que desmerece su papel, y m\u00e1s en este pa\u00eds cuya tradici\u00f3n triunfante ha sido \u201cel de la muerte de la inteligencia\u201d y que parad\u00f3jicamente en la actualidad coincide y se hace puntero de una tendencia que el neoliberalismo mundializa: estupidizar al ciudadano. Ese confort, en lo intelectual sobreviene cuando se enroca en lo ya sabido: el manual, el protocolo, la rutina\u2026 Eso nos lleva a algo crucial:<\/p><p> <\/p><p>Lacan en su Seminario X \u201cLa angustia\u201d nos habla <strong>del profesor y del ense\u00f1ante<\/strong>, como dos posiciones distintas \u201cEn esencia uno es profesor cuando ense\u00f1a lo que otros ense\u00f1aron\u201d.<\/p><p> <\/p><p>Esta posici\u00f3n va de par con otra idea largamente difundida y que sin embargo se puede cuestionar: \u00a0\u201cEnse\u00f1ar es transmitir un saber\u201d No es obvio, hay toda una larga reflexi\u00f3n a hacer y quiz\u00e1s la hagamos sobre eso de transmitir y hasta qu\u00e9 punto es posible. De hecho vemos que la humanidad no aprende, repite los mismos errores, estragos y calamidades, desde hace siglos: esclavitud, guerra, genocidio, rapi\u00f1a\u2026<\/p><p> <\/p><p>Un profesor pues es el sujeto S que aborda la X de lo real que nos cuestiona con recurso a un saber que es un c\u00f3digo depositado y que denotamos con la letra A, que es una doxa y hasta una ortodoxia. Ese saber se quiere dogm\u00e1tico cerrado, en sus contenidos, sus m\u00e9todos, en sus fines.<\/p><p> <\/p><p class=\"has-light-gray-background-color has-background\">El ense\u00f1ante es aquel que se deja causar por lo incompleto de ese saber: la causa lo empuja a descompletar ese c\u00f3digo.<\/p><p> <\/p><p>Ese tr\u00e1nsito que va de la causa &#8212;&gt; al Otro descompletado &#8211;&gt; para producirse como sujeto ense\u00f1ante implica una cierta angustia.<\/p><p> <\/p><figure class=\"wp-block-image size-large\"><img decoding=\"async\" class=\"wp-image-317\" src=\"https:\/\/josepmonseny.files.wordpress.com\/2021\/05\/deseoensenante.png?w=900\" alt=\"\" \/><\/figure><p> <\/p><p class=\"has-light-gray-background-color has-background\">As\u00ed pues, la angustia es a menudo un signo de buen posicionamiento en el maestro, y no como algunos interpretan signo de un defecto o una incapacidad.<\/p><p> <\/p><p>En eso su posici\u00f3n se parece mucho a la del analizante en an\u00e1lisis, Lacan se ve\u00eda as\u00ed en su seminario, por eso yo les llamo <em>\u201cense\u00f1alizantes\u201d<\/em> y por eso un psicoan\u00e1lisis personal puede ayudarles. Aunque otra opci\u00f3n ante la angustia se incline hacia el sadismo\u2026 presente en tantos maestros y en tantas escuelas. Eso es debido a que el s\u00e1dico no solo aplica el sufrimiento sobre el otro i(a) para dividirlo $ , manteni\u00e9ndose \u00e9l inc\u00f3lume, Sade exig\u00eda que el torturador permaneciese imp\u00e1vido sin signos de gozar ni de afecto alguno, es decir sin divisi\u00f3n o falta si quieren uds, sino que <strong>lo fundamental del acto s\u00e1dico es conseguir la angustia del observador<\/strong>, el sadismo tiene siempre algo de teatral, y la mayor parte de los castigos f\u00edsicos a los alumnos se produc\u00edan ante los dem\u00e1s, as\u00ed la angustia se desplazaba hacia el campo de los otros.<\/p><p> <\/p><p class=\"has-light-gray-background-color has-background\">El efecto\u00a0que tiene que sea el docente el que se haga cargo de su angustia, al ir hacia \u201cla falta del saber\u201d es un efecto de creaci\u00f3n, por eso en cierta medida una ense\u00f1anza nunca se repite,\u00a0 de ah\u00ed \u00faltima cuesti\u00f3n que les entrego hoy: no hay verdadera ense\u00f1anza sin creaci\u00f3n, o re-creaci\u00f3n\u2026 Lacan: \u201cIncluso si el profesor junta\u00a0y pega saberes ya ense\u00f1ados al estilo patch-work, puede llegar a la condici\u00f3n de ense\u00f1ante, a condici\u00f3n de que resista la tentaci\u00f3n de querer hacer que todo encaje, sin fisura ni agujero&#8221;, as\u00ed pues Lacan nos sugiere una v\u00eda por la que se puede transitar de la posici\u00f3n profesoral a la ense\u00f1anza.<\/p><p> <\/p><p>Lacan cuestiona dos modos\u00a0 de concebir la ense\u00f1anza, que conllevan extrav\u00edos\u00a0 y a su vez ciertas aportaciones interesantes:<\/p><p> <\/p><p>Centra el debate de la pedagog\u00eda alrededor de Steiner en el que \u201ctodo est\u00e1 dirigido por una maduraci\u00f3n aut\u00f3noma\u201d<\/p><p> <\/p><p>Piaget en el que hay una licencia, una falla entre lo que el pensamiento infantil es capaz de formar y lo que puede aportar \u201cla v\u00eda cient\u00edfica\u201d.<\/p><p> <\/p><p>Seg\u00fan esa lectura, el examen en detalle de esos autores, reduce la eficacia de la ense\u00f1anza a cero. Pero a\u00f1ade: \u201cAhora bien, la ense\u00f1anza existe\u201d.<\/p><p> <\/p><p>\u201cLos conceptos que parec\u00edan extremadamente complicados en una generaci\u00f3n, de las matem\u00e1ticas, les resultan inmediatamente accesibles a mentes muy j\u00f3venes\u201d.<\/p><p> <\/p><p>Eso resuena en la afirmaci\u00f3n de que su ense\u00f1anza, que todos dicen tan dif\u00edcil, sus Escritos dentro de unos a\u00f1os ser\u00edan claramente accesibles.<\/p><p> <\/p><p>\u201c<strong>Todo el inter\u00e9s de la pedagog\u00eda escolar es captar ese punto crucial<\/strong>: y hacer avanzar lo que llaman las capacidades mentales del ni\u00f1o mediante problemas que las mejoran ligeramente\u201d.<\/p><p> <\/p><p>Eso nos da la clave, de una forma de hacer ense\u00f1anza, el empuje a lo que supone un poco de dif\u00edcultad, y a un cierto retraso a exponer algo en el tiempo por extremadamente dif\u00edcil, lo que el mismo hizo [se preserva la dimensi\u00f3n de la falta]. Una cierta forma de administrarla, que puede ser enormemente \u00fatil y dar sus frutos, por eso nos recuerda que<\/p><p> <\/p><p>\u201cDeterminadas actividades de aprehensi\u00f3n tienen en ciertos dominios efectos de fecundidad muy especiales\u201d<sup>4<\/sup>.<\/p><p> <\/p><p>Eso no es una ortodoxia, es una observaci\u00f3n que tiene tintes pr\u00e1cticos y que nos da pistas sobre su propio proceder.<\/p><p> <\/p><p>Ese deseo de ense\u00f1ante trabaja contra:<\/p><p> <\/p><ul class=\"wp-block-list\"><li>Las instituciones pol\u00edticas, por su naturaleza se deslizan lenta o abruptamente hacia el totalitarismo, y como ya coment\u00e9 hace unos a\u00f1os en un texto sobre \u201cotra versi\u00f3n de significante amo\u201d esas instituciones acaban oponi\u00e9ndose a la causa por la que se fundaron, y trabajan en contra de un ideario.<\/li><li>La Iglesia con el cristianismo, los partidos comunistas que llegan al capitalismo, el liberalismo capitalista se desliza a una econom\u00eda estatalista, la Universidad es cada dia m\u00e1s un negocio de expender \u201cpatentes de corso\u201d o bulas\u2026que algunas Universidades son simples expendedoras de privilegios a pol\u00edticos de la casta que las funda y gobierna<\/li><li>El deseo del ense\u00f1ante solo puede sobrevivir a contra-corriente de esa tendencia.<\/li><\/ul><p> <\/p><p>Por eso el ense\u00f1ante no solo es inclusivo del deseo de sus estudiantes, sino que es permanentemente \u201cdisolutivo\u201d de la tendencia totalizante de los dispositivos pol\u00edticos o su funci\u00f3n acabar\u00eda siendo lo contrario que su deseo como ense\u00f1ante supone.<\/p><p> <\/p><p>Por eso una escuela, o una pol\u00edtica educativa, que quiera no degradarse, o entrar en una entrop\u00eda que lo vuelve inoperante, necesita una labor permanente que sea instituyente, lo cual disuelve el acomodamiento a lo instituido, y si no se hace, la historia lo ense\u00f1a, har\u00e1 necesaria grandes revoluciones.<\/p><p> <\/p><p>Esa din\u00e1mica implica, que toda instituci\u00f3n pedag\u00f3gica est\u00e1 siempre expuesta a deslizarse hacia la exclusi\u00f3n, no solo de ciertos alumnos, cosa requetesabida, sino tambi\u00e9n de ciertos ense\u00f1antes.<\/p><p> <\/p><p>Tenemos ejemplos en las universidades, uno de los cl\u00e1sicos, Fray Luis de Le\u00f3n, pero tambi\u00e9n en el campo del psicoan\u00e1lisis, el propio Lacan fue expulsado de la IPA, pero en las Escuelas lacanianas tambi\u00e9n abundan las expulsiones.<\/p><p> <\/p><p class=\"has-light-gray-background-color has-background\">Por eso una ense\u00f1anza inclusiva lo es si adem\u00e1s de no segregar a los alumnos, no segrega tampoco a los profesores y sus distintas ense\u00f1anzas.<\/p><p> <\/p><p>Quise hacerles sensibles a ciertas nociones que pueden ayudarnos, eso me ha llevado tambi\u00e9n\u00a0 a tomar en cuenta el comentarles los fundamentos\u00a0 de \u201cuna manera\u201dde ense\u00f1ar, la de Lacan, <strong>de sostener el deseo del ense\u00f1alizante<\/strong>. Como dec\u00eda el mismo: <strong>podemos tomar ejemplo pero no conviene imitar<\/strong>.<\/p><p> <\/p><p><em>Jose Monseny<\/em><\/p><p> <\/p><p>Texto de la intervenci\u00f3n que hice en la actividad de <a href=\"https:\/\/forumpsicoanaliticbarcelona.com\/activitats\/activitats-dels-membres-de-lfpb\/cie\/\" target=\"_blank\" rel=\"noreferrer noopener\">\u201cClinica i Educaci\u00f3\u201d<\/a> Espacio de trabajo del <a href=\"https:\/\/forumpsicoanaliticbarcelona.com\/\" target=\"_blank\" rel=\"noreferrer noopener\">FPB<\/a><br \/>Barcelona, 18 de febrero de 2021<\/p><p> <\/p><p>Bibliograf\u00eda<br \/><sup>1 y 2<\/sup>Freud, S. Tomo IV p 156 y 207. O. C. Amorrortu<br \/><sup>3<\/sup>Trandumtung. O.C. Tomo IV p. 207. Amorrortu<br \/><sup>4<\/sup>Sem X La Angustia p278 y 279<\/p><p><\/p>\t\t\t\t\t\t\t\t<\/div>\n\t\t\t\t<\/div>\n\t\t\t\t\t<\/div>\n\t\t<\/div>\n\t\t\t\t\t<\/div>\n\t\t<\/section>\n\t\t\t\t<\/div>\n\t\t","protected":false},"excerpt":{"rendered":"<div class=\"tmnf_excerpt\"><p>no hay verdadera ense\u00f1anza sin creaci\u00f3n, o re-creaci\u00f3n\u2026 Lacan: \u201cIncluso si el profesor junta\u00a0y pega saberes ya ense\u00f1ados al estilo patch-work, puede llegar a la condici\u00f3n de ense\u00f1ante, a condici\u00f3n de que resista la tentaci\u00f3n de querer hacer que todo encaje, sin fisura ni agujero&#8221;, as\u00ed pues Lacan nos sugiere una v\u00eda por la que se puede transitar de la posici\u00f3n profesoral a la ense\u00f1anza.<\/p>\n<\/div>","protected":false},"author":1,"featured_media":2584,"comment_status":"open","ping_status":"open","sticky":false,"template":"","format":"standard","meta":{"footnotes":""},"categories":[21],"tags":[57],"class_list":["post-2558","post","type-post","status-publish","format-standard","has-post-thumbnail","hentry","category-activitats-clinica-i-educacio-2","tag-deseo-del-ensenante"],"yoast_head":"<!-- This site is optimized with the Yoast SEO plugin v28.2 - https:\/\/yoast.com\/product\/yoast-seo-wordpress\/ -->\n<title>\u201cEl deseo del ense\u00f1ante\u201d en Psicoan\u00e1lisis y Pedagog\u00eda - F\u00f2rum Psicoanal\u00edtic Barcelona<\/title>\n<meta name=\"description\" content=\"no hay verdadera ense\u00f1anza sin creaci\u00f3n, o re-creaci\u00f3n\u2026 Lacan: \u201cIncluso si el profesor junta\u00a0y pega saberes ya ense\u00f1ados al estilo patch-work, puede llegar a la condici\u00f3n de ense\u00f1ante, a condici\u00f3n de que resista la tentaci\u00f3n de querer hacer que todo encaje, sin fisura ni agujero&quot;, as\u00ed pues Lacan nos sugiere una v\u00eda por la que se puede transitar de la posici\u00f3n profesoral a la ense\u00f1anza.\" \/>\n<meta name=\"robots\" content=\"index, follow, max-snippet:-1, max-image-preview:large, max-video-preview:-1\" \/>\n<link rel=\"canonical\" href=\"https:\/\/forumpsicoanaliticbarcelona.com\/es\/el-deseo-del-ensenante-en-psicoanalisis-y-pedagogia\/\" \/>\n<meta property=\"og:locale\" content=\"es_ES\" \/>\n<meta property=\"og:type\" content=\"article\" \/>\n<meta property=\"og:title\" content=\"\u201cEl deseo del ense\u00f1ante\u201d en Psicoan\u00e1lisis y Pedagog\u00eda - F\u00f2rum Psicoanal\u00edtic Barcelona\" \/>\n<meta property=\"og:description\" content=\"no hay verdadera ense\u00f1anza sin creaci\u00f3n, o re-creaci\u00f3n\u2026 Lacan: \u201cIncluso si el profesor junta\u00a0y pega saberes ya ense\u00f1ados al estilo patch-work, puede llegar a la condici\u00f3n de ense\u00f1ante, a condici\u00f3n de que resista la tentaci\u00f3n de querer hacer que todo encaje, sin fisura ni agujero&quot;, as\u00ed pues Lacan nos sugiere una v\u00eda por la que se puede transitar de la posici\u00f3n profesoral a la ense\u00f1anza.\" \/>\n<meta property=\"og:url\" content=\"https:\/\/forumpsicoanaliticbarcelona.com\/es\/el-deseo-del-ensenante-en-psicoanalisis-y-pedagogia\/\" \/>\n<meta property=\"og:site_name\" content=\"F\u00f2rum Psicoanal\u00edtic Barcelona\" \/>\n<meta property=\"article:publisher\" content=\"https:\/\/www.facebook.com\/forumpsicoanaliticbarcelona\/\" \/>\n<meta property=\"article:published_time\" content=\"2021-05-04T17:39:04+00:00\" \/>\n<meta property=\"article:modified_time\" content=\"2024-04-08T19:01:34+00:00\" \/>\n<meta property=\"og:image\" content=\"https:\/\/forumpsicoanaliticbarcelona.com\/wp-content\/uploads\/2021\/05\/deseoensenante.jpg\" \/>\n\t<meta property=\"og:image:width\" content=\"900\" \/>\n\t<meta property=\"og:image:height\" content=\"900\" \/>\n\t<meta property=\"og:image:type\" content=\"image\/jpeg\" \/>\n<meta name=\"author\" content=\"admin-fpb\" \/>\n<meta name=\"twitter:card\" content=\"summary_large_image\" \/>\n<meta name=\"twitter:label1\" content=\"Escrito por\" \/>\n\t<meta name=\"twitter:data1\" content=\"admin-fpb\" \/>\n\t<meta name=\"twitter:label2\" content=\"Tiempo de lectura\" \/>\n\t<meta name=\"twitter:data2\" content=\"17 minutos\" \/>\n<script type=\"application\/ld+json\" class=\"yoast-schema-graph\">{\"@context\":\"https:\\\/\\\/schema.org\",\"@graph\":[{\"@type\":\"Article\",\"@id\":\"https:\\\/\\\/forumpsicoanaliticbarcelona.com\\\/es\\\/el-deseo-del-ensenante-en-psicoanalisis-y-pedagogia\\\/#article\",\"isPartOf\":{\"@id\":\"https:\\\/\\\/forumpsicoanaliticbarcelona.com\\\/es\\\/el-deseo-del-ensenante-en-psicoanalisis-y-pedagogia\\\/\"},\"author\":{\"name\":\"admin-fpb\",\"@id\":\"https:\\\/\\\/forumpsicoanaliticbarcelona.com\\\/es\\\/#\\\/schema\\\/person\\\/98c7eb87d720f9d38844fa66887ac616\"},\"headline\":\"\u201cEl deseo del ense\u00f1ante\u201d en Psicoan\u00e1lisis y Pedagog\u00eda\",\"datePublished\":\"2021-05-04T17:39:04+00:00\",\"dateModified\":\"2024-04-08T19:01:34+00:00\",\"mainEntityOfPage\":{\"@id\":\"https:\\\/\\\/forumpsicoanaliticbarcelona.com\\\/es\\\/el-deseo-del-ensenante-en-psicoanalisis-y-pedagogia\\\/\"},\"wordCount\":3502,\"commentCount\":0,\"publisher\":{\"@id\":\"https:\\\/\\\/forumpsicoanaliticbarcelona.com\\\/es\\\/#organization\"},\"image\":{\"@id\":\"https:\\\/\\\/forumpsicoanaliticbarcelona.com\\\/es\\\/el-deseo-del-ensenante-en-psicoanalisis-y-pedagogia\\\/#primaryimage\"},\"thumbnailUrl\":\"https:\\\/\\\/forumpsicoanaliticbarcelona.com\\\/wp-content\\\/uploads\\\/2021\\\/05\\\/deseoensenante.jpg\",\"keywords\":[\"deseo del ense\u00f1ante\"],\"articleSection\":[\"Activitats Cl\u00ednica i Educaci\u00f3\"],\"inLanguage\":\"es\",\"potentialAction\":[{\"@type\":\"CommentAction\",\"name\":\"Comment\",\"target\":[\"https:\\\/\\\/forumpsicoanaliticbarcelona.com\\\/es\\\/el-deseo-del-ensenante-en-psicoanalisis-y-pedagogia\\\/#respond\"]}]},{\"@type\":\"WebPage\",\"@id\":\"https:\\\/\\\/forumpsicoanaliticbarcelona.com\\\/es\\\/el-deseo-del-ensenante-en-psicoanalisis-y-pedagogia\\\/\",\"url\":\"https:\\\/\\\/forumpsicoanaliticbarcelona.com\\\/es\\\/el-deseo-del-ensenante-en-psicoanalisis-y-pedagogia\\\/\",\"name\":\"\u201cEl deseo del ense\u00f1ante\u201d en Psicoan\u00e1lisis y Pedagog\u00eda - F\u00f2rum Psicoanal\u00edtic Barcelona\",\"isPartOf\":{\"@id\":\"https:\\\/\\\/forumpsicoanaliticbarcelona.com\\\/es\\\/#website\"},\"primaryImageOfPage\":{\"@id\":\"https:\\\/\\\/forumpsicoanaliticbarcelona.com\\\/es\\\/el-deseo-del-ensenante-en-psicoanalisis-y-pedagogia\\\/#primaryimage\"},\"image\":{\"@id\":\"https:\\\/\\\/forumpsicoanaliticbarcelona.com\\\/es\\\/el-deseo-del-ensenante-en-psicoanalisis-y-pedagogia\\\/#primaryimage\"},\"thumbnailUrl\":\"https:\\\/\\\/forumpsicoanaliticbarcelona.com\\\/wp-content\\\/uploads\\\/2021\\\/05\\\/deseoensenante.jpg\",\"datePublished\":\"2021-05-04T17:39:04+00:00\",\"dateModified\":\"2024-04-08T19:01:34+00:00\",\"description\":\"no hay verdadera ense\u00f1anza sin creaci\u00f3n, o re-creaci\u00f3n\u2026 Lacan: \u201cIncluso si el profesor junta\u00a0y pega saberes ya ense\u00f1ados al estilo patch-work, puede llegar a la condici\u00f3n de ense\u00f1ante, a condici\u00f3n de que resista la tentaci\u00f3n de querer hacer que todo encaje, sin fisura ni agujero\\\", as\u00ed pues Lacan nos sugiere una v\u00eda por la que se puede transitar de la posici\u00f3n profesoral a la ense\u00f1anza.\",\"breadcrumb\":{\"@id\":\"https:\\\/\\\/forumpsicoanaliticbarcelona.com\\\/es\\\/el-deseo-del-ensenante-en-psicoanalisis-y-pedagogia\\\/#breadcrumb\"},\"inLanguage\":\"es\",\"potentialAction\":[{\"@type\":\"ReadAction\",\"target\":[\"https:\\\/\\\/forumpsicoanaliticbarcelona.com\\\/es\\\/el-deseo-del-ensenante-en-psicoanalisis-y-pedagogia\\\/\"]}]},{\"@type\":\"ImageObject\",\"inLanguage\":\"es\",\"@id\":\"https:\\\/\\\/forumpsicoanaliticbarcelona.com\\\/es\\\/el-deseo-del-ensenante-en-psicoanalisis-y-pedagogia\\\/#primaryimage\",\"url\":\"https:\\\/\\\/forumpsicoanaliticbarcelona.com\\\/wp-content\\\/uploads\\\/2021\\\/05\\\/deseoensenante.jpg\",\"contentUrl\":\"https:\\\/\\\/forumpsicoanaliticbarcelona.com\\\/wp-content\\\/uploads\\\/2021\\\/05\\\/deseoensenante.jpg\",\"width\":900,\"height\":900,\"caption\":\"deseo del ense\u00f1ante\"},{\"@type\":\"BreadcrumbList\",\"@id\":\"https:\\\/\\\/forumpsicoanaliticbarcelona.com\\\/es\\\/el-deseo-del-ensenante-en-psicoanalisis-y-pedagogia\\\/#breadcrumb\",\"itemListElement\":[{\"@type\":\"ListItem\",\"position\":1,\"name\":\"Portada\",\"item\":\"https:\\\/\\\/forumpsicoanaliticbarcelona.com\\\/es\\\/\"},{\"@type\":\"ListItem\",\"position\":2,\"name\":\"\u201cEl deseo del ense\u00f1ante\u201d en Psicoan\u00e1lisis y Pedagog\u00eda\"}]},{\"@type\":\"WebSite\",\"@id\":\"https:\\\/\\\/forumpsicoanaliticbarcelona.com\\\/es\\\/#website\",\"url\":\"https:\\\/\\\/forumpsicoanaliticbarcelona.com\\\/es\\\/\",\"name\":\"F\u00f2rum Psicoanal\u00edtic Barcelona\",\"description\":\"Associaci\u00f3 dedicada a l&#039;estudi, transmissi\u00f3 i desenvolupament de la Psicoan\u00e0lisi - Esdeveniments\",\"publisher\":{\"@id\":\"https:\\\/\\\/forumpsicoanaliticbarcelona.com\\\/es\\\/#organization\"},\"potentialAction\":[{\"@type\":\"SearchAction\",\"target\":{\"@type\":\"EntryPoint\",\"urlTemplate\":\"https:\\\/\\\/forumpsicoanaliticbarcelona.com\\\/es\\\/?s={search_term_string}\"},\"query-input\":{\"@type\":\"PropertyValueSpecification\",\"valueRequired\":true,\"valueName\":\"search_term_string\"}}],\"inLanguage\":\"es\"},{\"@type\":\"Organization\",\"@id\":\"https:\\\/\\\/forumpsicoanaliticbarcelona.com\\\/es\\\/#organization\",\"name\":\"F\u00f2rum Psicoanal\u00edtic Barcelona\",\"alternateName\":\"FPB\",\"url\":\"https:\\\/\\\/forumpsicoanaliticbarcelona.com\\\/es\\\/\",\"logo\":{\"@type\":\"ImageObject\",\"inLanguage\":\"es\",\"@id\":\"https:\\\/\\\/forumpsicoanaliticbarcelona.com\\\/es\\\/#\\\/schema\\\/logo\\\/image\\\/\",\"url\":\"https:\\\/\\\/forumpsicoanaliticbarcelona.com\\\/wp-content\\\/uploads\\\/2020\\\/05\\\/FPB_logo.png\",\"contentUrl\":\"https:\\\/\\\/forumpsicoanaliticbarcelona.com\\\/wp-content\\\/uploads\\\/2020\\\/05\\\/FPB_logo.png\",\"width\":400,\"height\":184,\"caption\":\"F\u00f2rum Psicoanal\u00edtic Barcelona\"},\"image\":{\"@id\":\"https:\\\/\\\/forumpsicoanaliticbarcelona.com\\\/es\\\/#\\\/schema\\\/logo\\\/image\\\/\"},\"sameAs\":[\"https:\\\/\\\/www.facebook.com\\\/forumpsicoanaliticbarcelona\\\/\",\"https:\\\/\\\/www.instagram.com\\\/forumpsicoanalitic\\\/\"]},{\"@type\":\"Person\",\"@id\":\"https:\\\/\\\/forumpsicoanaliticbarcelona.com\\\/es\\\/#\\\/schema\\\/person\\\/98c7eb87d720f9d38844fa66887ac616\",\"name\":\"admin-fpb\",\"image\":{\"@type\":\"ImageObject\",\"inLanguage\":\"es\",\"@id\":\"https:\\\/\\\/secure.gravatar.com\\\/avatar\\\/83ab03c23a4a141c515cd2d17f5b3551a9c4f1066602ea60ed8ce52554092ada?s=96&d=mm&r=g\",\"url\":\"https:\\\/\\\/secure.gravatar.com\\\/avatar\\\/83ab03c23a4a141c515cd2d17f5b3551a9c4f1066602ea60ed8ce52554092ada?s=96&d=mm&r=g\",\"contentUrl\":\"https:\\\/\\\/secure.gravatar.com\\\/avatar\\\/83ab03c23a4a141c515cd2d17f5b3551a9c4f1066602ea60ed8ce52554092ada?s=96&d=mm&r=g\",\"caption\":\"admin-fpb\"},\"url\":\"https:\\\/\\\/forumpsicoanaliticbarcelona.com\\\/es\\\/author\\\/admin-fpb\\\/\"}]}<\/script>\n<!-- \/ Yoast SEO plugin. -->","yoast_head_json":{"title":"\u201cEl deseo del ense\u00f1ante\u201d en Psicoan\u00e1lisis y Pedagog\u00eda - F\u00f2rum Psicoanal\u00edtic Barcelona","description":"no hay verdadera ense\u00f1anza sin creaci\u00f3n, o re-creaci\u00f3n\u2026 Lacan: \u201cIncluso si el profesor junta\u00a0y pega saberes ya ense\u00f1ados al estilo patch-work, puede llegar a la condici\u00f3n de ense\u00f1ante, a condici\u00f3n de que resista la tentaci\u00f3n de querer hacer que todo encaje, sin fisura ni agujero\", as\u00ed pues Lacan nos sugiere una v\u00eda por la que se puede transitar de la posici\u00f3n profesoral a la ense\u00f1anza.","robots":{"index":"index","follow":"follow","max-snippet":"max-snippet:-1","max-image-preview":"max-image-preview:large","max-video-preview":"max-video-preview:-1"},"canonical":"https:\/\/forumpsicoanaliticbarcelona.com\/es\/el-deseo-del-ensenante-en-psicoanalisis-y-pedagogia\/","og_locale":"es_ES","og_type":"article","og_title":"\u201cEl deseo del ense\u00f1ante\u201d en Psicoan\u00e1lisis y Pedagog\u00eda - F\u00f2rum Psicoanal\u00edtic Barcelona","og_description":"no hay verdadera ense\u00f1anza sin creaci\u00f3n, o re-creaci\u00f3n\u2026 Lacan: \u201cIncluso si el profesor junta\u00a0y pega saberes ya ense\u00f1ados al estilo patch-work, puede llegar a la condici\u00f3n de ense\u00f1ante, a condici\u00f3n de que resista la tentaci\u00f3n de querer hacer que todo encaje, sin fisura ni agujero\", as\u00ed pues Lacan nos sugiere una v\u00eda por la que se puede transitar de la posici\u00f3n profesoral a la ense\u00f1anza.","og_url":"https:\/\/forumpsicoanaliticbarcelona.com\/es\/el-deseo-del-ensenante-en-psicoanalisis-y-pedagogia\/","og_site_name":"F\u00f2rum Psicoanal\u00edtic Barcelona","article_publisher":"https:\/\/www.facebook.com\/forumpsicoanaliticbarcelona\/","article_published_time":"2021-05-04T17:39:04+00:00","article_modified_time":"2024-04-08T19:01:34+00:00","og_image":[{"width":900,"height":900,"url":"https:\/\/forumpsicoanaliticbarcelona.com\/wp-content\/uploads\/2021\/05\/deseoensenante.jpg","type":"image\/jpeg"}],"author":"admin-fpb","twitter_card":"summary_large_image","twitter_misc":{"Escrito por":"admin-fpb","Tiempo de lectura":"17 minutos"},"schema":{"@context":"https:\/\/schema.org","@graph":[{"@type":"Article","@id":"https:\/\/forumpsicoanaliticbarcelona.com\/es\/el-deseo-del-ensenante-en-psicoanalisis-y-pedagogia\/#article","isPartOf":{"@id":"https:\/\/forumpsicoanaliticbarcelona.com\/es\/el-deseo-del-ensenante-en-psicoanalisis-y-pedagogia\/"},"author":{"name":"admin-fpb","@id":"https:\/\/forumpsicoanaliticbarcelona.com\/es\/#\/schema\/person\/98c7eb87d720f9d38844fa66887ac616"},"headline":"\u201cEl deseo del ense\u00f1ante\u201d en Psicoan\u00e1lisis y Pedagog\u00eda","datePublished":"2021-05-04T17:39:04+00:00","dateModified":"2024-04-08T19:01:34+00:00","mainEntityOfPage":{"@id":"https:\/\/forumpsicoanaliticbarcelona.com\/es\/el-deseo-del-ensenante-en-psicoanalisis-y-pedagogia\/"},"wordCount":3502,"commentCount":0,"publisher":{"@id":"https:\/\/forumpsicoanaliticbarcelona.com\/es\/#organization"},"image":{"@id":"https:\/\/forumpsicoanaliticbarcelona.com\/es\/el-deseo-del-ensenante-en-psicoanalisis-y-pedagogia\/#primaryimage"},"thumbnailUrl":"https:\/\/forumpsicoanaliticbarcelona.com\/wp-content\/uploads\/2021\/05\/deseoensenante.jpg","keywords":["deseo del ense\u00f1ante"],"articleSection":["Activitats Cl\u00ednica i Educaci\u00f3"],"inLanguage":"es","potentialAction":[{"@type":"CommentAction","name":"Comment","target":["https:\/\/forumpsicoanaliticbarcelona.com\/es\/el-deseo-del-ensenante-en-psicoanalisis-y-pedagogia\/#respond"]}]},{"@type":"WebPage","@id":"https:\/\/forumpsicoanaliticbarcelona.com\/es\/el-deseo-del-ensenante-en-psicoanalisis-y-pedagogia\/","url":"https:\/\/forumpsicoanaliticbarcelona.com\/es\/el-deseo-del-ensenante-en-psicoanalisis-y-pedagogia\/","name":"\u201cEl deseo del ense\u00f1ante\u201d en Psicoan\u00e1lisis y Pedagog\u00eda - F\u00f2rum Psicoanal\u00edtic Barcelona","isPartOf":{"@id":"https:\/\/forumpsicoanaliticbarcelona.com\/es\/#website"},"primaryImageOfPage":{"@id":"https:\/\/forumpsicoanaliticbarcelona.com\/es\/el-deseo-del-ensenante-en-psicoanalisis-y-pedagogia\/#primaryimage"},"image":{"@id":"https:\/\/forumpsicoanaliticbarcelona.com\/es\/el-deseo-del-ensenante-en-psicoanalisis-y-pedagogia\/#primaryimage"},"thumbnailUrl":"https:\/\/forumpsicoanaliticbarcelona.com\/wp-content\/uploads\/2021\/05\/deseoensenante.jpg","datePublished":"2021-05-04T17:39:04+00:00","dateModified":"2024-04-08T19:01:34+00:00","description":"no hay verdadera ense\u00f1anza sin creaci\u00f3n, o re-creaci\u00f3n\u2026 Lacan: \u201cIncluso si el profesor junta\u00a0y pega saberes ya ense\u00f1ados al estilo patch-work, puede llegar a la condici\u00f3n de ense\u00f1ante, a condici\u00f3n de que resista la tentaci\u00f3n de querer hacer que todo encaje, sin fisura ni agujero\", as\u00ed pues Lacan nos sugiere una v\u00eda por la que se puede transitar de la posici\u00f3n profesoral a la ense\u00f1anza.","breadcrumb":{"@id":"https:\/\/forumpsicoanaliticbarcelona.com\/es\/el-deseo-del-ensenante-en-psicoanalisis-y-pedagogia\/#breadcrumb"},"inLanguage":"es","potentialAction":[{"@type":"ReadAction","target":["https:\/\/forumpsicoanaliticbarcelona.com\/es\/el-deseo-del-ensenante-en-psicoanalisis-y-pedagogia\/"]}]},{"@type":"ImageObject","inLanguage":"es","@id":"https:\/\/forumpsicoanaliticbarcelona.com\/es\/el-deseo-del-ensenante-en-psicoanalisis-y-pedagogia\/#primaryimage","url":"https:\/\/forumpsicoanaliticbarcelona.com\/wp-content\/uploads\/2021\/05\/deseoensenante.jpg","contentUrl":"https:\/\/forumpsicoanaliticbarcelona.com\/wp-content\/uploads\/2021\/05\/deseoensenante.jpg","width":900,"height":900,"caption":"deseo del ense\u00f1ante"},{"@type":"BreadcrumbList","@id":"https:\/\/forumpsicoanaliticbarcelona.com\/es\/el-deseo-del-ensenante-en-psicoanalisis-y-pedagogia\/#breadcrumb","itemListElement":[{"@type":"ListItem","position":1,"name":"Portada","item":"https:\/\/forumpsicoanaliticbarcelona.com\/es\/"},{"@type":"ListItem","position":2,"name":"\u201cEl deseo del ense\u00f1ante\u201d en Psicoan\u00e1lisis y Pedagog\u00eda"}]},{"@type":"WebSite","@id":"https:\/\/forumpsicoanaliticbarcelona.com\/es\/#website","url":"https:\/\/forumpsicoanaliticbarcelona.com\/es\/","name":"F\u00f2rum Psicoanal\u00edtic Barcelona","description":"Associaci\u00f3 dedicada a l&#039;estudi, transmissi\u00f3 i desenvolupament de la Psicoan\u00e0lisi - Esdeveniments","publisher":{"@id":"https:\/\/forumpsicoanaliticbarcelona.com\/es\/#organization"},"potentialAction":[{"@type":"SearchAction","target":{"@type":"EntryPoint","urlTemplate":"https:\/\/forumpsicoanaliticbarcelona.com\/es\/?s={search_term_string}"},"query-input":{"@type":"PropertyValueSpecification","valueRequired":true,"valueName":"search_term_string"}}],"inLanguage":"es"},{"@type":"Organization","@id":"https:\/\/forumpsicoanaliticbarcelona.com\/es\/#organization","name":"F\u00f2rum Psicoanal\u00edtic Barcelona","alternateName":"FPB","url":"https:\/\/forumpsicoanaliticbarcelona.com\/es\/","logo":{"@type":"ImageObject","inLanguage":"es","@id":"https:\/\/forumpsicoanaliticbarcelona.com\/es\/#\/schema\/logo\/image\/","url":"https:\/\/forumpsicoanaliticbarcelona.com\/wp-content\/uploads\/2020\/05\/FPB_logo.png","contentUrl":"https:\/\/forumpsicoanaliticbarcelona.com\/wp-content\/uploads\/2020\/05\/FPB_logo.png","width":400,"height":184,"caption":"F\u00f2rum Psicoanal\u00edtic Barcelona"},"image":{"@id":"https:\/\/forumpsicoanaliticbarcelona.com\/es\/#\/schema\/logo\/image\/"},"sameAs":["https:\/\/www.facebook.com\/forumpsicoanaliticbarcelona\/","https:\/\/www.instagram.com\/forumpsicoanalitic\/"]},{"@type":"Person","@id":"https:\/\/forumpsicoanaliticbarcelona.com\/es\/#\/schema\/person\/98c7eb87d720f9d38844fa66887ac616","name":"admin-fpb","image":{"@type":"ImageObject","inLanguage":"es","@id":"https:\/\/secure.gravatar.com\/avatar\/83ab03c23a4a141c515cd2d17f5b3551a9c4f1066602ea60ed8ce52554092ada?s=96&d=mm&r=g","url":"https:\/\/secure.gravatar.com\/avatar\/83ab03c23a4a141c515cd2d17f5b3551a9c4f1066602ea60ed8ce52554092ada?s=96&d=mm&r=g","contentUrl":"https:\/\/secure.gravatar.com\/avatar\/83ab03c23a4a141c515cd2d17f5b3551a9c4f1066602ea60ed8ce52554092ada?s=96&d=mm&r=g","caption":"admin-fpb"},"url":"https:\/\/forumpsicoanaliticbarcelona.com\/es\/author\/admin-fpb\/"}]}},"_links":{"self":[{"href":"https:\/\/forumpsicoanaliticbarcelona.com\/es\/wp-json\/wp\/v2\/posts\/2558","targetHints":{"allow":["GET"]}}],"collection":[{"href":"https:\/\/forumpsicoanaliticbarcelona.com\/es\/wp-json\/wp\/v2\/posts"}],"about":[{"href":"https:\/\/forumpsicoanaliticbarcelona.com\/es\/wp-json\/wp\/v2\/types\/post"}],"author":[{"embeddable":true,"href":"https:\/\/forumpsicoanaliticbarcelona.com\/es\/wp-json\/wp\/v2\/users\/1"}],"replies":[{"embeddable":true,"href":"https:\/\/forumpsicoanaliticbarcelona.com\/es\/wp-json\/wp\/v2\/comments?post=2558"}],"version-history":[{"count":39,"href":"https:\/\/forumpsicoanaliticbarcelona.com\/es\/wp-json\/wp\/v2\/posts\/2558\/revisions"}],"predecessor-version":[{"id":5547,"href":"https:\/\/forumpsicoanaliticbarcelona.com\/es\/wp-json\/wp\/v2\/posts\/2558\/revisions\/5547"}],"wp:featuredmedia":[{"embeddable":true,"href":"https:\/\/forumpsicoanaliticbarcelona.com\/es\/wp-json\/wp\/v2\/media\/2584"}],"wp:attachment":[{"href":"https:\/\/forumpsicoanaliticbarcelona.com\/es\/wp-json\/wp\/v2\/media?parent=2558"}],"wp:term":[{"taxonomy":"category","embeddable":true,"href":"https:\/\/forumpsicoanaliticbarcelona.com\/es\/wp-json\/wp\/v2\/categories?post=2558"},{"taxonomy":"post_tag","embeddable":true,"href":"https:\/\/forumpsicoanaliticbarcelona.com\/es\/wp-json\/wp\/v2\/tags?post=2558"}],"curies":[{"name":"wp","href":"https:\/\/api.w.org\/{rel}","templated":true}]}}