{"id":2348,"date":"2021-04-12T09:59:21","date_gmt":"2021-04-12T09:59:21","guid":{"rendered":"https:\/\/forumpsicoanaliticbarcelona.com\/?p=2348"},"modified":"2021-04-12T12:44:01","modified_gmt":"2021-04-12T12:44:01","slug":"actividad-de-clinica-i-educacio-la-inclusion-como-paradoja","status":"publish","type":"post","link":"https:\/\/forumpsicoanaliticbarcelona.com\/es\/actividad-de-clinica-i-educacio-la-inclusion-como-paradoja\/","title":{"rendered":"Actividad de Cl\u00ednica i Educaci\u00f3: La inclusi\u00f3n como paradoja"},"content":{"rendered":"\t\t<div data-elementor-type=\"wp-post\" data-elementor-id=\"2348\" class=\"elementor elementor-2348\">\n\t\t\t\t\t\t<section class=\"elementor-section elementor-top-section elementor-element elementor-element-f079a21 elementor-section-boxed elementor-section-height-default elementor-section-height-default\" data-id=\"f079a21\" data-element_type=\"section\">\n\t\t\t\t\t\t<div class=\"elementor-container elementor-column-gap-default\">\n\t\t\t\t\t<div class=\"elementor-column elementor-col-100 elementor-top-column elementor-element elementor-element-d21c927\" data-id=\"d21c927\" data-element_type=\"column\">\n\t\t\t<div class=\"elementor-widget-wrap elementor-element-populated\">\n\t\t\t\t\t\t<div class=\"elementor-element elementor-element-d246fde elementor-widget elementor-widget-text-editor\" data-id=\"d246fde\" data-element_type=\"widget\" data-widget_type=\"text-editor.default\">\n\t\t\t\t<div class=\"elementor-widget-container\">\n\t\t\t\t\t\t\t\t\t<p><strong>La inclusi\u00f3n como paradoja. Pensar la exclusi\u00f3n desde la educaci\u00f3n social.\u00a0El caso de los menores migrados solos.<\/strong><\/p><p>La l\u00f3gica de la\u00a0 inclusi\u00f3n social requiere como condici\u00f3n fundante, haber excluido previamente a alguien.\u00a0Habitualmente, desde las instituciones se convoca a las profesiones de esa cosa llamada \u201clo social\u201d en general y a la educaci\u00f3n social en particular, para que\u00a0 hagan algo para incluir de nuevo al previamente\u00a0 expulsado.\u00a0<\/p><p>Jacques\u00a0Ranci\u00e9re\u00a0en\u00a0<em>El maestro ignorante<\/em>, nos advert\u00eda de que no se puede llegar a la igualdad si el\u00a0 punto de partida no es la igualdad misma.\u00a0En este mismo sentido,\u00a0pensamos que\u00a0la\u00a0inclusi\u00f3n\u00a0social\u00a0no puede ser el punto ideal de llegada,\u00a0si no\u00a0el\u00a0punto de salida.<\/p><p>Una noci\u00f3n de inclusi\u00f3n\u00a0 entendida entonces como una \u00e9tica de la hospitalidad, una acogida incondicional del otro y que no deber\u00eda ser otra cosa que aceptar las diferentes modalidades de existencia, las m\u00faltiples formas posibles de ser yestar en el\u00a0 mundo. Lo parad\u00f3jico de la noci\u00f3n de inclusi\u00f3n se muestra de manera clara en el caso de los chicos que han migrado solos. Como menores de edad se les considera sujetos de derecho a los que hay que proteger y acoger, mientras que como extranjeros son individuos a controlar y en su condici\u00f3n de\u00a0 irregulares, a excluir.<\/p>\t\t\t\t\t\t\t\t<\/div>\n\t\t\t\t<\/div>\n\t\t\t\t\t<\/div>\n\t\t<\/div>\n\t\t\t\t\t<\/div>\n\t\t<\/section>\n\t\t\t\t<section class=\"elementor-section elementor-top-section elementor-element elementor-element-96e53df elementor-section-boxed elementor-section-height-default elementor-section-height-default\" data-id=\"96e53df\" data-element_type=\"section\">\n\t\t\t\t\t\t<div class=\"elementor-container elementor-column-gap-default\">\n\t\t\t\t\t<div class=\"elementor-column elementor-col-100 elementor-top-column elementor-element elementor-element-dbfde4e\" data-id=\"dbfde4e\" data-element_type=\"column\">\n\t\t\t<div class=\"elementor-widget-wrap elementor-element-populated\">\n\t\t\t\t\t\t<div class=\"elementor-element elementor-element-f16d117 elementor-widget elementor-widget-image\" data-id=\"f16d117\" data-element_type=\"widget\" data-widget_type=\"image.default\">\n\t\t\t\t<div class=\"elementor-widget-container\">\n\t\t\t\t\t\t\t\t\t\t\t\t\t\t\t<img fetchpriority=\"high\" decoding=\"async\" width=\"569\" height=\"803\" src=\"https:\/\/forumpsicoanaliticbarcelona.com\/wp-content\/uploads\/2021\/04\/FLYER-CIE-15-ABRIL-VERSIO\u0301N-3-FINAL-.png\" class=\"attachment-large size-large wp-image-2350\" alt=\"cie_15abril\" srcset=\"https:\/\/forumpsicoanaliticbarcelona.com\/wp-content\/uploads\/2021\/04\/FLYER-CIE-15-ABRIL-VERSIO\u0301N-3-FINAL-.png 569w, https:\/\/forumpsicoanaliticbarcelona.com\/wp-content\/uploads\/2021\/04\/FLYER-CIE-15-ABRIL-VERSIO\u0301N-3-FINAL--213x300.png 213w, https:\/\/forumpsicoanaliticbarcelona.com\/wp-content\/uploads\/2021\/04\/FLYER-CIE-15-ABRIL-VERSIO\u0301N-3-FINAL--106x150.png 106w\" sizes=\"(max-width: 569px) 100vw, 569px\" \/>\t\t\t\t\t\t\t\t\t\t\t\t\t\t\t<\/div>\n\t\t\t\t<\/div>\n\t\t\t\t\t<\/div>\n\t\t<\/div>\n\t\t\t\t\t<\/div>\n\t\t<\/section>\n\t\t\t\t<section class=\"elementor-section elementor-top-section elementor-element elementor-element-0a16b2c elementor-section-boxed elementor-section-height-default elementor-section-height-default\" data-id=\"0a16b2c\" data-element_type=\"section\">\n\t\t\t\t\t\t<div class=\"elementor-container elementor-column-gap-default\">\n\t\t\t\t\t<div class=\"elementor-column elementor-col-100 elementor-top-column elementor-element elementor-element-0866fbb\" data-id=\"0866fbb\" data-element_type=\"column\">\n\t\t\t<div class=\"elementor-widget-wrap elementor-element-populated\">\n\t\t\t\t\t\t<div class=\"elementor-element elementor-element-dbd72bb elementor-widget elementor-widget-image\" data-id=\"dbd72bb\" data-element_type=\"widget\" data-widget_type=\"image.default\">\n\t\t\t\t<div class=\"elementor-widget-container\">\n\t\t\t\t\t\t\t\t\t\t\t\t\t\t\t<img decoding=\"async\" width=\"570\" height=\"804\" src=\"https:\/\/forumpsicoanaliticbarcelona.com\/wp-content\/uploads\/2021\/04\/CIE-FLYER-15-ABRIL-2021.png\" class=\"attachment-large size-large wp-image-2352\" alt=\"cie_15abril\" srcset=\"https:\/\/forumpsicoanaliticbarcelona.com\/wp-content\/uploads\/2021\/04\/CIE-FLYER-15-ABRIL-2021.png 570w, https:\/\/forumpsicoanaliticbarcelona.com\/wp-content\/uploads\/2021\/04\/CIE-FLYER-15-ABRIL-2021-213x300.png 213w, https:\/\/forumpsicoanaliticbarcelona.com\/wp-content\/uploads\/2021\/04\/CIE-FLYER-15-ABRIL-2021-106x150.png 106w\" sizes=\"(max-width: 570px) 100vw, 570px\" \/>\t\t\t\t\t\t\t\t\t\t\t\t\t\t\t<\/div>\n\t\t\t\t<\/div>\n\t\t\t\t\t<\/div>\n\t\t<\/div>\n\t\t\t\t\t<\/div>\n\t\t<\/section>\n\t\t\t\t<\/div>\n\t\t","protected":false},"excerpt":{"rendered":"<div class=\"tmnf_excerpt\"><p>fecha: jueves 15 de abril<br \/>\nhora: 20:30 h.<br \/>\nV\u00eda zoom<br \/>\nInscripci\u00f3n previa en: ciefpb@gmail.com<br \/>\nACTIVIDAD ABIERTA<\/p>\n<\/div>","protected":false},"author":1,"featured_media":2370,"comment_status":"open","ping_status":"open","sticky":false,"template":"","format":"standard","meta":{"footnotes":""},"categories":[21],"tags":[52,53],"class_list":["post-2348","post","type-post","status-publish","format-standard","has-post-thumbnail","hentry","category-activitats-clinica-i-educacio-2","tag-inclusion-social","tag-menores-migrados"],"yoast_head":"<!-- This site is optimized with the Yoast SEO plugin v28.2 - https:\/\/yoast.com\/product\/yoast-seo-wordpress\/ -->\n<title>Actividad de Cl\u00ednica i Educaci\u00f3: La inclusi\u00f3n como paradoja - F\u00f2rum Psicoanal\u00edtic Barcelona<\/title>\n<meta name=\"description\" content=\"Actividad de Cl\u00ednica i Educaci\u00f3: La inclusi\u00f3n como paradoja jueves 15 de abril a las 20:30 h.V\u00eda zoom Inscripci\u00f3n previa en: ciefpb@gmail.com ACTIVIDAD ABIERTA\" \/>\n<meta name=\"robots\" content=\"index, follow, max-snippet:-1, max-image-preview:large, max-video-preview:-1\" \/>\n<link rel=\"canonical\" href=\"https:\/\/forumpsicoanaliticbarcelona.com\/es\/actividad-de-clinica-i-educacio-la-inclusion-como-paradoja\/\" \/>\n<meta property=\"og:locale\" content=\"es_ES\" \/>\n<meta property=\"og:type\" content=\"article\" \/>\n<meta property=\"og:title\" content=\"Actividad de Cl\u00ednica i Educaci\u00f3: La inclusi\u00f3n como paradoja - F\u00f2rum Psicoanal\u00edtic Barcelona\" \/>\n<meta property=\"og:description\" content=\"Actividad de Cl\u00ednica i Educaci\u00f3: La inclusi\u00f3n como paradoja jueves 15 de abril a las 20:30 h.V\u00eda zoom Inscripci\u00f3n previa en: ciefpb@gmail.com ACTIVIDAD ABIERTA\" \/>\n<meta property=\"og:url\" content=\"https:\/\/forumpsicoanaliticbarcelona.com\/es\/actividad-de-clinica-i-educacio-la-inclusion-como-paradoja\/\" \/>\n<meta property=\"og:site_name\" content=\"F\u00f2rum Psicoanal\u00edtic Barcelona\" \/>\n<meta property=\"article:publisher\" content=\"https:\/\/www.facebook.com\/forumpsicoanaliticbarcelona\/\" \/>\n<meta property=\"article:published_time\" content=\"2021-04-12T09:59:21+00:00\" \/>\n<meta property=\"article:modified_time\" content=\"2021-04-12T12:44:01+00:00\" \/>\n<meta property=\"og:image\" content=\"https:\/\/forumpsicoanaliticbarcelona.com\/wp-content\/uploads\/2021\/04\/cie_15abril_blog.png\" \/>\n\t<meta property=\"og:image:width\" content=\"1324\" \/>\n\t<meta property=\"og:image:height\" content=\"1324\" \/>\n\t<meta property=\"og:image:type\" content=\"image\/png\" \/>\n<meta name=\"author\" content=\"admin-fpb\" \/>\n<meta name=\"twitter:card\" content=\"summary_large_image\" \/>\n<meta name=\"twitter:label1\" content=\"Escrito por\" \/>\n\t<meta name=\"twitter:data1\" content=\"admin-fpb\" \/>\n\t<meta name=\"twitter:label2\" content=\"Tiempo de lectura\" \/>\n\t<meta name=\"twitter:data2\" content=\"1 minuto\" \/>\n<script type=\"application\/ld+json\" class=\"yoast-schema-graph\">{\"@context\":\"https:\\\/\\\/schema.org\",\"@graph\":[{\"@type\":\"Article\",\"@id\":\"https:\\\/\\\/forumpsicoanaliticbarcelona.com\\\/es\\\/actividad-de-clinica-i-educacio-la-inclusion-como-paradoja\\\/#article\",\"isPartOf\":{\"@id\":\"https:\\\/\\\/forumpsicoanaliticbarcelona.com\\\/es\\\/actividad-de-clinica-i-educacio-la-inclusion-como-paradoja\\\/\"},\"author\":{\"name\":\"admin-fpb\",\"@id\":\"https:\\\/\\\/forumpsicoanaliticbarcelona.com\\\/es\\\/#\\\/schema\\\/person\\\/98c7eb87d720f9d38844fa66887ac616\"},\"headline\":\"Actividad de Cl\u00ednica i Educaci\u00f3: La inclusi\u00f3n como paradoja\",\"datePublished\":\"2021-04-12T09:59:21+00:00\",\"dateModified\":\"2021-04-12T12:44:01+00:00\",\"mainEntityOfPage\":{\"@id\":\"https:\\\/\\\/forumpsicoanaliticbarcelona.com\\\/es\\\/actividad-de-clinica-i-educacio-la-inclusion-como-paradoja\\\/\"},\"wordCount\":266,\"commentCount\":2,\"publisher\":{\"@id\":\"https:\\\/\\\/forumpsicoanaliticbarcelona.com\\\/es\\\/#organization\"},\"image\":{\"@id\":\"https:\\\/\\\/forumpsicoanaliticbarcelona.com\\\/es\\\/actividad-de-clinica-i-educacio-la-inclusion-como-paradoja\\\/#primaryimage\"},\"thumbnailUrl\":\"https:\\\/\\\/forumpsicoanaliticbarcelona.com\\\/wp-content\\\/uploads\\\/2021\\\/04\\\/cie_15abril_blog.png\",\"keywords\":[\"inclusi\u00f3n social\",\"menores migrados\"],\"articleSection\":[\"Activitats Cl\u00ednica i Educaci\u00f3\"],\"inLanguage\":\"es\",\"potentialAction\":[{\"@type\":\"CommentAction\",\"name\":\"Comment\",\"target\":[\"https:\\\/\\\/forumpsicoanaliticbarcelona.com\\\/es\\\/actividad-de-clinica-i-educacio-la-inclusion-como-paradoja\\\/#respond\"]}]},{\"@type\":\"WebPage\",\"@id\":\"https:\\\/\\\/forumpsicoanaliticbarcelona.com\\\/es\\\/actividad-de-clinica-i-educacio-la-inclusion-como-paradoja\\\/\",\"url\":\"https:\\\/\\\/forumpsicoanaliticbarcelona.com\\\/es\\\/actividad-de-clinica-i-educacio-la-inclusion-como-paradoja\\\/\",\"name\":\"Actividad de Cl\u00ednica i Educaci\u00f3: La inclusi\u00f3n como paradoja - F\u00f2rum Psicoanal\u00edtic Barcelona\",\"isPartOf\":{\"@id\":\"https:\\\/\\\/forumpsicoanaliticbarcelona.com\\\/es\\\/#website\"},\"primaryImageOfPage\":{\"@id\":\"https:\\\/\\\/forumpsicoanaliticbarcelona.com\\\/es\\\/actividad-de-clinica-i-educacio-la-inclusion-como-paradoja\\\/#primaryimage\"},\"image\":{\"@id\":\"https:\\\/\\\/forumpsicoanaliticbarcelona.com\\\/es\\\/actividad-de-clinica-i-educacio-la-inclusion-como-paradoja\\\/#primaryimage\"},\"thumbnailUrl\":\"https:\\\/\\\/forumpsicoanaliticbarcelona.com\\\/wp-content\\\/uploads\\\/2021\\\/04\\\/cie_15abril_blog.png\",\"datePublished\":\"2021-04-12T09:59:21+00:00\",\"dateModified\":\"2021-04-12T12:44:01+00:00\",\"description\":\"Actividad de Cl\u00ednica i Educaci\u00f3: La inclusi\u00f3n como paradoja jueves 15 de abril a las 20:30 h.V\u00eda zoom Inscripci\u00f3n previa en: ciefpb@gmail.com ACTIVIDAD ABIERTA\",\"breadcrumb\":{\"@id\":\"https:\\\/\\\/forumpsicoanaliticbarcelona.com\\\/es\\\/actividad-de-clinica-i-educacio-la-inclusion-como-paradoja\\\/#breadcrumb\"},\"inLanguage\":\"es\",\"potentialAction\":[{\"@type\":\"ReadAction\",\"target\":[\"https:\\\/\\\/forumpsicoanaliticbarcelona.com\\\/es\\\/actividad-de-clinica-i-educacio-la-inclusion-como-paradoja\\\/\"]}]},{\"@type\":\"ImageObject\",\"inLanguage\":\"es\",\"@id\":\"https:\\\/\\\/forumpsicoanaliticbarcelona.com\\\/es\\\/actividad-de-clinica-i-educacio-la-inclusion-como-paradoja\\\/#primaryimage\",\"url\":\"https:\\\/\\\/forumpsicoanaliticbarcelona.com\\\/wp-content\\\/uploads\\\/2021\\\/04\\\/cie_15abril_blog.png\",\"contentUrl\":\"https:\\\/\\\/forumpsicoanaliticbarcelona.com\\\/wp-content\\\/uploads\\\/2021\\\/04\\\/cie_15abril_blog.png\",\"width\":1324,\"height\":1324,\"caption\":\"cie_15abril_blog\"},{\"@type\":\"BreadcrumbList\",\"@id\":\"https:\\\/\\\/forumpsicoanaliticbarcelona.com\\\/es\\\/actividad-de-clinica-i-educacio-la-inclusion-como-paradoja\\\/#breadcrumb\",\"itemListElement\":[{\"@type\":\"ListItem\",\"position\":1,\"name\":\"Portada\",\"item\":\"https:\\\/\\\/forumpsicoanaliticbarcelona.com\\\/es\\\/\"},{\"@type\":\"ListItem\",\"position\":2,\"name\":\"Actividad de Cl\u00ednica i Educaci\u00f3: La inclusi\u00f3n como paradoja\"}]},{\"@type\":\"WebSite\",\"@id\":\"https:\\\/\\\/forumpsicoanaliticbarcelona.com\\\/es\\\/#website\",\"url\":\"https:\\\/\\\/forumpsicoanaliticbarcelona.com\\\/es\\\/\",\"name\":\"F\u00f2rum Psicoanal\u00edtic Barcelona\",\"description\":\"Associaci\u00f3 dedicada a l&#039;estudi, transmissi\u00f3 i desenvolupament de la Psicoan\u00e0lisi - Esdeveniments\",\"publisher\":{\"@id\":\"https:\\\/\\\/forumpsicoanaliticbarcelona.com\\\/es\\\/#organization\"},\"potentialAction\":[{\"@type\":\"SearchAction\",\"target\":{\"@type\":\"EntryPoint\",\"urlTemplate\":\"https:\\\/\\\/forumpsicoanaliticbarcelona.com\\\/es\\\/?s={search_term_string}\"},\"query-input\":{\"@type\":\"PropertyValueSpecification\",\"valueRequired\":true,\"valueName\":\"search_term_string\"}}],\"inLanguage\":\"es\"},{\"@type\":\"Organization\",\"@id\":\"https:\\\/\\\/forumpsicoanaliticbarcelona.com\\\/es\\\/#organization\",\"name\":\"F\u00f2rum Psicoanal\u00edtic Barcelona\",\"alternateName\":\"FPB\",\"url\":\"https:\\\/\\\/forumpsicoanaliticbarcelona.com\\\/es\\\/\",\"logo\":{\"@type\":\"ImageObject\",\"inLanguage\":\"es\",\"@id\":\"https:\\\/\\\/forumpsicoanaliticbarcelona.com\\\/es\\\/#\\\/schema\\\/logo\\\/image\\\/\",\"url\":\"https:\\\/\\\/forumpsicoanaliticbarcelona.com\\\/wp-content\\\/uploads\\\/2020\\\/05\\\/FPB_logo.png\",\"contentUrl\":\"https:\\\/\\\/forumpsicoanaliticbarcelona.com\\\/wp-content\\\/uploads\\\/2020\\\/05\\\/FPB_logo.png\",\"width\":400,\"height\":184,\"caption\":\"F\u00f2rum Psicoanal\u00edtic Barcelona\"},\"image\":{\"@id\":\"https:\\\/\\\/forumpsicoanaliticbarcelona.com\\\/es\\\/#\\\/schema\\\/logo\\\/image\\\/\"},\"sameAs\":[\"https:\\\/\\\/www.facebook.com\\\/forumpsicoanaliticbarcelona\\\/\",\"https:\\\/\\\/www.instagram.com\\\/forumpsicoanalitic\\\/\"]},{\"@type\":\"Person\",\"@id\":\"https:\\\/\\\/forumpsicoanaliticbarcelona.com\\\/es\\\/#\\\/schema\\\/person\\\/98c7eb87d720f9d38844fa66887ac616\",\"name\":\"admin-fpb\",\"image\":{\"@type\":\"ImageObject\",\"inLanguage\":\"es\",\"@id\":\"https:\\\/\\\/secure.gravatar.com\\\/avatar\\\/83ab03c23a4a141c515cd2d17f5b3551a9c4f1066602ea60ed8ce52554092ada?s=96&d=mm&r=g\",\"url\":\"https:\\\/\\\/secure.gravatar.com\\\/avatar\\\/83ab03c23a4a141c515cd2d17f5b3551a9c4f1066602ea60ed8ce52554092ada?s=96&d=mm&r=g\",\"contentUrl\":\"https:\\\/\\\/secure.gravatar.com\\\/avatar\\\/83ab03c23a4a141c515cd2d17f5b3551a9c4f1066602ea60ed8ce52554092ada?s=96&d=mm&r=g\",\"caption\":\"admin-fpb\"},\"url\":\"https:\\\/\\\/forumpsicoanaliticbarcelona.com\\\/es\\\/author\\\/admin-fpb\\\/\"}]}<\/script>\n<!-- \/ Yoast SEO plugin. -->","yoast_head_json":{"title":"Actividad de Cl\u00ednica i Educaci\u00f3: La inclusi\u00f3n como paradoja - F\u00f2rum Psicoanal\u00edtic Barcelona","description":"Actividad de Cl\u00ednica i Educaci\u00f3: La inclusi\u00f3n como paradoja jueves 15 de abril a las 20:30 h.V\u00eda zoom Inscripci\u00f3n previa en: ciefpb@gmail.com ACTIVIDAD ABIERTA","robots":{"index":"index","follow":"follow","max-snippet":"max-snippet:-1","max-image-preview":"max-image-preview:large","max-video-preview":"max-video-preview:-1"},"canonical":"https:\/\/forumpsicoanaliticbarcelona.com\/es\/actividad-de-clinica-i-educacio-la-inclusion-como-paradoja\/","og_locale":"es_ES","og_type":"article","og_title":"Actividad de Cl\u00ednica i Educaci\u00f3: La inclusi\u00f3n como paradoja - F\u00f2rum Psicoanal\u00edtic Barcelona","og_description":"Actividad de Cl\u00ednica i Educaci\u00f3: La inclusi\u00f3n como paradoja jueves 15 de abril a las 20:30 h.V\u00eda zoom Inscripci\u00f3n previa en: ciefpb@gmail.com ACTIVIDAD ABIERTA","og_url":"https:\/\/forumpsicoanaliticbarcelona.com\/es\/actividad-de-clinica-i-educacio-la-inclusion-como-paradoja\/","og_site_name":"F\u00f2rum Psicoanal\u00edtic Barcelona","article_publisher":"https:\/\/www.facebook.com\/forumpsicoanaliticbarcelona\/","article_published_time":"2021-04-12T09:59:21+00:00","article_modified_time":"2021-04-12T12:44:01+00:00","og_image":[{"width":1324,"height":1324,"url":"https:\/\/forumpsicoanaliticbarcelona.com\/wp-content\/uploads\/2021\/04\/cie_15abril_blog.png","type":"image\/png"}],"author":"admin-fpb","twitter_card":"summary_large_image","twitter_misc":{"Escrito por":"admin-fpb","Tiempo de lectura":"1 minuto"},"schema":{"@context":"https:\/\/schema.org","@graph":[{"@type":"Article","@id":"https:\/\/forumpsicoanaliticbarcelona.com\/es\/actividad-de-clinica-i-educacio-la-inclusion-como-paradoja\/#article","isPartOf":{"@id":"https:\/\/forumpsicoanaliticbarcelona.com\/es\/actividad-de-clinica-i-educacio-la-inclusion-como-paradoja\/"},"author":{"name":"admin-fpb","@id":"https:\/\/forumpsicoanaliticbarcelona.com\/es\/#\/schema\/person\/98c7eb87d720f9d38844fa66887ac616"},"headline":"Actividad de Cl\u00ednica i Educaci\u00f3: La inclusi\u00f3n como paradoja","datePublished":"2021-04-12T09:59:21+00:00","dateModified":"2021-04-12T12:44:01+00:00","mainEntityOfPage":{"@id":"https:\/\/forumpsicoanaliticbarcelona.com\/es\/actividad-de-clinica-i-educacio-la-inclusion-como-paradoja\/"},"wordCount":266,"commentCount":2,"publisher":{"@id":"https:\/\/forumpsicoanaliticbarcelona.com\/es\/#organization"},"image":{"@id":"https:\/\/forumpsicoanaliticbarcelona.com\/es\/actividad-de-clinica-i-educacio-la-inclusion-como-paradoja\/#primaryimage"},"thumbnailUrl":"https:\/\/forumpsicoanaliticbarcelona.com\/wp-content\/uploads\/2021\/04\/cie_15abril_blog.png","keywords":["inclusi\u00f3n social","menores migrados"],"articleSection":["Activitats Cl\u00ednica i Educaci\u00f3"],"inLanguage":"es","potentialAction":[{"@type":"CommentAction","name":"Comment","target":["https:\/\/forumpsicoanaliticbarcelona.com\/es\/actividad-de-clinica-i-educacio-la-inclusion-como-paradoja\/#respond"]}]},{"@type":"WebPage","@id":"https:\/\/forumpsicoanaliticbarcelona.com\/es\/actividad-de-clinica-i-educacio-la-inclusion-como-paradoja\/","url":"https:\/\/forumpsicoanaliticbarcelona.com\/es\/actividad-de-clinica-i-educacio-la-inclusion-como-paradoja\/","name":"Actividad de Cl\u00ednica i Educaci\u00f3: La inclusi\u00f3n como paradoja - F\u00f2rum Psicoanal\u00edtic Barcelona","isPartOf":{"@id":"https:\/\/forumpsicoanaliticbarcelona.com\/es\/#website"},"primaryImageOfPage":{"@id":"https:\/\/forumpsicoanaliticbarcelona.com\/es\/actividad-de-clinica-i-educacio-la-inclusion-como-paradoja\/#primaryimage"},"image":{"@id":"https:\/\/forumpsicoanaliticbarcelona.com\/es\/actividad-de-clinica-i-educacio-la-inclusion-como-paradoja\/#primaryimage"},"thumbnailUrl":"https:\/\/forumpsicoanaliticbarcelona.com\/wp-content\/uploads\/2021\/04\/cie_15abril_blog.png","datePublished":"2021-04-12T09:59:21+00:00","dateModified":"2021-04-12T12:44:01+00:00","description":"Actividad de Cl\u00ednica i Educaci\u00f3: La inclusi\u00f3n como paradoja jueves 15 de abril a las 20:30 h.V\u00eda zoom Inscripci\u00f3n previa en: ciefpb@gmail.com ACTIVIDAD ABIERTA","breadcrumb":{"@id":"https:\/\/forumpsicoanaliticbarcelona.com\/es\/actividad-de-clinica-i-educacio-la-inclusion-como-paradoja\/#breadcrumb"},"inLanguage":"es","potentialAction":[{"@type":"ReadAction","target":["https:\/\/forumpsicoanaliticbarcelona.com\/es\/actividad-de-clinica-i-educacio-la-inclusion-como-paradoja\/"]}]},{"@type":"ImageObject","inLanguage":"es","@id":"https:\/\/forumpsicoanaliticbarcelona.com\/es\/actividad-de-clinica-i-educacio-la-inclusion-como-paradoja\/#primaryimage","url":"https:\/\/forumpsicoanaliticbarcelona.com\/wp-content\/uploads\/2021\/04\/cie_15abril_blog.png","contentUrl":"https:\/\/forumpsicoanaliticbarcelona.com\/wp-content\/uploads\/2021\/04\/cie_15abril_blog.png","width":1324,"height":1324,"caption":"cie_15abril_blog"},{"@type":"BreadcrumbList","@id":"https:\/\/forumpsicoanaliticbarcelona.com\/es\/actividad-de-clinica-i-educacio-la-inclusion-como-paradoja\/#breadcrumb","itemListElement":[{"@type":"ListItem","position":1,"name":"Portada","item":"https:\/\/forumpsicoanaliticbarcelona.com\/es\/"},{"@type":"ListItem","position":2,"name":"Actividad de Cl\u00ednica i Educaci\u00f3: La inclusi\u00f3n como paradoja"}]},{"@type":"WebSite","@id":"https:\/\/forumpsicoanaliticbarcelona.com\/es\/#website","url":"https:\/\/forumpsicoanaliticbarcelona.com\/es\/","name":"F\u00f2rum Psicoanal\u00edtic Barcelona","description":"Associaci\u00f3 dedicada a l&#039;estudi, transmissi\u00f3 i desenvolupament de la Psicoan\u00e0lisi - Esdeveniments","publisher":{"@id":"https:\/\/forumpsicoanaliticbarcelona.com\/es\/#organization"},"potentialAction":[{"@type":"SearchAction","target":{"@type":"EntryPoint","urlTemplate":"https:\/\/forumpsicoanaliticbarcelona.com\/es\/?s={search_term_string}"},"query-input":{"@type":"PropertyValueSpecification","valueRequired":true,"valueName":"search_term_string"}}],"inLanguage":"es"},{"@type":"Organization","@id":"https:\/\/forumpsicoanaliticbarcelona.com\/es\/#organization","name":"F\u00f2rum Psicoanal\u00edtic Barcelona","alternateName":"FPB","url":"https:\/\/forumpsicoanaliticbarcelona.com\/es\/","logo":{"@type":"ImageObject","inLanguage":"es","@id":"https:\/\/forumpsicoanaliticbarcelona.com\/es\/#\/schema\/logo\/image\/","url":"https:\/\/forumpsicoanaliticbarcelona.com\/wp-content\/uploads\/2020\/05\/FPB_logo.png","contentUrl":"https:\/\/forumpsicoanaliticbarcelona.com\/wp-content\/uploads\/2020\/05\/FPB_logo.png","width":400,"height":184,"caption":"F\u00f2rum Psicoanal\u00edtic Barcelona"},"image":{"@id":"https:\/\/forumpsicoanaliticbarcelona.com\/es\/#\/schema\/logo\/image\/"},"sameAs":["https:\/\/www.facebook.com\/forumpsicoanaliticbarcelona\/","https:\/\/www.instagram.com\/forumpsicoanalitic\/"]},{"@type":"Person","@id":"https:\/\/forumpsicoanaliticbarcelona.com\/es\/#\/schema\/person\/98c7eb87d720f9d38844fa66887ac616","name":"admin-fpb","image":{"@type":"ImageObject","inLanguage":"es","@id":"https:\/\/secure.gravatar.com\/avatar\/83ab03c23a4a141c515cd2d17f5b3551a9c4f1066602ea60ed8ce52554092ada?s=96&d=mm&r=g","url":"https:\/\/secure.gravatar.com\/avatar\/83ab03c23a4a141c515cd2d17f5b3551a9c4f1066602ea60ed8ce52554092ada?s=96&d=mm&r=g","contentUrl":"https:\/\/secure.gravatar.com\/avatar\/83ab03c23a4a141c515cd2d17f5b3551a9c4f1066602ea60ed8ce52554092ada?s=96&d=mm&r=g","caption":"admin-fpb"},"url":"https:\/\/forumpsicoanaliticbarcelona.com\/es\/author\/admin-fpb\/"}]}},"_links":{"self":[{"href":"https:\/\/forumpsicoanaliticbarcelona.com\/es\/wp-json\/wp\/v2\/posts\/2348","targetHints":{"allow":["GET"]}}],"collection":[{"href":"https:\/\/forumpsicoanaliticbarcelona.com\/es\/wp-json\/wp\/v2\/posts"}],"about":[{"href":"https:\/\/forumpsicoanaliticbarcelona.com\/es\/wp-json\/wp\/v2\/types\/post"}],"author":[{"embeddable":true,"href":"https:\/\/forumpsicoanaliticbarcelona.com\/es\/wp-json\/wp\/v2\/users\/1"}],"replies":[{"embeddable":true,"href":"https:\/\/forumpsicoanaliticbarcelona.com\/es\/wp-json\/wp\/v2\/comments?post=2348"}],"version-history":[{"count":14,"href":"https:\/\/forumpsicoanaliticbarcelona.com\/es\/wp-json\/wp\/v2\/posts\/2348\/revisions"}],"predecessor-version":[{"id":2375,"href":"https:\/\/forumpsicoanaliticbarcelona.com\/es\/wp-json\/wp\/v2\/posts\/2348\/revisions\/2375"}],"wp:featuredmedia":[{"embeddable":true,"href":"https:\/\/forumpsicoanaliticbarcelona.com\/es\/wp-json\/wp\/v2\/media\/2370"}],"wp:attachment":[{"href":"https:\/\/forumpsicoanaliticbarcelona.com\/es\/wp-json\/wp\/v2\/media?parent=2348"}],"wp:term":[{"taxonomy":"category","embeddable":true,"href":"https:\/\/forumpsicoanaliticbarcelona.com\/es\/wp-json\/wp\/v2\/categories?post=2348"},{"taxonomy":"post_tag","embeddable":true,"href":"https:\/\/forumpsicoanaliticbarcelona.com\/es\/wp-json\/wp\/v2\/tags?post=2348"}],"curies":[{"name":"wp","href":"https:\/\/api.w.org\/{rel}","templated":true}]}}