{"id":2156,"date":"2021-03-11T20:34:10","date_gmt":"2021-03-11T20:34:10","guid":{"rendered":"https:\/\/forumpsicoanaliticbarcelona.com\/?p=2156"},"modified":"2021-03-11T20:54:11","modified_gmt":"2021-03-11T20:54:11","slug":"pulsion-y-autismo","status":"publish","type":"post","link":"https:\/\/forumpsicoanaliticbarcelona.com\/es\/pulsion-y-autismo\/","title":{"rendered":"Peque\u00f1a nota sobre el autismo y la pulsi\u00f3n"},"content":{"rendered":"\t\t<div data-elementor-type=\"wp-post\" data-elementor-id=\"2156\" class=\"elementor elementor-2156\">\n\t\t\t\t\t\t<section class=\"elementor-section elementor-top-section elementor-element elementor-element-ae1abbf elementor-section-boxed elementor-section-height-default elementor-section-height-default\" data-id=\"ae1abbf\" data-element_type=\"section\">\n\t\t\t\t\t\t<div class=\"elementor-container elementor-column-gap-default\">\n\t\t\t\t\t<div class=\"elementor-column elementor-col-100 elementor-top-column elementor-element elementor-element-78494b1\" data-id=\"78494b1\" data-element_type=\"column\">\n\t\t\t<div class=\"elementor-widget-wrap elementor-element-populated\">\n\t\t\t\t\t\t<div class=\"elementor-element elementor-element-353013c elementor-widget elementor-widget-text-editor\" data-id=\"353013c\" data-element_type=\"widget\" data-widget_type=\"text-editor.default\">\n\t\t\t\t<div class=\"elementor-widget-container\">\n\t\t\t\t\t\t\t\t\t<p>[escrito por <a href=\"https:\/\/forumpsicoanaliticbarcelona.com\/es\/quienes-somos\/miembros-fpb\/\" target=\"_blank\" rel=\"noopener\">Ramon Miralpeix<\/a>, el 08-03-21]<\/p><p>Muy a menudo, cuando leemos o escuchamos a psicoanalistas hablar de los autistas -o m\u00e1s recientemente, de los TEA, como si fuera lo mismo- nos encontramos con una serie de t\u00e9rminos que utilizamos de la misma manera que en lo que ser\u00eda la \u00abteor\u00eda general\u00bb: pulsi\u00f3n, disfrute, objeto, sujeto, los tres registros RSI, o, m\u00e1s all\u00e1 a\u00fan, los nudos. Ser\u00eda interesante revisar estos conceptos en la cl\u00ednica particular de los autistas para no cometer errores de principio. No s\u00e9 si seguir\u00e9 con cada uno de los t\u00e9rminos que he nombrado, o si me he dejado alguno en el tintero, pero volver a escuchar la clase inaugural de Colette Soler sobre el Seminario XI en ACCEP, el a\u00f1o 2014, me ha impulsado a empezar por la pulsi\u00f3n.<\/p><p>En primer lugar, porque la \u00abpulsi\u00f3n\u00bb es heterog\u00e9nea al autismo, por lo que \u00abpulsionitzar\u00bb la actividad de goce del autista ser\u00e1 ya un primer hito en su tratamiento.\u00a0Acabo de decir \u00abactividad de goce\u00bb referida al autista, y ya me veo obligado a aclarar que <em>goce<\/em> quiz\u00e1s tampoco es el t\u00e9rmino m\u00e1s apropiado, porque el <em>goce<\/em> lo referimos habitualmente a un cuerpo constituido, lo que no es el caso .. . pero de momento seguramente nos entendemos cuando decimos \u00abactividad de goce\u00bb.<\/p><p>Sabemos que la pulsi\u00f3n es efecto del lenguaje, pero no as\u00ed, en general, sino que es efecto del lenguaje en tanto que una demanda del Otro es articulada en un discurso dirigido espec\u00edficamente a\u00a0 este ni\u00f1o concreto. Es decir, no es suficiente que el ni\u00f1o est\u00e9 inmerso en el mundo de los parl\u00eatres,o sea, en medio de seres que hablan, y por tanto en la ba\u00f1era de los significantes: es necesario que una demanda que provenga de alguien concreto ( sobre quien recae la funci\u00f3n materna) intente metamorfosear una necesidad hasta que deje de serlo, hasta que se opere el corte de la funci\u00f3n org\u00e1nica y el salto a la pulsi\u00f3n: el primer ejemplo siempre es el que va de la necesidad alimentaria a la pulsi\u00f3n oral. Recuerda Colette Soler que la pulsi\u00f3n es el eco en el cuerpo de que haya un decir.<a href=\"#_ftn1\" name=\"_ftnref1\">[1]<\/a><\/p><p>En la pr\u00e1ctica, en la experiencia vital, este corte de la funci\u00f3n org\u00e1nica y el salto a la pulsi\u00f3n, van de la mano con un recorte sobre el cuerpo de las zonas er\u00f3genas, y con la \u00abexpulsi\u00f3n\u00bb\/creaci\u00f3n del objeto alrededor del cual el montaje de la pulsi\u00f3n da la vuelta &#8230; (o, no ser\u00e1 que es el propio montaje de la pulsi\u00f3n lo que coloca el objeto a en el hueco que dibuja?)<\/p><p>Me he saltado un paso, al menos! &#8230; y es que el cuerpo se construye, va construyendose lentamente, como una superficie o un tejido contenedor, unificador e identificador a partir de la captura imaginaria en el espejo (en esta captura interviene tambi\u00e9n la performaci\u00f3n de esta superficie a trav\u00e9s de la funci\u00f3n &#8220;real&#8221; de frontera, de borde, con el mundo cuando el cuerpo es dibujado por el aire fresco, el agua tibia o demasiado fr\u00eda, o demasiado caliente, las caricias o los manejos bruscos, los besos &#8230; y sobre todo, el envoltorio de palabras dichas). Es sobre este cuerpo en construcci\u00f3n -constituido al mismo tiempo que el sujeto (este que lo es como representado por un significante que lo representa para otro significante) y que el parl\u00eatre (este ser en el que la palabra hace coalescencia con el goce) -, que tiene sentido hablar de pulsi\u00f3n.<\/p><p>Justamente, en la cl\u00ednica con autistas, nos encontramos con el ni\u00f1o que no dispone de este saco unificador de su imagen, y que no embraga con el lenguaje, de manera que no lo representa un significante para otro significante (por eso la dificultad extrema del uso del pronombre personal), por lo que falta un decir desde donde pueda aparecer la palabra dicha. Y un efecto de este no embrague lo encontramos en la dificultad de generar un sistema pulsional: fij\u00e9monos en\u00a0 las dificultades que tienen los ni\u00f1os autistas m\u00e1s peque\u00f1os (y a veces no tan peque\u00f1os) alrededor de ordenar de alguna manera la actividad alimentaria, o la actividad de expulsi\u00f3n uretral-anal, o la actividad del dormir (habr\u00eda una pulsi\u00f3n relativa al dormir?) o el contacto (habr\u00e1 una pulsi\u00f3n relativa al tacto?), o, \u00abnaturalmente\u00bb , en la desaz\u00f3n genital &#8230;<\/p><p>En el autismo, parece que algo pasa diferentemente. El contacto con el Otro\/otro no act\u00faa como catalizador de lo que favorecer\u00eda lo que conocemos como alienaci\u00f3n. Y sin alienaci\u00f3n significante no podemos pensar en la producci\u00f3n de la demanda como veh\u00edculo para la pulsi\u00f3n.<\/p><p>A veces, aquellos que acompa\u00f1an al ni\u00f1o autista consiguen, a trav\u00e9s del adiestramiento y sin que \u00e9l tenga ah\u00ed gran cosa que decir, que aprenda a comportarse de una manera regulada similar -pero lejos de ser igual\u2013\u00a0 a c\u00f3mo la pulsi\u00f3n regula y ordena el goce en los ni\u00f1os no autistas, pero hablar de pulsi\u00f3n en el autismo es un verdadero ox\u00edmoron.<\/p><p><a href=\"#_ftnref1\" name=\"_ftn1\">[1]<\/a>\u00a0\u00a0\u00a0\u00a0 \u00ab&#8230;las pulsiones, eso es el eco en el cuerpo del hecho de que hay un decir, pero que este decir, para que resuene, para que consuene, para emplear otro te\u0301rmino del <em>sinthomadaquin(23)<\/em>, para que consuene, es preciso que el cuerpo sea alli\u0301 sensible, y que lo en, es un hecho.\u00bb Lacan Seminario 23, el Sinthome, clase 1 \u00abEl s\u00edntoma y el padre\u00bb, del 18-11-1975<\/p>\t\t\t\t\t\t\t\t<\/div>\n\t\t\t\t<\/div>\n\t\t\t\t\t<\/div>\n\t\t<\/div>\n\t\t\t\t\t<\/div>\n\t\t<\/section>\n\t\t\t\t<\/div>\n\t\t","protected":false},"excerpt":{"rendered":"<div class=\"tmnf_excerpt\"><p>Muy a menudo, cuando leemos o escuchamos a psicoanalistas hablar de los autistas -o m\u00e1s recientemente, de los TEA, como si fuera lo mismo- nos encontramos con una serie de t\u00e9rminos que utilizamos de la misma manera que en lo que ser\u00eda la \u00abteor\u00eda general\u00bb: pulsi\u00f3n, disfrute, objeto, sujeto, los tres registros RSI, o, m\u00e1s all\u00e1 a\u00fan, los nudos. Ser\u00eda interesante revisar estos conceptos en la cl\u00ednica particular de los autistas para no cometer errores de principio&#8230;<\/p>\n<\/div>","protected":false},"author":1,"featured_media":2158,"comment_status":"open","ping_status":"open","sticky":false,"template":"","format":"standard","meta":{"footnotes":""},"categories":[33],"tags":[48,49,47,50],"class_list":["post-2156","post","type-post","status-publish","format-standard","has-post-thumbnail","hentry","category-clinica-psicoanalitica","tag-autisme","tag-colette-soler","tag-pulsio","tag-tea"],"yoast_head":"<!-- This site is optimized with the Yoast SEO plugin v28.2 - https:\/\/yoast.com\/product\/yoast-seo-wordpress\/ -->\n<title>Peque\u00f1a nota sobre el autismo y la pulsi\u00f3n - F\u00f2rum Psicoanal\u00edtic Barcelona<\/title>\n<meta name=\"description\" content=\"Muy a menudo, cuando leemos o escuchamos a psicoanalistas hablar de los autistas -o m\u00e1s recientemente, de los TEA, como si fuera lo mismo- nos encontramos con una serie de t\u00e9rminos que utilizamos de la misma manera que en lo que ser\u00eda la \u00abteor\u00eda general\u00bb: pulsi\u00f3n, disfrute, objeto, sujeto, los tres registros RSI, o, m\u00e1s all\u00e1 a\u00fan, los nudos. Ser\u00eda interesante revisar estos conceptos en la cl\u00ednica particular de los autistas para no cometer errores de principio.\" \/>\n<meta name=\"robots\" content=\"index, follow, max-snippet:-1, max-image-preview:large, max-video-preview:-1\" \/>\n<link rel=\"canonical\" href=\"https:\/\/forumpsicoanaliticbarcelona.com\/es\/pulsion-y-autismo\/\" \/>\n<meta property=\"og:locale\" content=\"es_ES\" \/>\n<meta property=\"og:type\" content=\"article\" \/>\n<meta property=\"og:title\" content=\"Peque\u00f1a nota sobre el autismo y la pulsi\u00f3n - F\u00f2rum Psicoanal\u00edtic Barcelona\" \/>\n<meta property=\"og:description\" content=\"Muy a menudo, cuando leemos o escuchamos a psicoanalistas hablar de los autistas -o m\u00e1s recientemente, de los TEA, como si fuera lo mismo- nos encontramos con una serie de t\u00e9rminos que utilizamos de la misma manera que en lo que ser\u00eda la \u00abteor\u00eda general\u00bb: pulsi\u00f3n, disfrute, objeto, sujeto, los tres registros RSI, o, m\u00e1s all\u00e1 a\u00fan, los nudos. Ser\u00eda interesante revisar estos conceptos en la cl\u00ednica particular de los autistas para no cometer errores de principio.\" \/>\n<meta property=\"og:url\" content=\"https:\/\/forumpsicoanaliticbarcelona.com\/es\/pulsion-y-autismo\/\" \/>\n<meta property=\"og:site_name\" content=\"F\u00f2rum Psicoanal\u00edtic Barcelona\" \/>\n<meta property=\"article:publisher\" content=\"https:\/\/www.facebook.com\/forumpsicoanaliticbarcelona\/\" \/>\n<meta property=\"article:published_time\" content=\"2021-03-11T20:34:10+00:00\" \/>\n<meta property=\"article:modified_time\" content=\"2021-03-11T20:54:11+00:00\" \/>\n<meta property=\"og:image\" content=\"https:\/\/forumpsicoanaliticbarcelona.com\/wp-content\/uploads\/2021\/03\/pulsionyautismo.jpg\" \/>\n\t<meta property=\"og:image:width\" content=\"493\" \/>\n\t<meta property=\"og:image:height\" content=\"488\" \/>\n\t<meta property=\"og:image:type\" content=\"image\/jpeg\" \/>\n<meta name=\"author\" content=\"admin-fpb\" \/>\n<meta name=\"twitter:card\" content=\"summary_large_image\" \/>\n<meta name=\"twitter:label1\" content=\"Escrito por\" \/>\n\t<meta name=\"twitter:data1\" content=\"admin-fpb\" \/>\n\t<meta name=\"twitter:label2\" content=\"Tiempo de lectura\" \/>\n\t<meta name=\"twitter:data2\" content=\"5 minutos\" \/>\n<script type=\"application\/ld+json\" class=\"yoast-schema-graph\">{\"@context\":\"https:\\\/\\\/schema.org\",\"@graph\":[{\"@type\":\"Article\",\"@id\":\"https:\\\/\\\/forumpsicoanaliticbarcelona.com\\\/es\\\/pulsion-y-autismo\\\/#article\",\"isPartOf\":{\"@id\":\"https:\\\/\\\/forumpsicoanaliticbarcelona.com\\\/es\\\/pulsion-y-autismo\\\/\"},\"author\":{\"name\":\"admin-fpb\",\"@id\":\"https:\\\/\\\/forumpsicoanaliticbarcelona.com\\\/es\\\/#\\\/schema\\\/person\\\/98c7eb87d720f9d38844fa66887ac616\"},\"headline\":\"Peque\u00f1a nota sobre el autismo y la pulsi\u00f3n\",\"datePublished\":\"2021-03-11T20:34:10+00:00\",\"dateModified\":\"2021-03-11T20:54:11+00:00\",\"mainEntityOfPage\":{\"@id\":\"https:\\\/\\\/forumpsicoanaliticbarcelona.com\\\/es\\\/pulsion-y-autismo\\\/\"},\"wordCount\":965,\"commentCount\":0,\"publisher\":{\"@id\":\"https:\\\/\\\/forumpsicoanaliticbarcelona.com\\\/es\\\/#organization\"},\"image\":{\"@id\":\"https:\\\/\\\/forumpsicoanaliticbarcelona.com\\\/es\\\/pulsion-y-autismo\\\/#primaryimage\"},\"thumbnailUrl\":\"https:\\\/\\\/forumpsicoanaliticbarcelona.com\\\/wp-content\\\/uploads\\\/2021\\\/03\\\/pulsionyautismo.jpg\",\"keywords\":[\"autisme\",\"Colette Soler\",\"pulsi\u00f3\",\"TEA\"],\"articleSection\":[\"Cl\u00ednica Psicoanal\u00edtica\"],\"inLanguage\":\"es\",\"potentialAction\":[{\"@type\":\"CommentAction\",\"name\":\"Comment\",\"target\":[\"https:\\\/\\\/forumpsicoanaliticbarcelona.com\\\/es\\\/pulsion-y-autismo\\\/#respond\"]}]},{\"@type\":\"WebPage\",\"@id\":\"https:\\\/\\\/forumpsicoanaliticbarcelona.com\\\/es\\\/pulsion-y-autismo\\\/\",\"url\":\"https:\\\/\\\/forumpsicoanaliticbarcelona.com\\\/es\\\/pulsion-y-autismo\\\/\",\"name\":\"Peque\u00f1a nota sobre el autismo y la pulsi\u00f3n - F\u00f2rum Psicoanal\u00edtic Barcelona\",\"isPartOf\":{\"@id\":\"https:\\\/\\\/forumpsicoanaliticbarcelona.com\\\/es\\\/#website\"},\"primaryImageOfPage\":{\"@id\":\"https:\\\/\\\/forumpsicoanaliticbarcelona.com\\\/es\\\/pulsion-y-autismo\\\/#primaryimage\"},\"image\":{\"@id\":\"https:\\\/\\\/forumpsicoanaliticbarcelona.com\\\/es\\\/pulsion-y-autismo\\\/#primaryimage\"},\"thumbnailUrl\":\"https:\\\/\\\/forumpsicoanaliticbarcelona.com\\\/wp-content\\\/uploads\\\/2021\\\/03\\\/pulsionyautismo.jpg\",\"datePublished\":\"2021-03-11T20:34:10+00:00\",\"dateModified\":\"2021-03-11T20:54:11+00:00\",\"description\":\"Muy a menudo, cuando leemos o escuchamos a psicoanalistas hablar de los autistas -o m\u00e1s recientemente, de los TEA, como si fuera lo mismo- nos encontramos con una serie de t\u00e9rminos que utilizamos de la misma manera que en lo que ser\u00eda la \u00abteor\u00eda general\u00bb: pulsi\u00f3n, disfrute, objeto, sujeto, los tres registros RSI, o, m\u00e1s all\u00e1 a\u00fan, los nudos. Ser\u00eda interesante revisar estos conceptos en la cl\u00ednica particular de los autistas para no cometer errores de principio.\",\"breadcrumb\":{\"@id\":\"https:\\\/\\\/forumpsicoanaliticbarcelona.com\\\/es\\\/pulsion-y-autismo\\\/#breadcrumb\"},\"inLanguage\":\"es\",\"potentialAction\":[{\"@type\":\"ReadAction\",\"target\":[\"https:\\\/\\\/forumpsicoanaliticbarcelona.com\\\/es\\\/pulsion-y-autismo\\\/\"]}]},{\"@type\":\"ImageObject\",\"inLanguage\":\"es\",\"@id\":\"https:\\\/\\\/forumpsicoanaliticbarcelona.com\\\/es\\\/pulsion-y-autismo\\\/#primaryimage\",\"url\":\"https:\\\/\\\/forumpsicoanaliticbarcelona.com\\\/wp-content\\\/uploads\\\/2021\\\/03\\\/pulsionyautismo.jpg\",\"contentUrl\":\"https:\\\/\\\/forumpsicoanaliticbarcelona.com\\\/wp-content\\\/uploads\\\/2021\\\/03\\\/pulsionyautismo.jpg\",\"width\":493,\"height\":488,\"caption\":\"pulsionyautismo\"},{\"@type\":\"BreadcrumbList\",\"@id\":\"https:\\\/\\\/forumpsicoanaliticbarcelona.com\\\/es\\\/pulsion-y-autismo\\\/#breadcrumb\",\"itemListElement\":[{\"@type\":\"ListItem\",\"position\":1,\"name\":\"Portada\",\"item\":\"https:\\\/\\\/forumpsicoanaliticbarcelona.com\\\/es\\\/\"},{\"@type\":\"ListItem\",\"position\":2,\"name\":\"Peque\u00f1a nota sobre el autismo y la pulsi\u00f3n\"}]},{\"@type\":\"WebSite\",\"@id\":\"https:\\\/\\\/forumpsicoanaliticbarcelona.com\\\/es\\\/#website\",\"url\":\"https:\\\/\\\/forumpsicoanaliticbarcelona.com\\\/es\\\/\",\"name\":\"F\u00f2rum Psicoanal\u00edtic Barcelona\",\"description\":\"Associaci\u00f3 dedicada a l&#039;estudi, transmissi\u00f3 i desenvolupament de la Psicoan\u00e0lisi - Esdeveniments\",\"publisher\":{\"@id\":\"https:\\\/\\\/forumpsicoanaliticbarcelona.com\\\/es\\\/#organization\"},\"potentialAction\":[{\"@type\":\"SearchAction\",\"target\":{\"@type\":\"EntryPoint\",\"urlTemplate\":\"https:\\\/\\\/forumpsicoanaliticbarcelona.com\\\/es\\\/?s={search_term_string}\"},\"query-input\":{\"@type\":\"PropertyValueSpecification\",\"valueRequired\":true,\"valueName\":\"search_term_string\"}}],\"inLanguage\":\"es\"},{\"@type\":\"Organization\",\"@id\":\"https:\\\/\\\/forumpsicoanaliticbarcelona.com\\\/es\\\/#organization\",\"name\":\"F\u00f2rum Psicoanal\u00edtic Barcelona\",\"alternateName\":\"FPB\",\"url\":\"https:\\\/\\\/forumpsicoanaliticbarcelona.com\\\/es\\\/\",\"logo\":{\"@type\":\"ImageObject\",\"inLanguage\":\"es\",\"@id\":\"https:\\\/\\\/forumpsicoanaliticbarcelona.com\\\/es\\\/#\\\/schema\\\/logo\\\/image\\\/\",\"url\":\"https:\\\/\\\/forumpsicoanaliticbarcelona.com\\\/wp-content\\\/uploads\\\/2020\\\/05\\\/FPB_logo.png\",\"contentUrl\":\"https:\\\/\\\/forumpsicoanaliticbarcelona.com\\\/wp-content\\\/uploads\\\/2020\\\/05\\\/FPB_logo.png\",\"width\":400,\"height\":184,\"caption\":\"F\u00f2rum Psicoanal\u00edtic Barcelona\"},\"image\":{\"@id\":\"https:\\\/\\\/forumpsicoanaliticbarcelona.com\\\/es\\\/#\\\/schema\\\/logo\\\/image\\\/\"},\"sameAs\":[\"https:\\\/\\\/www.facebook.com\\\/forumpsicoanaliticbarcelona\\\/\",\"https:\\\/\\\/www.instagram.com\\\/forumpsicoanalitic\\\/\"]},{\"@type\":\"Person\",\"@id\":\"https:\\\/\\\/forumpsicoanaliticbarcelona.com\\\/es\\\/#\\\/schema\\\/person\\\/98c7eb87d720f9d38844fa66887ac616\",\"name\":\"admin-fpb\",\"image\":{\"@type\":\"ImageObject\",\"inLanguage\":\"es\",\"@id\":\"https:\\\/\\\/secure.gravatar.com\\\/avatar\\\/83ab03c23a4a141c515cd2d17f5b3551a9c4f1066602ea60ed8ce52554092ada?s=96&d=mm&r=g\",\"url\":\"https:\\\/\\\/secure.gravatar.com\\\/avatar\\\/83ab03c23a4a141c515cd2d17f5b3551a9c4f1066602ea60ed8ce52554092ada?s=96&d=mm&r=g\",\"contentUrl\":\"https:\\\/\\\/secure.gravatar.com\\\/avatar\\\/83ab03c23a4a141c515cd2d17f5b3551a9c4f1066602ea60ed8ce52554092ada?s=96&d=mm&r=g\",\"caption\":\"admin-fpb\"},\"url\":\"https:\\\/\\\/forumpsicoanaliticbarcelona.com\\\/es\\\/author\\\/admin-fpb\\\/\"}]}<\/script>\n<!-- \/ Yoast SEO plugin. -->","yoast_head_json":{"title":"Peque\u00f1a nota sobre el autismo y la pulsi\u00f3n - F\u00f2rum Psicoanal\u00edtic Barcelona","description":"Muy a menudo, cuando leemos o escuchamos a psicoanalistas hablar de los autistas -o m\u00e1s recientemente, de los TEA, como si fuera lo mismo- nos encontramos con una serie de t\u00e9rminos que utilizamos de la misma manera que en lo que ser\u00eda la \u00abteor\u00eda general\u00bb: pulsi\u00f3n, disfrute, objeto, sujeto, los tres registros RSI, o, m\u00e1s all\u00e1 a\u00fan, los nudos. Ser\u00eda interesante revisar estos conceptos en la cl\u00ednica particular de los autistas para no cometer errores de principio.","robots":{"index":"index","follow":"follow","max-snippet":"max-snippet:-1","max-image-preview":"max-image-preview:large","max-video-preview":"max-video-preview:-1"},"canonical":"https:\/\/forumpsicoanaliticbarcelona.com\/es\/pulsion-y-autismo\/","og_locale":"es_ES","og_type":"article","og_title":"Peque\u00f1a nota sobre el autismo y la pulsi\u00f3n - F\u00f2rum Psicoanal\u00edtic Barcelona","og_description":"Muy a menudo, cuando leemos o escuchamos a psicoanalistas hablar de los autistas -o m\u00e1s recientemente, de los TEA, como si fuera lo mismo- nos encontramos con una serie de t\u00e9rminos que utilizamos de la misma manera que en lo que ser\u00eda la \u00abteor\u00eda general\u00bb: pulsi\u00f3n, disfrute, objeto, sujeto, los tres registros RSI, o, m\u00e1s all\u00e1 a\u00fan, los nudos. Ser\u00eda interesante revisar estos conceptos en la cl\u00ednica particular de los autistas para no cometer errores de principio.","og_url":"https:\/\/forumpsicoanaliticbarcelona.com\/es\/pulsion-y-autismo\/","og_site_name":"F\u00f2rum Psicoanal\u00edtic Barcelona","article_publisher":"https:\/\/www.facebook.com\/forumpsicoanaliticbarcelona\/","article_published_time":"2021-03-11T20:34:10+00:00","article_modified_time":"2021-03-11T20:54:11+00:00","og_image":[{"width":493,"height":488,"url":"https:\/\/forumpsicoanaliticbarcelona.com\/wp-content\/uploads\/2021\/03\/pulsionyautismo.jpg","type":"image\/jpeg"}],"author":"admin-fpb","twitter_card":"summary_large_image","twitter_misc":{"Escrito por":"admin-fpb","Tiempo de lectura":"5 minutos"},"schema":{"@context":"https:\/\/schema.org","@graph":[{"@type":"Article","@id":"https:\/\/forumpsicoanaliticbarcelona.com\/es\/pulsion-y-autismo\/#article","isPartOf":{"@id":"https:\/\/forumpsicoanaliticbarcelona.com\/es\/pulsion-y-autismo\/"},"author":{"name":"admin-fpb","@id":"https:\/\/forumpsicoanaliticbarcelona.com\/es\/#\/schema\/person\/98c7eb87d720f9d38844fa66887ac616"},"headline":"Peque\u00f1a nota sobre el autismo y la pulsi\u00f3n","datePublished":"2021-03-11T20:34:10+00:00","dateModified":"2021-03-11T20:54:11+00:00","mainEntityOfPage":{"@id":"https:\/\/forumpsicoanaliticbarcelona.com\/es\/pulsion-y-autismo\/"},"wordCount":965,"commentCount":0,"publisher":{"@id":"https:\/\/forumpsicoanaliticbarcelona.com\/es\/#organization"},"image":{"@id":"https:\/\/forumpsicoanaliticbarcelona.com\/es\/pulsion-y-autismo\/#primaryimage"},"thumbnailUrl":"https:\/\/forumpsicoanaliticbarcelona.com\/wp-content\/uploads\/2021\/03\/pulsionyautismo.jpg","keywords":["autisme","Colette Soler","pulsi\u00f3","TEA"],"articleSection":["Cl\u00ednica Psicoanal\u00edtica"],"inLanguage":"es","potentialAction":[{"@type":"CommentAction","name":"Comment","target":["https:\/\/forumpsicoanaliticbarcelona.com\/es\/pulsion-y-autismo\/#respond"]}]},{"@type":"WebPage","@id":"https:\/\/forumpsicoanaliticbarcelona.com\/es\/pulsion-y-autismo\/","url":"https:\/\/forumpsicoanaliticbarcelona.com\/es\/pulsion-y-autismo\/","name":"Peque\u00f1a nota sobre el autismo y la pulsi\u00f3n - F\u00f2rum Psicoanal\u00edtic Barcelona","isPartOf":{"@id":"https:\/\/forumpsicoanaliticbarcelona.com\/es\/#website"},"primaryImageOfPage":{"@id":"https:\/\/forumpsicoanaliticbarcelona.com\/es\/pulsion-y-autismo\/#primaryimage"},"image":{"@id":"https:\/\/forumpsicoanaliticbarcelona.com\/es\/pulsion-y-autismo\/#primaryimage"},"thumbnailUrl":"https:\/\/forumpsicoanaliticbarcelona.com\/wp-content\/uploads\/2021\/03\/pulsionyautismo.jpg","datePublished":"2021-03-11T20:34:10+00:00","dateModified":"2021-03-11T20:54:11+00:00","description":"Muy a menudo, cuando leemos o escuchamos a psicoanalistas hablar de los autistas -o m\u00e1s recientemente, de los TEA, como si fuera lo mismo- nos encontramos con una serie de t\u00e9rminos que utilizamos de la misma manera que en lo que ser\u00eda la \u00abteor\u00eda general\u00bb: pulsi\u00f3n, disfrute, objeto, sujeto, los tres registros RSI, o, m\u00e1s all\u00e1 a\u00fan, los nudos. Ser\u00eda interesante revisar estos conceptos en la cl\u00ednica particular de los autistas para no cometer errores de principio.","breadcrumb":{"@id":"https:\/\/forumpsicoanaliticbarcelona.com\/es\/pulsion-y-autismo\/#breadcrumb"},"inLanguage":"es","potentialAction":[{"@type":"ReadAction","target":["https:\/\/forumpsicoanaliticbarcelona.com\/es\/pulsion-y-autismo\/"]}]},{"@type":"ImageObject","inLanguage":"es","@id":"https:\/\/forumpsicoanaliticbarcelona.com\/es\/pulsion-y-autismo\/#primaryimage","url":"https:\/\/forumpsicoanaliticbarcelona.com\/wp-content\/uploads\/2021\/03\/pulsionyautismo.jpg","contentUrl":"https:\/\/forumpsicoanaliticbarcelona.com\/wp-content\/uploads\/2021\/03\/pulsionyautismo.jpg","width":493,"height":488,"caption":"pulsionyautismo"},{"@type":"BreadcrumbList","@id":"https:\/\/forumpsicoanaliticbarcelona.com\/es\/pulsion-y-autismo\/#breadcrumb","itemListElement":[{"@type":"ListItem","position":1,"name":"Portada","item":"https:\/\/forumpsicoanaliticbarcelona.com\/es\/"},{"@type":"ListItem","position":2,"name":"Peque\u00f1a nota sobre el autismo y la pulsi\u00f3n"}]},{"@type":"WebSite","@id":"https:\/\/forumpsicoanaliticbarcelona.com\/es\/#website","url":"https:\/\/forumpsicoanaliticbarcelona.com\/es\/","name":"F\u00f2rum Psicoanal\u00edtic Barcelona","description":"Associaci\u00f3 dedicada a l&#039;estudi, transmissi\u00f3 i desenvolupament de la Psicoan\u00e0lisi - Esdeveniments","publisher":{"@id":"https:\/\/forumpsicoanaliticbarcelona.com\/es\/#organization"},"potentialAction":[{"@type":"SearchAction","target":{"@type":"EntryPoint","urlTemplate":"https:\/\/forumpsicoanaliticbarcelona.com\/es\/?s={search_term_string}"},"query-input":{"@type":"PropertyValueSpecification","valueRequired":true,"valueName":"search_term_string"}}],"inLanguage":"es"},{"@type":"Organization","@id":"https:\/\/forumpsicoanaliticbarcelona.com\/es\/#organization","name":"F\u00f2rum Psicoanal\u00edtic Barcelona","alternateName":"FPB","url":"https:\/\/forumpsicoanaliticbarcelona.com\/es\/","logo":{"@type":"ImageObject","inLanguage":"es","@id":"https:\/\/forumpsicoanaliticbarcelona.com\/es\/#\/schema\/logo\/image\/","url":"https:\/\/forumpsicoanaliticbarcelona.com\/wp-content\/uploads\/2020\/05\/FPB_logo.png","contentUrl":"https:\/\/forumpsicoanaliticbarcelona.com\/wp-content\/uploads\/2020\/05\/FPB_logo.png","width":400,"height":184,"caption":"F\u00f2rum Psicoanal\u00edtic Barcelona"},"image":{"@id":"https:\/\/forumpsicoanaliticbarcelona.com\/es\/#\/schema\/logo\/image\/"},"sameAs":["https:\/\/www.facebook.com\/forumpsicoanaliticbarcelona\/","https:\/\/www.instagram.com\/forumpsicoanalitic\/"]},{"@type":"Person","@id":"https:\/\/forumpsicoanaliticbarcelona.com\/es\/#\/schema\/person\/98c7eb87d720f9d38844fa66887ac616","name":"admin-fpb","image":{"@type":"ImageObject","inLanguage":"es","@id":"https:\/\/secure.gravatar.com\/avatar\/83ab03c23a4a141c515cd2d17f5b3551a9c4f1066602ea60ed8ce52554092ada?s=96&d=mm&r=g","url":"https:\/\/secure.gravatar.com\/avatar\/83ab03c23a4a141c515cd2d17f5b3551a9c4f1066602ea60ed8ce52554092ada?s=96&d=mm&r=g","contentUrl":"https:\/\/secure.gravatar.com\/avatar\/83ab03c23a4a141c515cd2d17f5b3551a9c4f1066602ea60ed8ce52554092ada?s=96&d=mm&r=g","caption":"admin-fpb"},"url":"https:\/\/forumpsicoanaliticbarcelona.com\/es\/author\/admin-fpb\/"}]}},"_links":{"self":[{"href":"https:\/\/forumpsicoanaliticbarcelona.com\/es\/wp-json\/wp\/v2\/posts\/2156","targetHints":{"allow":["GET"]}}],"collection":[{"href":"https:\/\/forumpsicoanaliticbarcelona.com\/es\/wp-json\/wp\/v2\/posts"}],"about":[{"href":"https:\/\/forumpsicoanaliticbarcelona.com\/es\/wp-json\/wp\/v2\/types\/post"}],"author":[{"embeddable":true,"href":"https:\/\/forumpsicoanaliticbarcelona.com\/es\/wp-json\/wp\/v2\/users\/1"}],"replies":[{"embeddable":true,"href":"https:\/\/forumpsicoanaliticbarcelona.com\/es\/wp-json\/wp\/v2\/comments?post=2156"}],"version-history":[{"count":9,"href":"https:\/\/forumpsicoanaliticbarcelona.com\/es\/wp-json\/wp\/v2\/posts\/2156\/revisions"}],"predecessor-version":[{"id":2169,"href":"https:\/\/forumpsicoanaliticbarcelona.com\/es\/wp-json\/wp\/v2\/posts\/2156\/revisions\/2169"}],"wp:featuredmedia":[{"embeddable":true,"href":"https:\/\/forumpsicoanaliticbarcelona.com\/es\/wp-json\/wp\/v2\/media\/2158"}],"wp:attachment":[{"href":"https:\/\/forumpsicoanaliticbarcelona.com\/es\/wp-json\/wp\/v2\/media?parent=2156"}],"wp:term":[{"taxonomy":"category","embeddable":true,"href":"https:\/\/forumpsicoanaliticbarcelona.com\/es\/wp-json\/wp\/v2\/categories?post=2156"},{"taxonomy":"post_tag","embeddable":true,"href":"https:\/\/forumpsicoanaliticbarcelona.com\/es\/wp-json\/wp\/v2\/tags?post=2156"}],"curies":[{"name":"wp","href":"https:\/\/api.w.org\/{rel}","templated":true}]}}