{"id":2029,"date":"2021-03-05T22:37:18","date_gmt":"2021-03-05T22:37:18","guid":{"rendered":"https:\/\/forumpsicoanaliticbarcelona.com\/?p=2029"},"modified":"2021-03-05T23:01:44","modified_gmt":"2021-03-05T23:01:44","slug":"de-freud-als-nostres-dies-que-ha-canviat-en-la-clinica-psicoanalitica","status":"publish","type":"post","link":"https:\/\/forumpsicoanaliticbarcelona.com\/es\/de-freud-als-nostres-dies-que-ha-canviat-en-la-clinica-psicoanalitica\/","title":{"rendered":"DE FREUD ALS NOSTRES DIES: Qu\u00e8 ha canviat en la cl\u00ednica psicoanal\u00edtica?"},"content":{"rendered":"\t\t<div data-elementor-type=\"wp-post\" data-elementor-id=\"2029\" class=\"elementor elementor-2029\">\n\t\t\t\t\t\t<section class=\"elementor-section elementor-top-section elementor-element elementor-element-e21df29 elementor-section-boxed elementor-section-height-default elementor-section-height-default\" data-id=\"e21df29\" data-element_type=\"section\">\n\t\t\t\t\t\t<div class=\"elementor-container elementor-column-gap-default\">\n\t\t\t\t\t<div class=\"elementor-column elementor-col-100 elementor-top-column elementor-element elementor-element-d5d5299\" data-id=\"d5d5299\" data-element_type=\"column\">\n\t\t\t<div class=\"elementor-widget-wrap elementor-element-populated\">\n\t\t\t\t\t\t<div class=\"elementor-element elementor-element-1c75285 elementor-widget elementor-widget-image\" data-id=\"1c75285\" data-element_type=\"widget\" data-widget_type=\"image.default\">\n\t\t\t\t<div class=\"elementor-widget-container\">\n\t\t\t\t\t\t\t\t\t\t\t\t\t\t\t<img fetchpriority=\"high\" decoding=\"async\" width=\"1024\" height=\"543\" src=\"https:\/\/forumpsicoanaliticbarcelona.com\/wp-content\/uploads\/2021\/03\/dfand-1024x543.png\" class=\"attachment-large size-large wp-image-2036\" alt=\"\" srcset=\"https:\/\/forumpsicoanaliticbarcelona.com\/wp-content\/uploads\/2021\/03\/dfand-1024x543.png 1024w, https:\/\/forumpsicoanaliticbarcelona.com\/wp-content\/uploads\/2021\/03\/dfand-300x159.png 300w, https:\/\/forumpsicoanaliticbarcelona.com\/wp-content\/uploads\/2021\/03\/dfand-150x80.png 150w, https:\/\/forumpsicoanaliticbarcelona.com\/wp-content\/uploads\/2021\/03\/dfand-768x407.png 768w, https:\/\/forumpsicoanaliticbarcelona.com\/wp-content\/uploads\/2021\/03\/dfand.png 1200w\" sizes=\"(max-width: 1024px) 100vw, 1024px\" \/>\t\t\t\t\t\t\t\t\t\t\t\t\t\t\t<\/div>\n\t\t\t\t<\/div>\n\t\t\t\t\t<\/div>\n\t\t<\/div>\n\t\t\t\t\t<\/div>\n\t\t<\/section>\n\t\t\t\t<\/div>\n\t\t","protected":false},"excerpt":{"rendered":"<div class=\"tmnf_excerpt\"><p>DE FREUD ALS NOSTRES DIES: QU\u00c8 HA CANVIAT EN LA CL\u00cdNICA PSICOANAL\u00cdTICA?<br \/>\n20 de Mar\u00e7 de 2021 de 10:30h a 12:30h<br \/>\nAssist\u00e8ncia gratu\u00efta<br \/>\nID zoom: 848 6170 7836<\/p>\n<\/div>","protected":false},"author":1,"featured_media":2055,"comment_status":"open","ping_status":"open","sticky":false,"template":"","format":"standard","meta":{"footnotes":""},"categories":[33],"tags":[46],"class_list":["post-2029","post","type-post","status-publish","format-standard","has-post-thumbnail","hentry","category-clinica-psicoanalitica","tag-freud"],"yoast_head":"<!-- This site is optimized with the Yoast SEO plugin v28.2 - https:\/\/yoast.com\/product\/yoast-seo-wordpress\/ -->\n<title>DE FREUD ALS NOSTRES DIES: Qu\u00e8 ha canviat en la cl\u00ednica psicoanal\u00edtica? - F\u00f2rum Psicoanal\u00edtic Barcelona<\/title>\n<meta name=\"robots\" content=\"index, follow, max-snippet:-1, max-image-preview:large, max-video-preview:-1\" \/>\n<link rel=\"canonical\" href=\"https:\/\/forumpsicoanaliticbarcelona.com\/es\/de-freud-als-nostres-dies-que-ha-canviat-en-la-clinica-psicoanalitica\/\" \/>\n<meta property=\"og:locale\" content=\"es_ES\" \/>\n<meta property=\"og:type\" content=\"article\" \/>\n<meta property=\"og:title\" content=\"DE FREUD ALS NOSTRES DIES: Qu\u00e8 ha canviat en la cl\u00ednica psicoanal\u00edtica? - F\u00f2rum Psicoanal\u00edtic Barcelona\" \/>\n<meta property=\"og:description\" content=\"DE FREUD ALS NOSTRES DIES: QU\u00c8 HA CANVIAT EN LA CL\u00cdNICA PSICOANAL\u00cdTICA? 20 de Mar\u00e7 de 2021 de 10:30h a 12:30h Assist\u00e8ncia gratu\u00efta ID zoom: 848 6170 7836\" \/>\n<meta property=\"og:url\" content=\"https:\/\/forumpsicoanaliticbarcelona.com\/es\/de-freud-als-nostres-dies-que-ha-canviat-en-la-clinica-psicoanalitica\/\" \/>\n<meta property=\"og:site_name\" content=\"F\u00f2rum Psicoanal\u00edtic Barcelona\" \/>\n<meta property=\"article:publisher\" content=\"https:\/\/www.facebook.com\/forumpsicoanaliticbarcelona\/\" \/>\n<meta property=\"article:published_time\" content=\"2021-03-05T22:37:18+00:00\" \/>\n<meta property=\"article:modified_time\" content=\"2021-03-05T23:01:44+00:00\" \/>\n<meta property=\"og:image\" content=\"https:\/\/forumpsicoanaliticbarcelona.com\/wp-content\/uploads\/2021\/03\/dfand_mini.png\" \/>\n\t<meta property=\"og:image:width\" content=\"1020\" \/>\n\t<meta property=\"og:image:height\" content=\"1020\" \/>\n\t<meta property=\"og:image:type\" content=\"image\/png\" \/>\n<meta name=\"author\" content=\"admin-fpb\" \/>\n<meta name=\"twitter:card\" content=\"summary_large_image\" \/>\n<meta name=\"twitter:label1\" content=\"Escrito por\" \/>\n\t<meta name=\"twitter:data1\" content=\"admin-fpb\" \/>\n<script type=\"application\/ld+json\" class=\"yoast-schema-graph\">{\"@context\":\"https:\\\/\\\/schema.org\",\"@graph\":[{\"@type\":\"Article\",\"@id\":\"https:\\\/\\\/forumpsicoanaliticbarcelona.com\\\/es\\\/de-freud-als-nostres-dies-que-ha-canviat-en-la-clinica-psicoanalitica\\\/#article\",\"isPartOf\":{\"@id\":\"https:\\\/\\\/forumpsicoanaliticbarcelona.com\\\/es\\\/de-freud-als-nostres-dies-que-ha-canviat-en-la-clinica-psicoanalitica\\\/\"},\"author\":{\"name\":\"admin-fpb\",\"@id\":\"https:\\\/\\\/forumpsicoanaliticbarcelona.com\\\/es\\\/#\\\/schema\\\/person\\\/98c7eb87d720f9d38844fa66887ac616\"},\"headline\":\"DE FREUD ALS NOSTRES DIES: Qu\u00e8 ha canviat en la cl\u00ednica psicoanal\u00edtica?\",\"datePublished\":\"2021-03-05T22:37:18+00:00\",\"dateModified\":\"2021-03-05T23:01:44+00:00\",\"mainEntityOfPage\":{\"@id\":\"https:\\\/\\\/forumpsicoanaliticbarcelona.com\\\/es\\\/de-freud-als-nostres-dies-que-ha-canviat-en-la-clinica-psicoanalitica\\\/\"},\"wordCount\":14,\"commentCount\":0,\"publisher\":{\"@id\":\"https:\\\/\\\/forumpsicoanaliticbarcelona.com\\\/es\\\/#organization\"},\"image\":{\"@id\":\"https:\\\/\\\/forumpsicoanaliticbarcelona.com\\\/es\\\/de-freud-als-nostres-dies-que-ha-canviat-en-la-clinica-psicoanalitica\\\/#primaryimage\"},\"thumbnailUrl\":\"https:\\\/\\\/forumpsicoanaliticbarcelona.com\\\/wp-content\\\/uploads\\\/2021\\\/03\\\/dfand_mini.png\",\"keywords\":[\"Freud\"],\"articleSection\":[\"Cl\u00ednica Psicoanal\u00edtica\"],\"inLanguage\":\"es\",\"potentialAction\":[{\"@type\":\"CommentAction\",\"name\":\"Comment\",\"target\":[\"https:\\\/\\\/forumpsicoanaliticbarcelona.com\\\/es\\\/de-freud-als-nostres-dies-que-ha-canviat-en-la-clinica-psicoanalitica\\\/#respond\"]}]},{\"@type\":\"WebPage\",\"@id\":\"https:\\\/\\\/forumpsicoanaliticbarcelona.com\\\/es\\\/de-freud-als-nostres-dies-que-ha-canviat-en-la-clinica-psicoanalitica\\\/\",\"url\":\"https:\\\/\\\/forumpsicoanaliticbarcelona.com\\\/es\\\/de-freud-als-nostres-dies-que-ha-canviat-en-la-clinica-psicoanalitica\\\/\",\"name\":\"DE FREUD ALS NOSTRES DIES: Qu\u00e8 ha canviat en la cl\u00ednica psicoanal\u00edtica? - F\u00f2rum Psicoanal\u00edtic Barcelona\",\"isPartOf\":{\"@id\":\"https:\\\/\\\/forumpsicoanaliticbarcelona.com\\\/es\\\/#website\"},\"primaryImageOfPage\":{\"@id\":\"https:\\\/\\\/forumpsicoanaliticbarcelona.com\\\/es\\\/de-freud-als-nostres-dies-que-ha-canviat-en-la-clinica-psicoanalitica\\\/#primaryimage\"},\"image\":{\"@id\":\"https:\\\/\\\/forumpsicoanaliticbarcelona.com\\\/es\\\/de-freud-als-nostres-dies-que-ha-canviat-en-la-clinica-psicoanalitica\\\/#primaryimage\"},\"thumbnailUrl\":\"https:\\\/\\\/forumpsicoanaliticbarcelona.com\\\/wp-content\\\/uploads\\\/2021\\\/03\\\/dfand_mini.png\",\"datePublished\":\"2021-03-05T22:37:18+00:00\",\"dateModified\":\"2021-03-05T23:01:44+00:00\",\"breadcrumb\":{\"@id\":\"https:\\\/\\\/forumpsicoanaliticbarcelona.com\\\/es\\\/de-freud-als-nostres-dies-que-ha-canviat-en-la-clinica-psicoanalitica\\\/#breadcrumb\"},\"inLanguage\":\"es\",\"potentialAction\":[{\"@type\":\"ReadAction\",\"target\":[\"https:\\\/\\\/forumpsicoanaliticbarcelona.com\\\/es\\\/de-freud-als-nostres-dies-que-ha-canviat-en-la-clinica-psicoanalitica\\\/\"]}]},{\"@type\":\"ImageObject\",\"inLanguage\":\"es\",\"@id\":\"https:\\\/\\\/forumpsicoanaliticbarcelona.com\\\/es\\\/de-freud-als-nostres-dies-que-ha-canviat-en-la-clinica-psicoanalitica\\\/#primaryimage\",\"url\":\"https:\\\/\\\/forumpsicoanaliticbarcelona.com\\\/wp-content\\\/uploads\\\/2021\\\/03\\\/dfand_mini.png\",\"contentUrl\":\"https:\\\/\\\/forumpsicoanaliticbarcelona.com\\\/wp-content\\\/uploads\\\/2021\\\/03\\\/dfand_mini.png\",\"width\":1020,\"height\":1020,\"caption\":\"de freud als nostres dies\"},{\"@type\":\"BreadcrumbList\",\"@id\":\"https:\\\/\\\/forumpsicoanaliticbarcelona.com\\\/es\\\/de-freud-als-nostres-dies-que-ha-canviat-en-la-clinica-psicoanalitica\\\/#breadcrumb\",\"itemListElement\":[{\"@type\":\"ListItem\",\"position\":1,\"name\":\"Portada\",\"item\":\"https:\\\/\\\/forumpsicoanaliticbarcelona.com\\\/es\\\/\"},{\"@type\":\"ListItem\",\"position\":2,\"name\":\"DE FREUD ALS NOSTRES DIES: Qu\u00e8 ha canviat en la cl\u00ednica psicoanal\u00edtica?\"}]},{\"@type\":\"WebSite\",\"@id\":\"https:\\\/\\\/forumpsicoanaliticbarcelona.com\\\/es\\\/#website\",\"url\":\"https:\\\/\\\/forumpsicoanaliticbarcelona.com\\\/es\\\/\",\"name\":\"F\u00f2rum Psicoanal\u00edtic Barcelona\",\"description\":\"Associaci\u00f3 dedicada a l&#039;estudi, transmissi\u00f3 i desenvolupament de la Psicoan\u00e0lisi - Esdeveniments\",\"publisher\":{\"@id\":\"https:\\\/\\\/forumpsicoanaliticbarcelona.com\\\/es\\\/#organization\"},\"potentialAction\":[{\"@type\":\"SearchAction\",\"target\":{\"@type\":\"EntryPoint\",\"urlTemplate\":\"https:\\\/\\\/forumpsicoanaliticbarcelona.com\\\/es\\\/?s={search_term_string}\"},\"query-input\":{\"@type\":\"PropertyValueSpecification\",\"valueRequired\":true,\"valueName\":\"search_term_string\"}}],\"inLanguage\":\"es\"},{\"@type\":\"Organization\",\"@id\":\"https:\\\/\\\/forumpsicoanaliticbarcelona.com\\\/es\\\/#organization\",\"name\":\"F\u00f2rum Psicoanal\u00edtic Barcelona\",\"alternateName\":\"FPB\",\"url\":\"https:\\\/\\\/forumpsicoanaliticbarcelona.com\\\/es\\\/\",\"logo\":{\"@type\":\"ImageObject\",\"inLanguage\":\"es\",\"@id\":\"https:\\\/\\\/forumpsicoanaliticbarcelona.com\\\/es\\\/#\\\/schema\\\/logo\\\/image\\\/\",\"url\":\"https:\\\/\\\/forumpsicoanaliticbarcelona.com\\\/wp-content\\\/uploads\\\/2020\\\/05\\\/FPB_logo.png\",\"contentUrl\":\"https:\\\/\\\/forumpsicoanaliticbarcelona.com\\\/wp-content\\\/uploads\\\/2020\\\/05\\\/FPB_logo.png\",\"width\":400,\"height\":184,\"caption\":\"F\u00f2rum Psicoanal\u00edtic Barcelona\"},\"image\":{\"@id\":\"https:\\\/\\\/forumpsicoanaliticbarcelona.com\\\/es\\\/#\\\/schema\\\/logo\\\/image\\\/\"},\"sameAs\":[\"https:\\\/\\\/www.facebook.com\\\/forumpsicoanaliticbarcelona\\\/\",\"https:\\\/\\\/www.instagram.com\\\/forumpsicoanalitic\\\/\"]},{\"@type\":\"Person\",\"@id\":\"https:\\\/\\\/forumpsicoanaliticbarcelona.com\\\/es\\\/#\\\/schema\\\/person\\\/98c7eb87d720f9d38844fa66887ac616\",\"name\":\"admin-fpb\",\"image\":{\"@type\":\"ImageObject\",\"inLanguage\":\"es\",\"@id\":\"https:\\\/\\\/secure.gravatar.com\\\/avatar\\\/83ab03c23a4a141c515cd2d17f5b3551a9c4f1066602ea60ed8ce52554092ada?s=96&d=mm&r=g\",\"url\":\"https:\\\/\\\/secure.gravatar.com\\\/avatar\\\/83ab03c23a4a141c515cd2d17f5b3551a9c4f1066602ea60ed8ce52554092ada?s=96&d=mm&r=g\",\"contentUrl\":\"https:\\\/\\\/secure.gravatar.com\\\/avatar\\\/83ab03c23a4a141c515cd2d17f5b3551a9c4f1066602ea60ed8ce52554092ada?s=96&d=mm&r=g\",\"caption\":\"admin-fpb\"},\"url\":\"https:\\\/\\\/forumpsicoanaliticbarcelona.com\\\/es\\\/author\\\/admin-fpb\\\/\"}]}<\/script>\n<!-- \/ Yoast SEO plugin. -->","yoast_head_json":{"title":"DE FREUD ALS NOSTRES DIES: Qu\u00e8 ha canviat en la cl\u00ednica psicoanal\u00edtica? - F\u00f2rum Psicoanal\u00edtic Barcelona","robots":{"index":"index","follow":"follow","max-snippet":"max-snippet:-1","max-image-preview":"max-image-preview:large","max-video-preview":"max-video-preview:-1"},"canonical":"https:\/\/forumpsicoanaliticbarcelona.com\/es\/de-freud-als-nostres-dies-que-ha-canviat-en-la-clinica-psicoanalitica\/","og_locale":"es_ES","og_type":"article","og_title":"DE FREUD ALS NOSTRES DIES: Qu\u00e8 ha canviat en la cl\u00ednica psicoanal\u00edtica? - F\u00f2rum Psicoanal\u00edtic Barcelona","og_description":"DE FREUD ALS NOSTRES DIES: QU\u00c8 HA CANVIAT EN LA CL\u00cdNICA PSICOANAL\u00cdTICA? 20 de Mar\u00e7 de 2021 de 10:30h a 12:30h Assist\u00e8ncia gratu\u00efta ID zoom: 848 6170 7836","og_url":"https:\/\/forumpsicoanaliticbarcelona.com\/es\/de-freud-als-nostres-dies-que-ha-canviat-en-la-clinica-psicoanalitica\/","og_site_name":"F\u00f2rum Psicoanal\u00edtic Barcelona","article_publisher":"https:\/\/www.facebook.com\/forumpsicoanaliticbarcelona\/","article_published_time":"2021-03-05T22:37:18+00:00","article_modified_time":"2021-03-05T23:01:44+00:00","og_image":[{"width":1020,"height":1020,"url":"https:\/\/forumpsicoanaliticbarcelona.com\/wp-content\/uploads\/2021\/03\/dfand_mini.png","type":"image\/png"}],"author":"admin-fpb","twitter_card":"summary_large_image","twitter_misc":{"Escrito por":"admin-fpb"},"schema":{"@context":"https:\/\/schema.org","@graph":[{"@type":"Article","@id":"https:\/\/forumpsicoanaliticbarcelona.com\/es\/de-freud-als-nostres-dies-que-ha-canviat-en-la-clinica-psicoanalitica\/#article","isPartOf":{"@id":"https:\/\/forumpsicoanaliticbarcelona.com\/es\/de-freud-als-nostres-dies-que-ha-canviat-en-la-clinica-psicoanalitica\/"},"author":{"name":"admin-fpb","@id":"https:\/\/forumpsicoanaliticbarcelona.com\/es\/#\/schema\/person\/98c7eb87d720f9d38844fa66887ac616"},"headline":"DE FREUD ALS NOSTRES DIES: Qu\u00e8 ha canviat en la cl\u00ednica psicoanal\u00edtica?","datePublished":"2021-03-05T22:37:18+00:00","dateModified":"2021-03-05T23:01:44+00:00","mainEntityOfPage":{"@id":"https:\/\/forumpsicoanaliticbarcelona.com\/es\/de-freud-als-nostres-dies-que-ha-canviat-en-la-clinica-psicoanalitica\/"},"wordCount":14,"commentCount":0,"publisher":{"@id":"https:\/\/forumpsicoanaliticbarcelona.com\/es\/#organization"},"image":{"@id":"https:\/\/forumpsicoanaliticbarcelona.com\/es\/de-freud-als-nostres-dies-que-ha-canviat-en-la-clinica-psicoanalitica\/#primaryimage"},"thumbnailUrl":"https:\/\/forumpsicoanaliticbarcelona.com\/wp-content\/uploads\/2021\/03\/dfand_mini.png","keywords":["Freud"],"articleSection":["Cl\u00ednica Psicoanal\u00edtica"],"inLanguage":"es","potentialAction":[{"@type":"CommentAction","name":"Comment","target":["https:\/\/forumpsicoanaliticbarcelona.com\/es\/de-freud-als-nostres-dies-que-ha-canviat-en-la-clinica-psicoanalitica\/#respond"]}]},{"@type":"WebPage","@id":"https:\/\/forumpsicoanaliticbarcelona.com\/es\/de-freud-als-nostres-dies-que-ha-canviat-en-la-clinica-psicoanalitica\/","url":"https:\/\/forumpsicoanaliticbarcelona.com\/es\/de-freud-als-nostres-dies-que-ha-canviat-en-la-clinica-psicoanalitica\/","name":"DE FREUD ALS NOSTRES DIES: Qu\u00e8 ha canviat en la cl\u00ednica psicoanal\u00edtica? - F\u00f2rum Psicoanal\u00edtic Barcelona","isPartOf":{"@id":"https:\/\/forumpsicoanaliticbarcelona.com\/es\/#website"},"primaryImageOfPage":{"@id":"https:\/\/forumpsicoanaliticbarcelona.com\/es\/de-freud-als-nostres-dies-que-ha-canviat-en-la-clinica-psicoanalitica\/#primaryimage"},"image":{"@id":"https:\/\/forumpsicoanaliticbarcelona.com\/es\/de-freud-als-nostres-dies-que-ha-canviat-en-la-clinica-psicoanalitica\/#primaryimage"},"thumbnailUrl":"https:\/\/forumpsicoanaliticbarcelona.com\/wp-content\/uploads\/2021\/03\/dfand_mini.png","datePublished":"2021-03-05T22:37:18+00:00","dateModified":"2021-03-05T23:01:44+00:00","breadcrumb":{"@id":"https:\/\/forumpsicoanaliticbarcelona.com\/es\/de-freud-als-nostres-dies-que-ha-canviat-en-la-clinica-psicoanalitica\/#breadcrumb"},"inLanguage":"es","potentialAction":[{"@type":"ReadAction","target":["https:\/\/forumpsicoanaliticbarcelona.com\/es\/de-freud-als-nostres-dies-que-ha-canviat-en-la-clinica-psicoanalitica\/"]}]},{"@type":"ImageObject","inLanguage":"es","@id":"https:\/\/forumpsicoanaliticbarcelona.com\/es\/de-freud-als-nostres-dies-que-ha-canviat-en-la-clinica-psicoanalitica\/#primaryimage","url":"https:\/\/forumpsicoanaliticbarcelona.com\/wp-content\/uploads\/2021\/03\/dfand_mini.png","contentUrl":"https:\/\/forumpsicoanaliticbarcelona.com\/wp-content\/uploads\/2021\/03\/dfand_mini.png","width":1020,"height":1020,"caption":"de freud als nostres dies"},{"@type":"BreadcrumbList","@id":"https:\/\/forumpsicoanaliticbarcelona.com\/es\/de-freud-als-nostres-dies-que-ha-canviat-en-la-clinica-psicoanalitica\/#breadcrumb","itemListElement":[{"@type":"ListItem","position":1,"name":"Portada","item":"https:\/\/forumpsicoanaliticbarcelona.com\/es\/"},{"@type":"ListItem","position":2,"name":"DE FREUD ALS NOSTRES DIES: Qu\u00e8 ha canviat en la cl\u00ednica psicoanal\u00edtica?"}]},{"@type":"WebSite","@id":"https:\/\/forumpsicoanaliticbarcelona.com\/es\/#website","url":"https:\/\/forumpsicoanaliticbarcelona.com\/es\/","name":"F\u00f2rum Psicoanal\u00edtic Barcelona","description":"Associaci\u00f3 dedicada a l&#039;estudi, transmissi\u00f3 i desenvolupament de la Psicoan\u00e0lisi - Esdeveniments","publisher":{"@id":"https:\/\/forumpsicoanaliticbarcelona.com\/es\/#organization"},"potentialAction":[{"@type":"SearchAction","target":{"@type":"EntryPoint","urlTemplate":"https:\/\/forumpsicoanaliticbarcelona.com\/es\/?s={search_term_string}"},"query-input":{"@type":"PropertyValueSpecification","valueRequired":true,"valueName":"search_term_string"}}],"inLanguage":"es"},{"@type":"Organization","@id":"https:\/\/forumpsicoanaliticbarcelona.com\/es\/#organization","name":"F\u00f2rum Psicoanal\u00edtic Barcelona","alternateName":"FPB","url":"https:\/\/forumpsicoanaliticbarcelona.com\/es\/","logo":{"@type":"ImageObject","inLanguage":"es","@id":"https:\/\/forumpsicoanaliticbarcelona.com\/es\/#\/schema\/logo\/image\/","url":"https:\/\/forumpsicoanaliticbarcelona.com\/wp-content\/uploads\/2020\/05\/FPB_logo.png","contentUrl":"https:\/\/forumpsicoanaliticbarcelona.com\/wp-content\/uploads\/2020\/05\/FPB_logo.png","width":400,"height":184,"caption":"F\u00f2rum Psicoanal\u00edtic Barcelona"},"image":{"@id":"https:\/\/forumpsicoanaliticbarcelona.com\/es\/#\/schema\/logo\/image\/"},"sameAs":["https:\/\/www.facebook.com\/forumpsicoanaliticbarcelona\/","https:\/\/www.instagram.com\/forumpsicoanalitic\/"]},{"@type":"Person","@id":"https:\/\/forumpsicoanaliticbarcelona.com\/es\/#\/schema\/person\/98c7eb87d720f9d38844fa66887ac616","name":"admin-fpb","image":{"@type":"ImageObject","inLanguage":"es","@id":"https:\/\/secure.gravatar.com\/avatar\/83ab03c23a4a141c515cd2d17f5b3551a9c4f1066602ea60ed8ce52554092ada?s=96&d=mm&r=g","url":"https:\/\/secure.gravatar.com\/avatar\/83ab03c23a4a141c515cd2d17f5b3551a9c4f1066602ea60ed8ce52554092ada?s=96&d=mm&r=g","contentUrl":"https:\/\/secure.gravatar.com\/avatar\/83ab03c23a4a141c515cd2d17f5b3551a9c4f1066602ea60ed8ce52554092ada?s=96&d=mm&r=g","caption":"admin-fpb"},"url":"https:\/\/forumpsicoanaliticbarcelona.com\/es\/author\/admin-fpb\/"}]}},"_links":{"self":[{"href":"https:\/\/forumpsicoanaliticbarcelona.com\/es\/wp-json\/wp\/v2\/posts\/2029","targetHints":{"allow":["GET"]}}],"collection":[{"href":"https:\/\/forumpsicoanaliticbarcelona.com\/es\/wp-json\/wp\/v2\/posts"}],"about":[{"href":"https:\/\/forumpsicoanaliticbarcelona.com\/es\/wp-json\/wp\/v2\/types\/post"}],"author":[{"embeddable":true,"href":"https:\/\/forumpsicoanaliticbarcelona.com\/es\/wp-json\/wp\/v2\/users\/1"}],"replies":[{"embeddable":true,"href":"https:\/\/forumpsicoanaliticbarcelona.com\/es\/wp-json\/wp\/v2\/comments?post=2029"}],"version-history":[{"count":24,"href":"https:\/\/forumpsicoanaliticbarcelona.com\/es\/wp-json\/wp\/v2\/posts\/2029\/revisions"}],"predecessor-version":[{"id":2063,"href":"https:\/\/forumpsicoanaliticbarcelona.com\/es\/wp-json\/wp\/v2\/posts\/2029\/revisions\/2063"}],"wp:featuredmedia":[{"embeddable":true,"href":"https:\/\/forumpsicoanaliticbarcelona.com\/es\/wp-json\/wp\/v2\/media\/2055"}],"wp:attachment":[{"href":"https:\/\/forumpsicoanaliticbarcelona.com\/es\/wp-json\/wp\/v2\/media?parent=2029"}],"wp:term":[{"taxonomy":"category","embeddable":true,"href":"https:\/\/forumpsicoanaliticbarcelona.com\/es\/wp-json\/wp\/v2\/categories?post=2029"},{"taxonomy":"post_tag","embeddable":true,"href":"https:\/\/forumpsicoanaliticbarcelona.com\/es\/wp-json\/wp\/v2\/tags?post=2029"}],"curies":[{"name":"wp","href":"https:\/\/api.w.org\/{rel}","templated":true}]}}