{"id":1815,"date":"2020-12-11T21:07:45","date_gmt":"2020-12-11T21:07:45","guid":{"rendered":"https:\/\/forumpsicoanaliticbarcelona.com\/?p=1815"},"modified":"2020-12-11T21:19:30","modified_gmt":"2020-12-11T21:19:30","slug":"covid19-y-confinamiento-reflexiones-alrededor-del-alumnado-con-tmg-implicaciones-en-la-inclusion-educativa","status":"publish","type":"post","link":"https:\/\/forumpsicoanaliticbarcelona.com\/es\/covid19-y-confinamiento-reflexiones-alrededor-del-alumnado-con-tmg-implicaciones-en-la-inclusion-educativa\/","title":{"rendered":"COVID19 y confinamiento. Reflexiones alrededor del alumnado con TMG. Implicaciones en la inclusi\u00f3n educativa"},"content":{"rendered":"","protected":false},"excerpt":{"rendered":"<div class=\"tmnf_excerpt\"><p>fecha: jueves 17 de diciembre<br \/>\nhora: 20:30 h.<br \/>\nV\u00eda zoom<br \/>\nInscripci\u00f3n previa en: ciefpb@gmail.com<br \/>\nACTIVIDAD ABIERTA<\/p>\n<\/div>","protected":false},"author":1,"featured_media":1825,"comment_status":"open","ping_status":"open","sticky":false,"template":"","format":"standard","meta":{"footnotes":""},"categories":[21],"tags":[42],"class_list":["post-1815","post","type-post","status-publish","format-standard","has-post-thumbnail","hentry","category-activitats-clinica-i-educacio-2","tag-covid19-2"],"yoast_head":"<!-- This site is optimized with the Yoast SEO plugin v28.2 - https:\/\/yoast.com\/product\/yoast-seo-wordpress\/ -->\n<title>COVID19 y confinamiento. Reflexiones alrededor del alumnado con TMG. Implicaciones en la inclusi\u00f3n educativa - F\u00f2rum Psicoanal\u00edtic Barcelona<\/title>\n<meta name=\"robots\" content=\"index, follow, max-snippet:-1, max-image-preview:large, max-video-preview:-1\" \/>\n<link rel=\"canonical\" href=\"https:\/\/forumpsicoanaliticbarcelona.com\/es\/covid19-y-confinamiento-reflexiones-alrededor-del-alumnado-con-tmg-implicaciones-en-la-inclusion-educativa\/\" \/>\n<meta property=\"og:locale\" content=\"es_ES\" \/>\n<meta property=\"og:type\" content=\"article\" \/>\n<meta property=\"og:title\" content=\"COVID19 y confinamiento. Reflexiones alrededor del alumnado con TMG. Implicaciones en la inclusi\u00f3n educativa - F\u00f2rum Psicoanal\u00edtic Barcelona\" \/>\n<meta property=\"og:description\" content=\"fecha: jueves 17 de diciembre hora: 20:30 h. V\u00eda zoom Inscripci\u00f3n previa en: ciefpb@gmail.com ACTIVIDAD ABIERTA\" \/>\n<meta property=\"og:url\" content=\"https:\/\/forumpsicoanaliticbarcelona.com\/es\/covid19-y-confinamiento-reflexiones-alrededor-del-alumnado-con-tmg-implicaciones-en-la-inclusion-educativa\/\" \/>\n<meta property=\"og:site_name\" content=\"F\u00f2rum Psicoanal\u00edtic Barcelona\" \/>\n<meta property=\"article:publisher\" content=\"https:\/\/www.facebook.com\/forumpsicoanaliticbarcelona\/\" \/>\n<meta property=\"article:published_time\" content=\"2020-12-11T21:07:45+00:00\" \/>\n<meta property=\"article:modified_time\" content=\"2020-12-11T21:19:30+00:00\" \/>\n<meta property=\"og:image\" content=\"https:\/\/forumpsicoanaliticbarcelona.com\/wp-content\/uploads\/2020\/12\/covid19_confinamiento.png\" \/>\n\t<meta property=\"og:image:width\" content=\"560\" \/>\n\t<meta property=\"og:image:height\" content=\"596\" \/>\n\t<meta property=\"og:image:type\" content=\"image\/png\" \/>\n<meta name=\"author\" content=\"admin-fpb\" \/>\n<meta name=\"twitter:card\" content=\"summary_large_image\" \/>\n<meta name=\"twitter:label1\" content=\"Escrito por\" \/>\n\t<meta name=\"twitter:data1\" content=\"admin-fpb\" \/>\n<script type=\"application\/ld+json\" class=\"yoast-schema-graph\">{\"@context\":\"https:\\\/\\\/schema.org\",\"@graph\":[{\"@type\":\"Article\",\"@id\":\"https:\\\/\\\/forumpsicoanaliticbarcelona.com\\\/es\\\/covid19-y-confinamiento-reflexiones-alrededor-del-alumnado-con-tmg-implicaciones-en-la-inclusion-educativa\\\/#article\",\"isPartOf\":{\"@id\":\"https:\\\/\\\/forumpsicoanaliticbarcelona.com\\\/es\\\/covid19-y-confinamiento-reflexiones-alrededor-del-alumnado-con-tmg-implicaciones-en-la-inclusion-educativa\\\/\"},\"author\":{\"name\":\"admin-fpb\",\"@id\":\"https:\\\/\\\/forumpsicoanaliticbarcelona.com\\\/es\\\/#\\\/schema\\\/person\\\/98c7eb87d720f9d38844fa66887ac616\"},\"headline\":\"COVID19 y confinamiento. Reflexiones alrededor del alumnado con TMG. Implicaciones en la inclusi\u00f3n educativa\",\"datePublished\":\"2020-12-11T21:07:45+00:00\",\"dateModified\":\"2020-12-11T21:19:30+00:00\",\"mainEntityOfPage\":{\"@id\":\"https:\\\/\\\/forumpsicoanaliticbarcelona.com\\\/es\\\/covid19-y-confinamiento-reflexiones-alrededor-del-alumnado-con-tmg-implicaciones-en-la-inclusion-educativa\\\/\"},\"wordCount\":15,\"commentCount\":0,\"publisher\":{\"@id\":\"https:\\\/\\\/forumpsicoanaliticbarcelona.com\\\/es\\\/#organization\"},\"image\":{\"@id\":\"https:\\\/\\\/forumpsicoanaliticbarcelona.com\\\/es\\\/covid19-y-confinamiento-reflexiones-alrededor-del-alumnado-con-tmg-implicaciones-en-la-inclusion-educativa\\\/#primaryimage\"},\"thumbnailUrl\":\"https:\\\/\\\/forumpsicoanaliticbarcelona.com\\\/wp-content\\\/uploads\\\/2020\\\/12\\\/covid19_confinamiento.png\",\"keywords\":[\"covid19\"],\"articleSection\":[\"Activitats Cl\u00ednica i Educaci\u00f3\"],\"inLanguage\":\"es\",\"potentialAction\":[{\"@type\":\"CommentAction\",\"name\":\"Comment\",\"target\":[\"https:\\\/\\\/forumpsicoanaliticbarcelona.com\\\/es\\\/covid19-y-confinamiento-reflexiones-alrededor-del-alumnado-con-tmg-implicaciones-en-la-inclusion-educativa\\\/#respond\"]}]},{\"@type\":\"WebPage\",\"@id\":\"https:\\\/\\\/forumpsicoanaliticbarcelona.com\\\/es\\\/covid19-y-confinamiento-reflexiones-alrededor-del-alumnado-con-tmg-implicaciones-en-la-inclusion-educativa\\\/\",\"url\":\"https:\\\/\\\/forumpsicoanaliticbarcelona.com\\\/es\\\/covid19-y-confinamiento-reflexiones-alrededor-del-alumnado-con-tmg-implicaciones-en-la-inclusion-educativa\\\/\",\"name\":\"COVID19 y confinamiento. Reflexiones alrededor del alumnado con TMG. Implicaciones en la inclusi\u00f3n educativa - F\u00f2rum Psicoanal\u00edtic Barcelona\",\"isPartOf\":{\"@id\":\"https:\\\/\\\/forumpsicoanaliticbarcelona.com\\\/es\\\/#website\"},\"primaryImageOfPage\":{\"@id\":\"https:\\\/\\\/forumpsicoanaliticbarcelona.com\\\/es\\\/covid19-y-confinamiento-reflexiones-alrededor-del-alumnado-con-tmg-implicaciones-en-la-inclusion-educativa\\\/#primaryimage\"},\"image\":{\"@id\":\"https:\\\/\\\/forumpsicoanaliticbarcelona.com\\\/es\\\/covid19-y-confinamiento-reflexiones-alrededor-del-alumnado-con-tmg-implicaciones-en-la-inclusion-educativa\\\/#primaryimage\"},\"thumbnailUrl\":\"https:\\\/\\\/forumpsicoanaliticbarcelona.com\\\/wp-content\\\/uploads\\\/2020\\\/12\\\/covid19_confinamiento.png\",\"datePublished\":\"2020-12-11T21:07:45+00:00\",\"dateModified\":\"2020-12-11T21:19:30+00:00\",\"breadcrumb\":{\"@id\":\"https:\\\/\\\/forumpsicoanaliticbarcelona.com\\\/es\\\/covid19-y-confinamiento-reflexiones-alrededor-del-alumnado-con-tmg-implicaciones-en-la-inclusion-educativa\\\/#breadcrumb\"},\"inLanguage\":\"es\",\"potentialAction\":[{\"@type\":\"ReadAction\",\"target\":[\"https:\\\/\\\/forumpsicoanaliticbarcelona.com\\\/es\\\/covid19-y-confinamiento-reflexiones-alrededor-del-alumnado-con-tmg-implicaciones-en-la-inclusion-educativa\\\/\"]}]},{\"@type\":\"ImageObject\",\"inLanguage\":\"es\",\"@id\":\"https:\\\/\\\/forumpsicoanaliticbarcelona.com\\\/es\\\/covid19-y-confinamiento-reflexiones-alrededor-del-alumnado-con-tmg-implicaciones-en-la-inclusion-educativa\\\/#primaryimage\",\"url\":\"https:\\\/\\\/forumpsicoanaliticbarcelona.com\\\/wp-content\\\/uploads\\\/2020\\\/12\\\/covid19_confinamiento.png\",\"contentUrl\":\"https:\\\/\\\/forumpsicoanaliticbarcelona.com\\\/wp-content\\\/uploads\\\/2020\\\/12\\\/covid19_confinamiento.png\",\"width\":560,\"height\":596,\"caption\":\"covid19_confinamiento\"},{\"@type\":\"BreadcrumbList\",\"@id\":\"https:\\\/\\\/forumpsicoanaliticbarcelona.com\\\/es\\\/covid19-y-confinamiento-reflexiones-alrededor-del-alumnado-con-tmg-implicaciones-en-la-inclusion-educativa\\\/#breadcrumb\",\"itemListElement\":[{\"@type\":\"ListItem\",\"position\":1,\"name\":\"Portada\",\"item\":\"https:\\\/\\\/forumpsicoanaliticbarcelona.com\\\/es\\\/\"},{\"@type\":\"ListItem\",\"position\":2,\"name\":\"COVID19 y confinamiento. Reflexiones alrededor del alumnado con TMG. Implicaciones en la inclusi\u00f3n educativa\"}]},{\"@type\":\"WebSite\",\"@id\":\"https:\\\/\\\/forumpsicoanaliticbarcelona.com\\\/es\\\/#website\",\"url\":\"https:\\\/\\\/forumpsicoanaliticbarcelona.com\\\/es\\\/\",\"name\":\"F\u00f2rum Psicoanal\u00edtic Barcelona\",\"description\":\"Associaci\u00f3 dedicada a l&#039;estudi, transmissi\u00f3 i desenvolupament de la Psicoan\u00e0lisi - Esdeveniments\",\"publisher\":{\"@id\":\"https:\\\/\\\/forumpsicoanaliticbarcelona.com\\\/es\\\/#organization\"},\"potentialAction\":[{\"@type\":\"SearchAction\",\"target\":{\"@type\":\"EntryPoint\",\"urlTemplate\":\"https:\\\/\\\/forumpsicoanaliticbarcelona.com\\\/es\\\/?s={search_term_string}\"},\"query-input\":{\"@type\":\"PropertyValueSpecification\",\"valueRequired\":true,\"valueName\":\"search_term_string\"}}],\"inLanguage\":\"es\"},{\"@type\":\"Organization\",\"@id\":\"https:\\\/\\\/forumpsicoanaliticbarcelona.com\\\/es\\\/#organization\",\"name\":\"F\u00f2rum Psicoanal\u00edtic Barcelona\",\"alternateName\":\"FPB\",\"url\":\"https:\\\/\\\/forumpsicoanaliticbarcelona.com\\\/es\\\/\",\"logo\":{\"@type\":\"ImageObject\",\"inLanguage\":\"es\",\"@id\":\"https:\\\/\\\/forumpsicoanaliticbarcelona.com\\\/es\\\/#\\\/schema\\\/logo\\\/image\\\/\",\"url\":\"https:\\\/\\\/forumpsicoanaliticbarcelona.com\\\/wp-content\\\/uploads\\\/2020\\\/05\\\/FPB_logo.png\",\"contentUrl\":\"https:\\\/\\\/forumpsicoanaliticbarcelona.com\\\/wp-content\\\/uploads\\\/2020\\\/05\\\/FPB_logo.png\",\"width\":400,\"height\":184,\"caption\":\"F\u00f2rum Psicoanal\u00edtic Barcelona\"},\"image\":{\"@id\":\"https:\\\/\\\/forumpsicoanaliticbarcelona.com\\\/es\\\/#\\\/schema\\\/logo\\\/image\\\/\"},\"sameAs\":[\"https:\\\/\\\/www.facebook.com\\\/forumpsicoanaliticbarcelona\\\/\",\"https:\\\/\\\/www.instagram.com\\\/forumpsicoanalitic\\\/\"]},{\"@type\":\"Person\",\"@id\":\"https:\\\/\\\/forumpsicoanaliticbarcelona.com\\\/es\\\/#\\\/schema\\\/person\\\/98c7eb87d720f9d38844fa66887ac616\",\"name\":\"admin-fpb\",\"image\":{\"@type\":\"ImageObject\",\"inLanguage\":\"es\",\"@id\":\"https:\\\/\\\/secure.gravatar.com\\\/avatar\\\/83ab03c23a4a141c515cd2d17f5b3551a9c4f1066602ea60ed8ce52554092ada?s=96&d=mm&r=g\",\"url\":\"https:\\\/\\\/secure.gravatar.com\\\/avatar\\\/83ab03c23a4a141c515cd2d17f5b3551a9c4f1066602ea60ed8ce52554092ada?s=96&d=mm&r=g\",\"contentUrl\":\"https:\\\/\\\/secure.gravatar.com\\\/avatar\\\/83ab03c23a4a141c515cd2d17f5b3551a9c4f1066602ea60ed8ce52554092ada?s=96&d=mm&r=g\",\"caption\":\"admin-fpb\"},\"url\":\"https:\\\/\\\/forumpsicoanaliticbarcelona.com\\\/es\\\/author\\\/admin-fpb\\\/\"}]}<\/script>\n<!-- \/ Yoast SEO plugin. -->","yoast_head_json":{"title":"COVID19 y confinamiento. Reflexiones alrededor del alumnado con TMG. Implicaciones en la inclusi\u00f3n educativa - F\u00f2rum Psicoanal\u00edtic Barcelona","robots":{"index":"index","follow":"follow","max-snippet":"max-snippet:-1","max-image-preview":"max-image-preview:large","max-video-preview":"max-video-preview:-1"},"canonical":"https:\/\/forumpsicoanaliticbarcelona.com\/es\/covid19-y-confinamiento-reflexiones-alrededor-del-alumnado-con-tmg-implicaciones-en-la-inclusion-educativa\/","og_locale":"es_ES","og_type":"article","og_title":"COVID19 y confinamiento. Reflexiones alrededor del alumnado con TMG. Implicaciones en la inclusi\u00f3n educativa - F\u00f2rum Psicoanal\u00edtic Barcelona","og_description":"fecha: jueves 17 de diciembre hora: 20:30 h. V\u00eda zoom Inscripci\u00f3n previa en: ciefpb@gmail.com ACTIVIDAD ABIERTA","og_url":"https:\/\/forumpsicoanaliticbarcelona.com\/es\/covid19-y-confinamiento-reflexiones-alrededor-del-alumnado-con-tmg-implicaciones-en-la-inclusion-educativa\/","og_site_name":"F\u00f2rum Psicoanal\u00edtic Barcelona","article_publisher":"https:\/\/www.facebook.com\/forumpsicoanaliticbarcelona\/","article_published_time":"2020-12-11T21:07:45+00:00","article_modified_time":"2020-12-11T21:19:30+00:00","og_image":[{"width":560,"height":596,"url":"https:\/\/forumpsicoanaliticbarcelona.com\/wp-content\/uploads\/2020\/12\/covid19_confinamiento.png","type":"image\/png"}],"author":"admin-fpb","twitter_card":"summary_large_image","twitter_misc":{"Escrito por":"admin-fpb"},"schema":{"@context":"https:\/\/schema.org","@graph":[{"@type":"Article","@id":"https:\/\/forumpsicoanaliticbarcelona.com\/es\/covid19-y-confinamiento-reflexiones-alrededor-del-alumnado-con-tmg-implicaciones-en-la-inclusion-educativa\/#article","isPartOf":{"@id":"https:\/\/forumpsicoanaliticbarcelona.com\/es\/covid19-y-confinamiento-reflexiones-alrededor-del-alumnado-con-tmg-implicaciones-en-la-inclusion-educativa\/"},"author":{"name":"admin-fpb","@id":"https:\/\/forumpsicoanaliticbarcelona.com\/es\/#\/schema\/person\/98c7eb87d720f9d38844fa66887ac616"},"headline":"COVID19 y confinamiento. Reflexiones alrededor del alumnado con TMG. Implicaciones en la inclusi\u00f3n educativa","datePublished":"2020-12-11T21:07:45+00:00","dateModified":"2020-12-11T21:19:30+00:00","mainEntityOfPage":{"@id":"https:\/\/forumpsicoanaliticbarcelona.com\/es\/covid19-y-confinamiento-reflexiones-alrededor-del-alumnado-con-tmg-implicaciones-en-la-inclusion-educativa\/"},"wordCount":15,"commentCount":0,"publisher":{"@id":"https:\/\/forumpsicoanaliticbarcelona.com\/es\/#organization"},"image":{"@id":"https:\/\/forumpsicoanaliticbarcelona.com\/es\/covid19-y-confinamiento-reflexiones-alrededor-del-alumnado-con-tmg-implicaciones-en-la-inclusion-educativa\/#primaryimage"},"thumbnailUrl":"https:\/\/forumpsicoanaliticbarcelona.com\/wp-content\/uploads\/2020\/12\/covid19_confinamiento.png","keywords":["covid19"],"articleSection":["Activitats Cl\u00ednica i Educaci\u00f3"],"inLanguage":"es","potentialAction":[{"@type":"CommentAction","name":"Comment","target":["https:\/\/forumpsicoanaliticbarcelona.com\/es\/covid19-y-confinamiento-reflexiones-alrededor-del-alumnado-con-tmg-implicaciones-en-la-inclusion-educativa\/#respond"]}]},{"@type":"WebPage","@id":"https:\/\/forumpsicoanaliticbarcelona.com\/es\/covid19-y-confinamiento-reflexiones-alrededor-del-alumnado-con-tmg-implicaciones-en-la-inclusion-educativa\/","url":"https:\/\/forumpsicoanaliticbarcelona.com\/es\/covid19-y-confinamiento-reflexiones-alrededor-del-alumnado-con-tmg-implicaciones-en-la-inclusion-educativa\/","name":"COVID19 y confinamiento. Reflexiones alrededor del alumnado con TMG. Implicaciones en la inclusi\u00f3n educativa - F\u00f2rum Psicoanal\u00edtic Barcelona","isPartOf":{"@id":"https:\/\/forumpsicoanaliticbarcelona.com\/es\/#website"},"primaryImageOfPage":{"@id":"https:\/\/forumpsicoanaliticbarcelona.com\/es\/covid19-y-confinamiento-reflexiones-alrededor-del-alumnado-con-tmg-implicaciones-en-la-inclusion-educativa\/#primaryimage"},"image":{"@id":"https:\/\/forumpsicoanaliticbarcelona.com\/es\/covid19-y-confinamiento-reflexiones-alrededor-del-alumnado-con-tmg-implicaciones-en-la-inclusion-educativa\/#primaryimage"},"thumbnailUrl":"https:\/\/forumpsicoanaliticbarcelona.com\/wp-content\/uploads\/2020\/12\/covid19_confinamiento.png","datePublished":"2020-12-11T21:07:45+00:00","dateModified":"2020-12-11T21:19:30+00:00","breadcrumb":{"@id":"https:\/\/forumpsicoanaliticbarcelona.com\/es\/covid19-y-confinamiento-reflexiones-alrededor-del-alumnado-con-tmg-implicaciones-en-la-inclusion-educativa\/#breadcrumb"},"inLanguage":"es","potentialAction":[{"@type":"ReadAction","target":["https:\/\/forumpsicoanaliticbarcelona.com\/es\/covid19-y-confinamiento-reflexiones-alrededor-del-alumnado-con-tmg-implicaciones-en-la-inclusion-educativa\/"]}]},{"@type":"ImageObject","inLanguage":"es","@id":"https:\/\/forumpsicoanaliticbarcelona.com\/es\/covid19-y-confinamiento-reflexiones-alrededor-del-alumnado-con-tmg-implicaciones-en-la-inclusion-educativa\/#primaryimage","url":"https:\/\/forumpsicoanaliticbarcelona.com\/wp-content\/uploads\/2020\/12\/covid19_confinamiento.png","contentUrl":"https:\/\/forumpsicoanaliticbarcelona.com\/wp-content\/uploads\/2020\/12\/covid19_confinamiento.png","width":560,"height":596,"caption":"covid19_confinamiento"},{"@type":"BreadcrumbList","@id":"https:\/\/forumpsicoanaliticbarcelona.com\/es\/covid19-y-confinamiento-reflexiones-alrededor-del-alumnado-con-tmg-implicaciones-en-la-inclusion-educativa\/#breadcrumb","itemListElement":[{"@type":"ListItem","position":1,"name":"Portada","item":"https:\/\/forumpsicoanaliticbarcelona.com\/es\/"},{"@type":"ListItem","position":2,"name":"COVID19 y confinamiento. Reflexiones alrededor del alumnado con TMG. Implicaciones en la inclusi\u00f3n educativa"}]},{"@type":"WebSite","@id":"https:\/\/forumpsicoanaliticbarcelona.com\/es\/#website","url":"https:\/\/forumpsicoanaliticbarcelona.com\/es\/","name":"F\u00f2rum Psicoanal\u00edtic Barcelona","description":"Associaci\u00f3 dedicada a l&#039;estudi, transmissi\u00f3 i desenvolupament de la Psicoan\u00e0lisi - Esdeveniments","publisher":{"@id":"https:\/\/forumpsicoanaliticbarcelona.com\/es\/#organization"},"potentialAction":[{"@type":"SearchAction","target":{"@type":"EntryPoint","urlTemplate":"https:\/\/forumpsicoanaliticbarcelona.com\/es\/?s={search_term_string}"},"query-input":{"@type":"PropertyValueSpecification","valueRequired":true,"valueName":"search_term_string"}}],"inLanguage":"es"},{"@type":"Organization","@id":"https:\/\/forumpsicoanaliticbarcelona.com\/es\/#organization","name":"F\u00f2rum Psicoanal\u00edtic Barcelona","alternateName":"FPB","url":"https:\/\/forumpsicoanaliticbarcelona.com\/es\/","logo":{"@type":"ImageObject","inLanguage":"es","@id":"https:\/\/forumpsicoanaliticbarcelona.com\/es\/#\/schema\/logo\/image\/","url":"https:\/\/forumpsicoanaliticbarcelona.com\/wp-content\/uploads\/2020\/05\/FPB_logo.png","contentUrl":"https:\/\/forumpsicoanaliticbarcelona.com\/wp-content\/uploads\/2020\/05\/FPB_logo.png","width":400,"height":184,"caption":"F\u00f2rum Psicoanal\u00edtic Barcelona"},"image":{"@id":"https:\/\/forumpsicoanaliticbarcelona.com\/es\/#\/schema\/logo\/image\/"},"sameAs":["https:\/\/www.facebook.com\/forumpsicoanaliticbarcelona\/","https:\/\/www.instagram.com\/forumpsicoanalitic\/"]},{"@type":"Person","@id":"https:\/\/forumpsicoanaliticbarcelona.com\/es\/#\/schema\/person\/98c7eb87d720f9d38844fa66887ac616","name":"admin-fpb","image":{"@type":"ImageObject","inLanguage":"es","@id":"https:\/\/secure.gravatar.com\/avatar\/83ab03c23a4a141c515cd2d17f5b3551a9c4f1066602ea60ed8ce52554092ada?s=96&d=mm&r=g","url":"https:\/\/secure.gravatar.com\/avatar\/83ab03c23a4a141c515cd2d17f5b3551a9c4f1066602ea60ed8ce52554092ada?s=96&d=mm&r=g","contentUrl":"https:\/\/secure.gravatar.com\/avatar\/83ab03c23a4a141c515cd2d17f5b3551a9c4f1066602ea60ed8ce52554092ada?s=96&d=mm&r=g","caption":"admin-fpb"},"url":"https:\/\/forumpsicoanaliticbarcelona.com\/es\/author\/admin-fpb\/"}]}},"_links":{"self":[{"href":"https:\/\/forumpsicoanaliticbarcelona.com\/es\/wp-json\/wp\/v2\/posts\/1815","targetHints":{"allow":["GET"]}}],"collection":[{"href":"https:\/\/forumpsicoanaliticbarcelona.com\/es\/wp-json\/wp\/v2\/posts"}],"about":[{"href":"https:\/\/forumpsicoanaliticbarcelona.com\/es\/wp-json\/wp\/v2\/types\/post"}],"author":[{"embeddable":true,"href":"https:\/\/forumpsicoanaliticbarcelona.com\/es\/wp-json\/wp\/v2\/users\/1"}],"replies":[{"embeddable":true,"href":"https:\/\/forumpsicoanaliticbarcelona.com\/es\/wp-json\/wp\/v2\/comments?post=1815"}],"version-history":[{"count":3,"href":"https:\/\/forumpsicoanaliticbarcelona.com\/es\/wp-json\/wp\/v2\/posts\/1815\/revisions"}],"predecessor-version":[{"id":1822,"href":"https:\/\/forumpsicoanaliticbarcelona.com\/es\/wp-json\/wp\/v2\/posts\/1815\/revisions\/1822"}],"wp:featuredmedia":[{"embeddable":true,"href":"https:\/\/forumpsicoanaliticbarcelona.com\/es\/wp-json\/wp\/v2\/media\/1825"}],"wp:attachment":[{"href":"https:\/\/forumpsicoanaliticbarcelona.com\/es\/wp-json\/wp\/v2\/media?parent=1815"}],"wp:term":[{"taxonomy":"category","embeddable":true,"href":"https:\/\/forumpsicoanaliticbarcelona.com\/es\/wp-json\/wp\/v2\/categories?post=1815"},{"taxonomy":"post_tag","embeddable":true,"href":"https:\/\/forumpsicoanaliticbarcelona.com\/es\/wp-json\/wp\/v2\/tags?post=1815"}],"curies":[{"name":"wp","href":"https:\/\/api.w.org\/{rel}","templated":true}]}}