{"id":1777,"date":"2020-11-10T13:28:59","date_gmt":"2020-11-10T13:28:59","guid":{"rendered":"https:\/\/forumpsicoanaliticbarcelona.com\/?p=1777"},"modified":"2020-11-10T15:27:18","modified_gmt":"2020-11-10T15:27:18","slug":"la-covid-19-y-el-sujeto","status":"publish","type":"post","link":"https:\/\/forumpsicoanaliticbarcelona.com\/es\/la-covid-19-y-el-sujeto\/","title":{"rendered":"La Covid 19 y el sujeto"},"content":{"rendered":"\t\t<div data-elementor-type=\"wp-post\" data-elementor-id=\"1777\" class=\"elementor elementor-1777\">\n\t\t\t\t\t\t<section class=\"elementor-section elementor-top-section elementor-element elementor-element-d5c073c elementor-section-boxed elementor-section-height-default elementor-section-height-default\" data-id=\"d5c073c\" data-element_type=\"section\">\n\t\t\t\t\t\t<div class=\"elementor-container elementor-column-gap-default\">\n\t\t\t\t\t<div class=\"elementor-column elementor-col-100 elementor-top-column elementor-element elementor-element-15e2106\" data-id=\"15e2106\" data-element_type=\"column\">\n\t\t\t<div class=\"elementor-widget-wrap elementor-element-populated\">\n\t\t\t\t\t\t<div class=\"elementor-element elementor-element-388167f elementor-widget elementor-widget-text-editor\" data-id=\"388167f\" data-element_type=\"widget\" data-widget_type=\"text-editor.default\">\n\t\t\t\t<div class=\"elementor-widget-container\">\n\t\t\t\t\t\t\t\t\t<p>[Escrito por Maria Dolors Cam\u00f3s durante el confinamiento]<\/p><p>Queridos colegas,<br \/>En el vuelco en el que nos encontramos, la situaci\u00f3n contin\u00faa siendo para m\u00ed de una cierta perplejidad, que en lo personal se manifiesta en momentos subjetivos dispares, ante los cuales el saber\u00a0hacer ah\u00ed se pone a prueba. No sin agradables sorpresas, a veces.<\/p><p>En lo social vemos que la posici\u00f3n ante la crisis va por barrios. Mi experiencia durante estos d\u00edas\u00a0es que algo se ha movido en la vida comunitaria. El griter\u00edo de los ni\u00f1os junto a sus padres, los aplausos\u00a0a las 20h, la solidaridad entre los vecinos -regulaci\u00f3n en cada bloque de quien necesita ayuda y quien\u00a0puede darla seg\u00fan su oficio y posibilidad- <strong>\u00bfson \u00edndices de un cierto lazo social no visto hasta ahora?\u00a0\u00bfPervivir\u00e1 en la memoria de la gente?<\/strong> Hay que ser prudentes.<\/p><p>Muchas y varias son las cuestiones que la inesperada irrupci\u00f3n de la covid-19 nos plantea. Mi reflexi\u00f3n de estos \u00faltimos d\u00edas traduce la diferencia que observo entre lo que conlleva la vida quotidiana<br \/>de la gente ante situaciones nunca vividas antes y lo que se transmite desde algunos discursos.<\/p><p>El debate que va tomando mayor cuerpo entre algunos de ellos gira en torno a seguridad-libertad, al cual se refer\u00eda <a href=\"https:\/\/forumpsicoanaliticbarcelona.com\/pequenas-reflexiones-a-raiz-de-la-pandemia\/\" target=\"_blank\" rel=\"noopener\">Ramon en su escrito.<\/a> Si ello empez\u00f3 con la aparici\u00f3n global de un terrorismo\u00a0nuevo, en los \u00faltimos a\u00f1os la seguridad tiene que ver con las redes sociales. Poco antes de la irrupci\u00f3n de la epidemia, y a ra\u00edz de algunos casos medi\u00e1ticos en Francia, los debates centraban una cuesti\u00f3n:<br \/><strong>\u00bfpuede haber democracia sin intimidad? \u00bfPor qu\u00e9 extra\u00f1arse o quejarse del estar controlados cuando tantos sujetos exponen grados tales de su intimidad, a pesar de conocer los peligros que encierra? <\/strong><\/p><h1>Pero ahora, y por primera vez, la seguridad pasa por la sanidad y es global, el enemigo es invisible:<\/h1><p>vemos con tristeza sus consecuencias pero no sabemos su alcance, sobretodo a medio y largo plazo.<strong> \u00bfCu\u00e1l es en este contexto el poder de las redes?<\/strong><\/p><p>Una cuesti\u00f3n clave emerge con mayor fuerza que nunca: el control de los datos de los ciudadanos. Si partimos del hecho de que la econom\u00eda actual se basa en modelos cada vez m\u00e1s sofisticados de obtenci\u00f3n y comercio global de esos datos, la lucha de los dos grandes bloques liderados por China y EE.UU por detentar su control parece no ofrecer grandes dudas, m\u00e1s a\u00fan con sus\u00a0respectivos modelos econ\u00f3mico-pol\u00edticos. Como nuevos se\u00f1ores de la guerra, tecnol\u00f3gica hoy, sus l\u00edderes transmiten el hecho de que los muertos entran en su mort\u00edfera l\u00f3gica.<\/p><h2>La gravedad de la crisis sanitaria y econ\u00f3mica global obliga al mundo de la ciencia y de la tecnolog\u00eda a protagonizar modos de orientaci\u00f3n y respuesta.<\/h2><p>Bienvenidos, claro. Pero con el apoyo de modelos matem\u00e1ticos, se intenta cuantificar y explicar qu\u00e9 hay que hacer y c\u00f3mo, en el confinamiento y ahora en el post (es ilustrativo ver c\u00f3mo en febrero algunos investigadores y pol\u00edticos aseguraban que el coronavirus no llegar\u00eda a nuestro pa\u00eds) con resultados contradictorios, que por otra parte no son de extra\u00f1ar. Asistimos a un ideal cient\u00edfico-tecnol\u00f3gico, puesto de relieve ya en algunos medios y organizaciones, que se extiende, me parece, a distintos campos de la sociedad. Una pregunta se recorta, creo hoy m\u00e1s que nunca:<\/p><h3 style=\"text-align: left;\"><span style=\"color: #b11e2e;\">\u00bfQu\u00e9 lugar hoy para el sujeto, seg\u00fan la noci\u00f3n que de ella da el psicoan\u00e1lisis?<\/span><\/h3><p style=\"text-align: left;\">Dos ejemplos de estos d\u00edas que, aunque puntuales, me parecen relevantes. En su art\u00edculo <em>El mundo despu\u00e9s del coronavirus<\/em> (La Vanguardia, 6\/4\/2020), de cierta repercusi\u00f3n aqu\u00ed, Yuval Harari desarrolla entre otros el siguiente punto: \u201cen este momento de crisis, nos enfrentamos a dos elecciones particularmente importantes. La primera entre vigilancia totalitaria y empoderamiento ciudadano. La segunda es entre aislamiento nacionalista y solidaridad mundial\u201d. Me detengo en la primera: \u201c<em>Si (a trav\u00e9s de las grandes empresas de comunicaci\u00f3n) se puede vigilar lo que me sucede con la temperatura corporal, la presi\u00f3n sangu\u00ednea y el ritmo card\u00edaco mientras veo las im\u00e1genes, se puede aprender tambi\u00e9n lo que me hace re\u00edr, lo que me hace llorar y lo que realmente me enfurece\u201d<\/em>. Y a continuaci\u00f3n a\u00f1ade: &#8220;<em>resulta crucial recordar que la ira, la alegr\u00eda, el aburrimiento y el amor son fen\u00f3menos biol\u00f3gicos como la fiebre y la tos&#8221;.<\/em> La misma tecnolog\u00eda que identifica la tos podr\u00eda tambi\u00e9n identificar las risas&#8230;<\/p><p style=\"text-align: left;\"><strong><span style=\"color: #b11e2e;\">\u00bfD\u00f3nde el sujeto ah\u00ed, en tanto desnaturalizado a causa del lenguaje y por ello mismo con sus efectos de sentido y goce? \u00bfLa sola vigilancia biom\u00e9trica podr\u00eda explicar una posible sociedad totalitaria?<\/span> <\/strong><\/p><p style=\"text-align: left;\">Por estos mismos d\u00edas, Brian Subirana, ingeniero-cient\u00edfico, director de un grupo de investigaci\u00f3n en el MIT y profesor en Harvard, present\u00f3 en los medios una m\u00e1s que\u00a0 posible y pronta aplicaci\u00f3n m\u00f3vil para conocer el contagio del coronavirus en Catalunya. A trav\u00e9s de ella, se podr\u00e1 analizar a gran escala el sonido individual de la tos, m\u00e9todo que amplificar\u00eda mucho la detecci\u00f3n del virus. Para ello, es necesario que la persona env\u00ede los datos de su tos, registrados por audio, a la p\u00e1gina web cuya direcci\u00f3n ha dado y que se ha reproducido por twitter. El MIT pasar\u00e1 los resultados a la comunidad m\u00e9dica sin ning\u00fan costo econ\u00f3mico. Con un m\u00e9todo similar, ha explicado, se han dado buenos resultados en la detecci\u00f3n del parkinson, alzheimer y fobia&#8230;<\/p><p style=\"text-align: left;\">Durante estos d\u00edas he vuelto a leer el texto de Lacan<em> La tercera<\/em>, con la ayuda del Seminario de lectura que hizo C. Soler (2005-2006), y que est\u00e1 publicado. Una sorpresa. El di\u00e1logo que, desde nuestra compleja actualidad, podemos establecer con el texto es de lo m\u00e1s estimulante y necesario me parece, sobretodo en un punto que nos ata\u00f1e: lo real y la ciencia.<\/p><h4 style=\"text-align: left;\">\u201cLo real puede muy bien desbocarse sobretodo desde que tiene el apoyo del discurso cient\u00edfico\u201d,<\/h4><p style=\"text-align: left;\">leemos. Se trata de lo real biol\u00f3gico, a distinguir de lo real de la no proporci\u00f3n sexual, y de lo real del s\u00edntoma, as\u00ed es como lo entiendo, pues recordemos que en el nudo que aparece en el texto la vida se sit\u00faa en el redondel de lo real. A partir de ah\u00ed, \u00bfc\u00f3mo entender el discurso cient\u00edfico hoy? No es nada f\u00e1cil la respuesta, pero s\u00ed que podemos decir algo: <strong>\u00bfC\u00f3mo distinguir hoy la ciencia de la tecnolog\u00eda, de sus usos ideol\u00f3gicos y pol\u00edticos, debido al poder de la tecnolog\u00eda, cuyos avances no tienen l\u00edmites?<\/strong><br \/>Como dec\u00eda ayer Manuel Cruz, hoy estamos en el discurso cient\u00edfico-tecnol\u00f3gico, aunque conceptualmente se podr\u00eda mantener la separaci\u00f3n. \u00bfQu\u00e9 consecuencias tiene para el sujeto esta nueva escalada? No se sabe. Lo que s\u00ed parece claro es que<\/p><blockquote><p style=\"text-align: left;\">\u201c&#8230;hacer desaparecer el parl\u00eatre no har\u00e1 desaparecer la infecci\u00f3n que es la vida, las bacterias sobrevivir\u00e1n, est\u00e9n seguros\u201d<\/p><\/blockquote><p style=\"text-align: left;\">dice Colette citando a Lacan.<\/p><h5 style=\"text-align: left;\">\u00bfQu\u00e9 deseo hay en juego en los cient\u00edficos en su intento de dominar lo real, que siempre se escabulle?<\/h5><p style=\"text-align: left;\">Estas y otras muchas cuestiones se debaten en estos textos y nos ayudan a formular una pregunta que concierne a nuestra comunidad:<strong> \u00bfqu\u00e9 pueden decir los analistas, desde la particularidad <\/strong><strong>de su discurso, en nuestra fluctuante actualidad?<\/strong> Es pronto y toma su tiempo.<\/p><p>Maria Dolors Cam\u00f3s<br \/>Psicoanalista, miembro de la EPFCL-FPB<\/p>\t\t\t\t\t\t\t\t<\/div>\n\t\t\t\t<\/div>\n\t\t\t\t\t<\/div>\n\t\t<\/div>\n\t\t\t\t\t<\/div>\n\t\t<\/section>\n\t\t\t\t<\/div>\n\t\t","protected":false},"excerpt":{"rendered":"<div class=\"tmnf_excerpt\"><p>Mi reflexi\u00f3n de estos \u00faltimos d\u00edas traduce la diferencia que observo entre lo que conlleva la vida quotidiana de la gente ante situaciones nunca vividas antes y lo que se transmite desde algunos discursos. El debate que va tomando mayor cuerpo entre algunos de ellos gira en torno a seguridad-libertad.  Si ello empez\u00f3 con la aparici\u00f3n global de un terrorismo\u00a0nuevo, en los \u00faltimos a\u00f1os la seguridad tiene que ver con las redes sociales.<\/p>\n<\/div>","protected":false},"author":1,"featured_media":1785,"comment_status":"open","ping_status":"open","sticky":false,"template":"","format":"standard","meta":{"footnotes":""},"categories":[13,43],"tags":[42,41],"class_list":["post-1777","post","type-post","status-publish","format-standard","has-post-thumbnail","hentry","category-sense-categoria","category-xarxas-sociales","tag-covid19-2","tag-sujeto"],"yoast_head":"<!-- This site is optimized with the Yoast SEO plugin v28.2 - https:\/\/yoast.com\/product\/yoast-seo-wordpress\/ -->\n<title>La Covid 19 y el sujeto - F\u00f2rum Psicoanal\u00edtic Barcelona<\/title>\n<meta name=\"description\" content=\"El debate que va tomando mayor cuerpo gira en torno a seguridad-libertad. Si ello empez\u00f3 con la aparici\u00f3n global de un terrorismo\u00a0nuevo, en los \u00faltimos a\u00f1os la seguridad tiene que ver con las redes sociales.\" \/>\n<meta name=\"robots\" content=\"index, follow, max-snippet:-1, max-image-preview:large, max-video-preview:-1\" \/>\n<link rel=\"canonical\" href=\"https:\/\/forumpsicoanaliticbarcelona.com\/es\/la-covid-19-y-el-sujeto\/\" \/>\n<meta property=\"og:locale\" content=\"es_ES\" \/>\n<meta property=\"og:type\" content=\"article\" \/>\n<meta property=\"og:title\" content=\"La Covid 19 y el sujeto - F\u00f2rum Psicoanal\u00edtic Barcelona\" \/>\n<meta property=\"og:description\" content=\"El debate que va tomando mayor cuerpo gira en torno a seguridad-libertad. Si ello empez\u00f3 con la aparici\u00f3n global de un terrorismo\u00a0nuevo, en los \u00faltimos a\u00f1os la seguridad tiene que ver con las redes sociales.\" \/>\n<meta property=\"og:url\" content=\"https:\/\/forumpsicoanaliticbarcelona.com\/es\/la-covid-19-y-el-sujeto\/\" \/>\n<meta property=\"og:site_name\" content=\"F\u00f2rum Psicoanal\u00edtic Barcelona\" \/>\n<meta property=\"article:publisher\" content=\"https:\/\/www.facebook.com\/forumpsicoanaliticbarcelona\/\" \/>\n<meta property=\"article:published_time\" content=\"2020-11-10T13:28:59+00:00\" \/>\n<meta property=\"article:modified_time\" content=\"2020-11-10T15:27:18+00:00\" \/>\n<meta property=\"og:image\" content=\"https:\/\/forumpsicoanaliticbarcelona.com\/wp-content\/uploads\/2020\/11\/dole777-EQSPI11rf68-unsplash-scaled.jpg\" \/>\n\t<meta property=\"og:image:width\" content=\"2560\" \/>\n\t<meta property=\"og:image:height\" content=\"1437\" \/>\n\t<meta property=\"og:image:type\" content=\"image\/jpeg\" \/>\n<meta name=\"author\" content=\"admin-fpb\" \/>\n<meta name=\"twitter:card\" content=\"summary_large_image\" \/>\n<meta name=\"twitter:label1\" content=\"Escrito por\" \/>\n\t<meta name=\"twitter:data1\" content=\"admin-fpb\" \/>\n\t<meta name=\"twitter:label2\" content=\"Tiempo de lectura\" \/>\n\t<meta name=\"twitter:data2\" content=\"7 minutos\" \/>\n<script type=\"application\/ld+json\" class=\"yoast-schema-graph\">{\"@context\":\"https:\\\/\\\/schema.org\",\"@graph\":[{\"@type\":\"Article\",\"@id\":\"https:\\\/\\\/forumpsicoanaliticbarcelona.com\\\/es\\\/la-covid-19-y-el-sujeto\\\/#article\",\"isPartOf\":{\"@id\":\"https:\\\/\\\/forumpsicoanaliticbarcelona.com\\\/es\\\/la-covid-19-y-el-sujeto\\\/\"},\"author\":{\"name\":\"admin-fpb\",\"@id\":\"https:\\\/\\\/forumpsicoanaliticbarcelona.com\\\/es\\\/#\\\/schema\\\/person\\\/98c7eb87d720f9d38844fa66887ac616\"},\"headline\":\"La Covid 19 y el sujeto\",\"datePublished\":\"2020-11-10T13:28:59+00:00\",\"dateModified\":\"2020-11-10T15:27:18+00:00\",\"mainEntityOfPage\":{\"@id\":\"https:\\\/\\\/forumpsicoanaliticbarcelona.com\\\/es\\\/la-covid-19-y-el-sujeto\\\/\"},\"wordCount\":1313,\"commentCount\":0,\"publisher\":{\"@id\":\"https:\\\/\\\/forumpsicoanaliticbarcelona.com\\\/es\\\/#organization\"},\"image\":{\"@id\":\"https:\\\/\\\/forumpsicoanaliticbarcelona.com\\\/es\\\/la-covid-19-y-el-sujeto\\\/#primaryimage\"},\"thumbnailUrl\":\"https:\\\/\\\/forumpsicoanaliticbarcelona.com\\\/wp-content\\\/uploads\\\/2020\\\/11\\\/dole777-EQSPI11rf68-unsplash-scaled.jpg\",\"keywords\":[\"covid19\",\"sujeto\"],\"articleSection\":[\"Sense categoria\",\"Xarxas sociales\"],\"inLanguage\":\"es\",\"potentialAction\":[{\"@type\":\"CommentAction\",\"name\":\"Comment\",\"target\":[\"https:\\\/\\\/forumpsicoanaliticbarcelona.com\\\/es\\\/la-covid-19-y-el-sujeto\\\/#respond\"]}]},{\"@type\":\"WebPage\",\"@id\":\"https:\\\/\\\/forumpsicoanaliticbarcelona.com\\\/es\\\/la-covid-19-y-el-sujeto\\\/\",\"url\":\"https:\\\/\\\/forumpsicoanaliticbarcelona.com\\\/es\\\/la-covid-19-y-el-sujeto\\\/\",\"name\":\"La Covid 19 y el sujeto - F\u00f2rum Psicoanal\u00edtic Barcelona\",\"isPartOf\":{\"@id\":\"https:\\\/\\\/forumpsicoanaliticbarcelona.com\\\/es\\\/#website\"},\"primaryImageOfPage\":{\"@id\":\"https:\\\/\\\/forumpsicoanaliticbarcelona.com\\\/es\\\/la-covid-19-y-el-sujeto\\\/#primaryimage\"},\"image\":{\"@id\":\"https:\\\/\\\/forumpsicoanaliticbarcelona.com\\\/es\\\/la-covid-19-y-el-sujeto\\\/#primaryimage\"},\"thumbnailUrl\":\"https:\\\/\\\/forumpsicoanaliticbarcelona.com\\\/wp-content\\\/uploads\\\/2020\\\/11\\\/dole777-EQSPI11rf68-unsplash-scaled.jpg\",\"datePublished\":\"2020-11-10T13:28:59+00:00\",\"dateModified\":\"2020-11-10T15:27:18+00:00\",\"description\":\"El debate que va tomando mayor cuerpo gira en torno a seguridad-libertad. Si ello empez\u00f3 con la aparici\u00f3n global de un terrorismo\u00a0nuevo, en los \u00faltimos a\u00f1os la seguridad tiene que ver con las redes sociales.\",\"breadcrumb\":{\"@id\":\"https:\\\/\\\/forumpsicoanaliticbarcelona.com\\\/es\\\/la-covid-19-y-el-sujeto\\\/#breadcrumb\"},\"inLanguage\":\"es\",\"potentialAction\":[{\"@type\":\"ReadAction\",\"target\":[\"https:\\\/\\\/forumpsicoanaliticbarcelona.com\\\/es\\\/la-covid-19-y-el-sujeto\\\/\"]}]},{\"@type\":\"ImageObject\",\"inLanguage\":\"es\",\"@id\":\"https:\\\/\\\/forumpsicoanaliticbarcelona.com\\\/es\\\/la-covid-19-y-el-sujeto\\\/#primaryimage\",\"url\":\"https:\\\/\\\/forumpsicoanaliticbarcelona.com\\\/wp-content\\\/uploads\\\/2020\\\/11\\\/dole777-EQSPI11rf68-unsplash-scaled.jpg\",\"contentUrl\":\"https:\\\/\\\/forumpsicoanaliticbarcelona.com\\\/wp-content\\\/uploads\\\/2020\\\/11\\\/dole777-EQSPI11rf68-unsplash-scaled.jpg\",\"width\":2560,\"height\":1437,\"caption\":\"Photo by dole777 on Unsplash\"},{\"@type\":\"BreadcrumbList\",\"@id\":\"https:\\\/\\\/forumpsicoanaliticbarcelona.com\\\/es\\\/la-covid-19-y-el-sujeto\\\/#breadcrumb\",\"itemListElement\":[{\"@type\":\"ListItem\",\"position\":1,\"name\":\"Portada\",\"item\":\"https:\\\/\\\/forumpsicoanaliticbarcelona.com\\\/es\\\/\"},{\"@type\":\"ListItem\",\"position\":2,\"name\":\"La Covid 19 y el sujeto\"}]},{\"@type\":\"WebSite\",\"@id\":\"https:\\\/\\\/forumpsicoanaliticbarcelona.com\\\/es\\\/#website\",\"url\":\"https:\\\/\\\/forumpsicoanaliticbarcelona.com\\\/es\\\/\",\"name\":\"F\u00f2rum Psicoanal\u00edtic Barcelona\",\"description\":\"Associaci\u00f3 dedicada a l&#039;estudi, transmissi\u00f3 i desenvolupament de la Psicoan\u00e0lisi - Esdeveniments\",\"publisher\":{\"@id\":\"https:\\\/\\\/forumpsicoanaliticbarcelona.com\\\/es\\\/#organization\"},\"potentialAction\":[{\"@type\":\"SearchAction\",\"target\":{\"@type\":\"EntryPoint\",\"urlTemplate\":\"https:\\\/\\\/forumpsicoanaliticbarcelona.com\\\/es\\\/?s={search_term_string}\"},\"query-input\":{\"@type\":\"PropertyValueSpecification\",\"valueRequired\":true,\"valueName\":\"search_term_string\"}}],\"inLanguage\":\"es\"},{\"@type\":\"Organization\",\"@id\":\"https:\\\/\\\/forumpsicoanaliticbarcelona.com\\\/es\\\/#organization\",\"name\":\"F\u00f2rum Psicoanal\u00edtic Barcelona\",\"alternateName\":\"FPB\",\"url\":\"https:\\\/\\\/forumpsicoanaliticbarcelona.com\\\/es\\\/\",\"logo\":{\"@type\":\"ImageObject\",\"inLanguage\":\"es\",\"@id\":\"https:\\\/\\\/forumpsicoanaliticbarcelona.com\\\/es\\\/#\\\/schema\\\/logo\\\/image\\\/\",\"url\":\"https:\\\/\\\/forumpsicoanaliticbarcelona.com\\\/wp-content\\\/uploads\\\/2020\\\/05\\\/FPB_logo.png\",\"contentUrl\":\"https:\\\/\\\/forumpsicoanaliticbarcelona.com\\\/wp-content\\\/uploads\\\/2020\\\/05\\\/FPB_logo.png\",\"width\":400,\"height\":184,\"caption\":\"F\u00f2rum Psicoanal\u00edtic Barcelona\"},\"image\":{\"@id\":\"https:\\\/\\\/forumpsicoanaliticbarcelona.com\\\/es\\\/#\\\/schema\\\/logo\\\/image\\\/\"},\"sameAs\":[\"https:\\\/\\\/www.facebook.com\\\/forumpsicoanaliticbarcelona\\\/\",\"https:\\\/\\\/www.instagram.com\\\/forumpsicoanalitic\\\/\"]},{\"@type\":\"Person\",\"@id\":\"https:\\\/\\\/forumpsicoanaliticbarcelona.com\\\/es\\\/#\\\/schema\\\/person\\\/98c7eb87d720f9d38844fa66887ac616\",\"name\":\"admin-fpb\",\"image\":{\"@type\":\"ImageObject\",\"inLanguage\":\"es\",\"@id\":\"https:\\\/\\\/secure.gravatar.com\\\/avatar\\\/83ab03c23a4a141c515cd2d17f5b3551a9c4f1066602ea60ed8ce52554092ada?s=96&d=mm&r=g\",\"url\":\"https:\\\/\\\/secure.gravatar.com\\\/avatar\\\/83ab03c23a4a141c515cd2d17f5b3551a9c4f1066602ea60ed8ce52554092ada?s=96&d=mm&r=g\",\"contentUrl\":\"https:\\\/\\\/secure.gravatar.com\\\/avatar\\\/83ab03c23a4a141c515cd2d17f5b3551a9c4f1066602ea60ed8ce52554092ada?s=96&d=mm&r=g\",\"caption\":\"admin-fpb\"},\"url\":\"https:\\\/\\\/forumpsicoanaliticbarcelona.com\\\/es\\\/author\\\/admin-fpb\\\/\"}]}<\/script>\n<!-- \/ Yoast SEO plugin. -->","yoast_head_json":{"title":"La Covid 19 y el sujeto - F\u00f2rum Psicoanal\u00edtic Barcelona","description":"El debate que va tomando mayor cuerpo gira en torno a seguridad-libertad. Si ello empez\u00f3 con la aparici\u00f3n global de un terrorismo\u00a0nuevo, en los \u00faltimos a\u00f1os la seguridad tiene que ver con las redes sociales.","robots":{"index":"index","follow":"follow","max-snippet":"max-snippet:-1","max-image-preview":"max-image-preview:large","max-video-preview":"max-video-preview:-1"},"canonical":"https:\/\/forumpsicoanaliticbarcelona.com\/es\/la-covid-19-y-el-sujeto\/","og_locale":"es_ES","og_type":"article","og_title":"La Covid 19 y el sujeto - F\u00f2rum Psicoanal\u00edtic Barcelona","og_description":"El debate que va tomando mayor cuerpo gira en torno a seguridad-libertad. Si ello empez\u00f3 con la aparici\u00f3n global de un terrorismo\u00a0nuevo, en los \u00faltimos a\u00f1os la seguridad tiene que ver con las redes sociales.","og_url":"https:\/\/forumpsicoanaliticbarcelona.com\/es\/la-covid-19-y-el-sujeto\/","og_site_name":"F\u00f2rum Psicoanal\u00edtic Barcelona","article_publisher":"https:\/\/www.facebook.com\/forumpsicoanaliticbarcelona\/","article_published_time":"2020-11-10T13:28:59+00:00","article_modified_time":"2020-11-10T15:27:18+00:00","og_image":[{"width":2560,"height":1437,"url":"https:\/\/forumpsicoanaliticbarcelona.com\/wp-content\/uploads\/2020\/11\/dole777-EQSPI11rf68-unsplash-scaled.jpg","type":"image\/jpeg"}],"author":"admin-fpb","twitter_card":"summary_large_image","twitter_misc":{"Escrito por":"admin-fpb","Tiempo de lectura":"7 minutos"},"schema":{"@context":"https:\/\/schema.org","@graph":[{"@type":"Article","@id":"https:\/\/forumpsicoanaliticbarcelona.com\/es\/la-covid-19-y-el-sujeto\/#article","isPartOf":{"@id":"https:\/\/forumpsicoanaliticbarcelona.com\/es\/la-covid-19-y-el-sujeto\/"},"author":{"name":"admin-fpb","@id":"https:\/\/forumpsicoanaliticbarcelona.com\/es\/#\/schema\/person\/98c7eb87d720f9d38844fa66887ac616"},"headline":"La Covid 19 y el sujeto","datePublished":"2020-11-10T13:28:59+00:00","dateModified":"2020-11-10T15:27:18+00:00","mainEntityOfPage":{"@id":"https:\/\/forumpsicoanaliticbarcelona.com\/es\/la-covid-19-y-el-sujeto\/"},"wordCount":1313,"commentCount":0,"publisher":{"@id":"https:\/\/forumpsicoanaliticbarcelona.com\/es\/#organization"},"image":{"@id":"https:\/\/forumpsicoanaliticbarcelona.com\/es\/la-covid-19-y-el-sujeto\/#primaryimage"},"thumbnailUrl":"https:\/\/forumpsicoanaliticbarcelona.com\/wp-content\/uploads\/2020\/11\/dole777-EQSPI11rf68-unsplash-scaled.jpg","keywords":["covid19","sujeto"],"articleSection":["Sense categoria","Xarxas sociales"],"inLanguage":"es","potentialAction":[{"@type":"CommentAction","name":"Comment","target":["https:\/\/forumpsicoanaliticbarcelona.com\/es\/la-covid-19-y-el-sujeto\/#respond"]}]},{"@type":"WebPage","@id":"https:\/\/forumpsicoanaliticbarcelona.com\/es\/la-covid-19-y-el-sujeto\/","url":"https:\/\/forumpsicoanaliticbarcelona.com\/es\/la-covid-19-y-el-sujeto\/","name":"La Covid 19 y el sujeto - F\u00f2rum Psicoanal\u00edtic Barcelona","isPartOf":{"@id":"https:\/\/forumpsicoanaliticbarcelona.com\/es\/#website"},"primaryImageOfPage":{"@id":"https:\/\/forumpsicoanaliticbarcelona.com\/es\/la-covid-19-y-el-sujeto\/#primaryimage"},"image":{"@id":"https:\/\/forumpsicoanaliticbarcelona.com\/es\/la-covid-19-y-el-sujeto\/#primaryimage"},"thumbnailUrl":"https:\/\/forumpsicoanaliticbarcelona.com\/wp-content\/uploads\/2020\/11\/dole777-EQSPI11rf68-unsplash-scaled.jpg","datePublished":"2020-11-10T13:28:59+00:00","dateModified":"2020-11-10T15:27:18+00:00","description":"El debate que va tomando mayor cuerpo gira en torno a seguridad-libertad. Si ello empez\u00f3 con la aparici\u00f3n global de un terrorismo\u00a0nuevo, en los \u00faltimos a\u00f1os la seguridad tiene que ver con las redes sociales.","breadcrumb":{"@id":"https:\/\/forumpsicoanaliticbarcelona.com\/es\/la-covid-19-y-el-sujeto\/#breadcrumb"},"inLanguage":"es","potentialAction":[{"@type":"ReadAction","target":["https:\/\/forumpsicoanaliticbarcelona.com\/es\/la-covid-19-y-el-sujeto\/"]}]},{"@type":"ImageObject","inLanguage":"es","@id":"https:\/\/forumpsicoanaliticbarcelona.com\/es\/la-covid-19-y-el-sujeto\/#primaryimage","url":"https:\/\/forumpsicoanaliticbarcelona.com\/wp-content\/uploads\/2020\/11\/dole777-EQSPI11rf68-unsplash-scaled.jpg","contentUrl":"https:\/\/forumpsicoanaliticbarcelona.com\/wp-content\/uploads\/2020\/11\/dole777-EQSPI11rf68-unsplash-scaled.jpg","width":2560,"height":1437,"caption":"Photo by dole777 on Unsplash"},{"@type":"BreadcrumbList","@id":"https:\/\/forumpsicoanaliticbarcelona.com\/es\/la-covid-19-y-el-sujeto\/#breadcrumb","itemListElement":[{"@type":"ListItem","position":1,"name":"Portada","item":"https:\/\/forumpsicoanaliticbarcelona.com\/es\/"},{"@type":"ListItem","position":2,"name":"La Covid 19 y el sujeto"}]},{"@type":"WebSite","@id":"https:\/\/forumpsicoanaliticbarcelona.com\/es\/#website","url":"https:\/\/forumpsicoanaliticbarcelona.com\/es\/","name":"F\u00f2rum Psicoanal\u00edtic Barcelona","description":"Associaci\u00f3 dedicada a l&#039;estudi, transmissi\u00f3 i desenvolupament de la Psicoan\u00e0lisi - Esdeveniments","publisher":{"@id":"https:\/\/forumpsicoanaliticbarcelona.com\/es\/#organization"},"potentialAction":[{"@type":"SearchAction","target":{"@type":"EntryPoint","urlTemplate":"https:\/\/forumpsicoanaliticbarcelona.com\/es\/?s={search_term_string}"},"query-input":{"@type":"PropertyValueSpecification","valueRequired":true,"valueName":"search_term_string"}}],"inLanguage":"es"},{"@type":"Organization","@id":"https:\/\/forumpsicoanaliticbarcelona.com\/es\/#organization","name":"F\u00f2rum Psicoanal\u00edtic Barcelona","alternateName":"FPB","url":"https:\/\/forumpsicoanaliticbarcelona.com\/es\/","logo":{"@type":"ImageObject","inLanguage":"es","@id":"https:\/\/forumpsicoanaliticbarcelona.com\/es\/#\/schema\/logo\/image\/","url":"https:\/\/forumpsicoanaliticbarcelona.com\/wp-content\/uploads\/2020\/05\/FPB_logo.png","contentUrl":"https:\/\/forumpsicoanaliticbarcelona.com\/wp-content\/uploads\/2020\/05\/FPB_logo.png","width":400,"height":184,"caption":"F\u00f2rum Psicoanal\u00edtic Barcelona"},"image":{"@id":"https:\/\/forumpsicoanaliticbarcelona.com\/es\/#\/schema\/logo\/image\/"},"sameAs":["https:\/\/www.facebook.com\/forumpsicoanaliticbarcelona\/","https:\/\/www.instagram.com\/forumpsicoanalitic\/"]},{"@type":"Person","@id":"https:\/\/forumpsicoanaliticbarcelona.com\/es\/#\/schema\/person\/98c7eb87d720f9d38844fa66887ac616","name":"admin-fpb","image":{"@type":"ImageObject","inLanguage":"es","@id":"https:\/\/secure.gravatar.com\/avatar\/83ab03c23a4a141c515cd2d17f5b3551a9c4f1066602ea60ed8ce52554092ada?s=96&d=mm&r=g","url":"https:\/\/secure.gravatar.com\/avatar\/83ab03c23a4a141c515cd2d17f5b3551a9c4f1066602ea60ed8ce52554092ada?s=96&d=mm&r=g","contentUrl":"https:\/\/secure.gravatar.com\/avatar\/83ab03c23a4a141c515cd2d17f5b3551a9c4f1066602ea60ed8ce52554092ada?s=96&d=mm&r=g","caption":"admin-fpb"},"url":"https:\/\/forumpsicoanaliticbarcelona.com\/es\/author\/admin-fpb\/"}]}},"_links":{"self":[{"href":"https:\/\/forumpsicoanaliticbarcelona.com\/es\/wp-json\/wp\/v2\/posts\/1777","targetHints":{"allow":["GET"]}}],"collection":[{"href":"https:\/\/forumpsicoanaliticbarcelona.com\/es\/wp-json\/wp\/v2\/posts"}],"about":[{"href":"https:\/\/forumpsicoanaliticbarcelona.com\/es\/wp-json\/wp\/v2\/types\/post"}],"author":[{"embeddable":true,"href":"https:\/\/forumpsicoanaliticbarcelona.com\/es\/wp-json\/wp\/v2\/users\/1"}],"replies":[{"embeddable":true,"href":"https:\/\/forumpsicoanaliticbarcelona.com\/es\/wp-json\/wp\/v2\/comments?post=1777"}],"version-history":[{"count":7,"href":"https:\/\/forumpsicoanaliticbarcelona.com\/es\/wp-json\/wp\/v2\/posts\/1777\/revisions"}],"predecessor-version":[{"id":1789,"href":"https:\/\/forumpsicoanaliticbarcelona.com\/es\/wp-json\/wp\/v2\/posts\/1777\/revisions\/1789"}],"wp:featuredmedia":[{"embeddable":true,"href":"https:\/\/forumpsicoanaliticbarcelona.com\/es\/wp-json\/wp\/v2\/media\/1785"}],"wp:attachment":[{"href":"https:\/\/forumpsicoanaliticbarcelona.com\/es\/wp-json\/wp\/v2\/media?parent=1777"}],"wp:term":[{"taxonomy":"category","embeddable":true,"href":"https:\/\/forumpsicoanaliticbarcelona.com\/es\/wp-json\/wp\/v2\/categories?post=1777"},{"taxonomy":"post_tag","embeddable":true,"href":"https:\/\/forumpsicoanaliticbarcelona.com\/es\/wp-json\/wp\/v2\/tags?post=1777"}],"curies":[{"name":"wp","href":"https:\/\/api.w.org\/{rel}","templated":true}]}}