{"id":1727,"date":"2020-11-02T10:41:37","date_gmt":"2020-11-02T10:41:37","guid":{"rendered":"https:\/\/forumpsicoanaliticbarcelona.com\/?p=1727"},"modified":"2020-11-02T11:19:23","modified_gmt":"2020-11-02T11:19:23","slug":"el-homo-bioquimico-o-mutaciones-de-la-subjetividad","status":"publish","type":"post","link":"https:\/\/forumpsicoanaliticbarcelona.com\/es\/el-homo-bioquimico-o-mutaciones-de-la-subjetividad\/","title":{"rendered":"El homo bioqu\u00edmico, o mutaciones de la subjetividad"},"content":{"rendered":"\t\t<div data-elementor-type=\"wp-post\" data-elementor-id=\"1727\" class=\"elementor elementor-1727\">\n\t\t\t\t\t\t<section class=\"elementor-section elementor-top-section elementor-element elementor-element-b5cbb8c elementor-section-boxed elementor-section-height-default elementor-section-height-default\" data-id=\"b5cbb8c\" data-element_type=\"section\">\n\t\t\t\t\t\t<div class=\"elementor-container elementor-column-gap-default\">\n\t\t\t\t\t<div class=\"elementor-column elementor-col-100 elementor-top-column elementor-element elementor-element-7fad2f6\" data-id=\"7fad2f6\" data-element_type=\"column\">\n\t\t\t<div class=\"elementor-widget-wrap elementor-element-populated\">\n\t\t\t\t\t\t<div class=\"elementor-element elementor-element-618a2d5 elementor-widget elementor-widget-text-editor\" data-id=\"618a2d5\" data-element_type=\"widget\" data-widget_type=\"text-editor.default\">\n\t\t\t\t<div class=\"elementor-widget-container\">\n\t\t\t\t\t\t\t\t\t<p>[Escrito por Daniela Aparicio durante el confinamiento]<\/p><p>No les voy a hablar de las personas que segu\u00edan su an\u00e1lisis empezado previamente; con ellos la continuidad era casi natural, \u00a1gracias al bendito tel\u00e9fono!<\/p><p>Me refiero a los nuevos, personas que no conoc\u00eda para nada y que empezaban a llamar o a escribir por WhatsApp. Ven\u00edan sin nombre, con un diagn\u00f3stico o varios, y abundaban los trastornos bipolares y l\u00edmites. Se presentaban con la etiqueta puesta \u2014\u201csoy bipolar\u201d\u2014 y con su correspondiente receta.<\/p><p>Un joven de 18 a\u00f1os (actualmente tiene 28) es etiquetado como psic\u00f3tico tras una decepci\u00f3n amorosa. Le recetan neurol\u00e9pticos y le explican que tiene un trastorno qu\u00edmico que el f\u00e1rmaco va a subsanar. Lo ve un psic\u00f3logo conductista que confirma la opini\u00f3n del galeno y recomienda pensar en positivo. Se \u201cvuelve loco\u201d, literalmente, seg\u00fan me relata, y decide dejar la medicaci\u00f3n. Su odisea contin\u00faa, de psiquiatra en psiquiatra, una \u00abanda-dura\u00bb de diez a\u00f1os, con recetas de antidepresivos que producen una fuerte dependencia. Cada vez que deja el f\u00e1rmaco, recae. No tiene otros recursos para elaborar sus duelos; no hay acceso a la palabra; enmudece en su confinamiento personal.<br \/>Lo que ven\u00eda ocurriendo desde hace a\u00f1os en nuestro campo de trabajo me golpea con su evidencia, una pesadilla que domina la psicoterapia actual.<br \/>Llaman personas \u2014unas quince\u2014 que no saben nada de su propia vida subjetiva, su mundo interior; \u00a1su historia o memoria no existe o est\u00e1 prohibida! No hay permiso para la separaci\u00f3n, el duelo, ni para la palabra. Es evidente: son los nuevos seres bioqu\u00edmicos, bautizados as\u00ed \u2014diagn\u00f3stico y farmacopea\u2014 por el mandato de la ciencia.<br \/>Si esa es la \u00e9tica de la psiquiatr\u00eda actual, y lo es, como he podido observar desde mi peque\u00f1a parcela, \u00a1vamos listos! En poco tiempo veremos colas de bipolares, en fila y tragando su pastilla, como la hostia consagrada, y otros poniendo a prueba todo el Vademecum \u2014su salvavidas\u2014.<br \/>Otra observaci\u00f3n que me llena de estupor en esa corta investigaci\u00f3n son los sujetos que ya no quieren hablar, o no pueden, y solo quieren escribir por WhatsApp.<\/p><p>Cuando propongo hablar, lo rechazan con el argumento de la verg\u00fcenza o, literalmente, con una incapacidad para hablar. Insisto pero no retrocedo y leo entre l\u00edneas las palabras de una lengua perdida. Los errores de ortograf\u00eda y sintaxis lo delatan.<\/p><p>\u00bfAcaso ha menguado la palabra que nos humaniza y sostiene nuestros v\u00ednculos?<br \/>La COVID, entre otras cosas, ha revelado lo velado que aparece a cielo abierto, si queremos verlo. Escucharlo ser\u00e1 mas dif\u00edcil. Algunos sujetos se esconde detr\u00e1s de su pantalla, que les protege del mundo y de s\u00ed mismos; han olvidado su nombre, no saben c\u00f3mo manifestar sus emociones.<\/p><p>Tampoco saben a qui\u00e9n se lo dicen. \u00bfQui\u00e9n es el otro que est\u00e1 del otro lado? \u00bfSer\u00e1 sometido a un juicio superyoico? \u00bfSer\u00e1 condenado a una etiqueta perpetua con medicaci\u00f3n? Se ha perdido, y a veces con raz\u00f3n, la confianza en el otro profesional de la psique. La transferencia hace aguas y reconducirla no resulta f\u00e1cil, aunque tampoco es imposible. Si llaman, hay demanda y sufrimiento, no saben c\u00f3mo decirlo ni a qui\u00e9n se dirigen. El reto para m\u00ed era c\u00f3mo disolver la paranoia para plantear un otro tolerante, atento y sin prejuicios, que es lo \u00fanico que pod\u00eda garantizar un lazo de continuidad.<br \/>Si pierde la novia, se le muere la madre, lo atropella un coche y todo es qu\u00edmico, tendremos que concluir que se nos fue la humanidad al laboratorio, \u00a1o al carajo!<\/p><p>El supuesto Homo Deus, como le llama Yuval Harari \u2014aunque de \u201chomo\u201d ya le queda poco\u2014 es finalmente un esclavo de la ciencia, un pobre diablo que ha perdido su esencia.<br \/>Hace tiempo que empez\u00f3 la \u201cnueva\u201d normalidad, y no hab\u00edamos ca\u00eddo en la cuenta.<\/p>\t\t\t\t\t\t\t\t<\/div>\n\t\t\t\t<\/div>\n\t\t\t\t\t<\/div>\n\t\t<\/div>\n\t\t\t\t\t<\/div>\n\t\t<\/section>\n\t\t\t\t<\/div>\n\t\t","protected":false},"excerpt":{"rendered":"<div class=\"tmnf_excerpt\"><p>Esta es una reflexi\u00f3n sobre nuestro paisaje actual, en tanto que terapeutas de la psique.<br \/>\nA los pocos d\u00edas de empezar el confinamiento, con unos colegas psicoanalistas, difundimos una oferta de soporte gratuito para quien pudiera necesitarlo. Un oscuro manto hab\u00eda ca\u00eddo sobre nuestra rutina, v\u00ednculos y modus vivendi, y era de prever que esa conmoci\u00f3n traum\u00e1tica pod\u00eda desatar trastornos de todo tipo.<\/p>\n<\/div>","protected":false},"author":1,"featured_media":1732,"comment_status":"open","ping_status":"open","sticky":false,"template":"","format":"standard","meta":{"footnotes":""},"categories":[33],"tags":[],"class_list":["post-1727","post","type-post","status-publish","format-standard","has-post-thumbnail","hentry","category-clinica-psicoanalitica"],"yoast_head":"<!-- This site is optimized with the Yoast SEO plugin v28.2 - https:\/\/yoast.com\/product\/yoast-seo-wordpress\/ -->\n<title>El homo bioqu\u00edmico, o mutaciones de la subjetividad - F\u00f2rum Psicoanal\u00edtic Barcelona<\/title>\n<meta name=\"robots\" content=\"index, follow, max-snippet:-1, max-image-preview:large, max-video-preview:-1\" \/>\n<link rel=\"canonical\" href=\"https:\/\/forumpsicoanaliticbarcelona.com\/es\/el-homo-bioquimico-o-mutaciones-de-la-subjetividad\/\" \/>\n<meta property=\"og:locale\" content=\"es_ES\" \/>\n<meta property=\"og:type\" content=\"article\" \/>\n<meta property=\"og:title\" content=\"El homo bioqu\u00edmico, o mutaciones de la subjetividad - F\u00f2rum Psicoanal\u00edtic Barcelona\" \/>\n<meta property=\"og:description\" content=\"Esta es una reflexi\u00f3n sobre nuestro paisaje actual, en tanto que terapeutas de la psique. A los pocos d\u00edas de empezar el confinamiento, con unos colegas psicoanalistas, difundimos una oferta de soporte gratuito para quien pudiera necesitarlo. Un oscuro manto hab\u00eda ca\u00eddo sobre nuestra rutina, v\u00ednculos y modus vivendi, y era de prever que esa conmoci\u00f3n traum\u00e1tica pod\u00eda desatar trastornos de todo tipo.\" \/>\n<meta property=\"og:url\" content=\"https:\/\/forumpsicoanaliticbarcelona.com\/es\/el-homo-bioquimico-o-mutaciones-de-la-subjetividad\/\" \/>\n<meta property=\"og:site_name\" content=\"F\u00f2rum Psicoanal\u00edtic Barcelona\" \/>\n<meta property=\"article:publisher\" content=\"https:\/\/www.facebook.com\/forumpsicoanaliticbarcelona\/\" \/>\n<meta property=\"article:published_time\" content=\"2020-11-02T10:41:37+00:00\" \/>\n<meta property=\"article:modified_time\" content=\"2020-11-02T11:19:23+00:00\" \/>\n<meta property=\"og:image\" content=\"https:\/\/forumpsicoanaliticbarcelona.com\/wp-content\/uploads\/2020\/11\/marc-schaefer-Dhrg4GtSojU-unsplash-scaled.jpg\" \/>\n\t<meta property=\"og:image:width\" content=\"2105\" \/>\n\t<meta property=\"og:image:height\" content=\"2560\" \/>\n\t<meta property=\"og:image:type\" content=\"image\/jpeg\" \/>\n<meta name=\"author\" content=\"admin-fpb\" \/>\n<meta name=\"twitter:card\" content=\"summary_large_image\" \/>\n<meta name=\"twitter:label1\" content=\"Escrito por\" \/>\n\t<meta name=\"twitter:data1\" content=\"admin-fpb\" \/>\n\t<meta name=\"twitter:label2\" content=\"Tiempo de lectura\" \/>\n\t<meta name=\"twitter:data2\" content=\"3 minutos\" \/>\n<script type=\"application\/ld+json\" class=\"yoast-schema-graph\">{\"@context\":\"https:\\\/\\\/schema.org\",\"@graph\":[{\"@type\":\"Article\",\"@id\":\"https:\\\/\\\/forumpsicoanaliticbarcelona.com\\\/es\\\/el-homo-bioquimico-o-mutaciones-de-la-subjetividad\\\/#article\",\"isPartOf\":{\"@id\":\"https:\\\/\\\/forumpsicoanaliticbarcelona.com\\\/es\\\/el-homo-bioquimico-o-mutaciones-de-la-subjetividad\\\/\"},\"author\":{\"name\":\"admin-fpb\",\"@id\":\"https:\\\/\\\/forumpsicoanaliticbarcelona.com\\\/es\\\/#\\\/schema\\\/person\\\/98c7eb87d720f9d38844fa66887ac616\"},\"headline\":\"El homo bioqu\u00edmico, o mutaciones de la subjetividad\",\"datePublished\":\"2020-11-02T10:41:37+00:00\",\"dateModified\":\"2020-11-02T11:19:23+00:00\",\"mainEntityOfPage\":{\"@id\":\"https:\\\/\\\/forumpsicoanaliticbarcelona.com\\\/es\\\/el-homo-bioquimico-o-mutaciones-de-la-subjetividad\\\/\"},\"wordCount\":680,\"commentCount\":0,\"publisher\":{\"@id\":\"https:\\\/\\\/forumpsicoanaliticbarcelona.com\\\/es\\\/#organization\"},\"image\":{\"@id\":\"https:\\\/\\\/forumpsicoanaliticbarcelona.com\\\/es\\\/el-homo-bioquimico-o-mutaciones-de-la-subjetividad\\\/#primaryimage\"},\"thumbnailUrl\":\"https:\\\/\\\/forumpsicoanaliticbarcelona.com\\\/wp-content\\\/uploads\\\/2020\\\/11\\\/marc-schaefer-Dhrg4GtSojU-unsplash-scaled.jpg\",\"articleSection\":[\"Cl\u00ednica Psicoanal\u00edtica\"],\"inLanguage\":\"es\",\"potentialAction\":[{\"@type\":\"CommentAction\",\"name\":\"Comment\",\"target\":[\"https:\\\/\\\/forumpsicoanaliticbarcelona.com\\\/es\\\/el-homo-bioquimico-o-mutaciones-de-la-subjetividad\\\/#respond\"]}]},{\"@type\":\"WebPage\",\"@id\":\"https:\\\/\\\/forumpsicoanaliticbarcelona.com\\\/es\\\/el-homo-bioquimico-o-mutaciones-de-la-subjetividad\\\/\",\"url\":\"https:\\\/\\\/forumpsicoanaliticbarcelona.com\\\/es\\\/el-homo-bioquimico-o-mutaciones-de-la-subjetividad\\\/\",\"name\":\"El homo bioqu\u00edmico, o mutaciones de la subjetividad - F\u00f2rum Psicoanal\u00edtic Barcelona\",\"isPartOf\":{\"@id\":\"https:\\\/\\\/forumpsicoanaliticbarcelona.com\\\/es\\\/#website\"},\"primaryImageOfPage\":{\"@id\":\"https:\\\/\\\/forumpsicoanaliticbarcelona.com\\\/es\\\/el-homo-bioquimico-o-mutaciones-de-la-subjetividad\\\/#primaryimage\"},\"image\":{\"@id\":\"https:\\\/\\\/forumpsicoanaliticbarcelona.com\\\/es\\\/el-homo-bioquimico-o-mutaciones-de-la-subjetividad\\\/#primaryimage\"},\"thumbnailUrl\":\"https:\\\/\\\/forumpsicoanaliticbarcelona.com\\\/wp-content\\\/uploads\\\/2020\\\/11\\\/marc-schaefer-Dhrg4GtSojU-unsplash-scaled.jpg\",\"datePublished\":\"2020-11-02T10:41:37+00:00\",\"dateModified\":\"2020-11-02T11:19:23+00:00\",\"breadcrumb\":{\"@id\":\"https:\\\/\\\/forumpsicoanaliticbarcelona.com\\\/es\\\/el-homo-bioquimico-o-mutaciones-de-la-subjetividad\\\/#breadcrumb\"},\"inLanguage\":\"es\",\"potentialAction\":[{\"@type\":\"ReadAction\",\"target\":[\"https:\\\/\\\/forumpsicoanaliticbarcelona.com\\\/es\\\/el-homo-bioquimico-o-mutaciones-de-la-subjetividad\\\/\"]}]},{\"@type\":\"ImageObject\",\"inLanguage\":\"es\",\"@id\":\"https:\\\/\\\/forumpsicoanaliticbarcelona.com\\\/es\\\/el-homo-bioquimico-o-mutaciones-de-la-subjetividad\\\/#primaryimage\",\"url\":\"https:\\\/\\\/forumpsicoanaliticbarcelona.com\\\/wp-content\\\/uploads\\\/2020\\\/11\\\/marc-schaefer-Dhrg4GtSojU-unsplash-scaled.jpg\",\"contentUrl\":\"https:\\\/\\\/forumpsicoanaliticbarcelona.com\\\/wp-content\\\/uploads\\\/2020\\\/11\\\/marc-schaefer-Dhrg4GtSojU-unsplash-scaled.jpg\",\"width\":2105,\"height\":2560,\"caption\":\"Photo by Marc Schaefer on Unsplash\"},{\"@type\":\"BreadcrumbList\",\"@id\":\"https:\\\/\\\/forumpsicoanaliticbarcelona.com\\\/es\\\/el-homo-bioquimico-o-mutaciones-de-la-subjetividad\\\/#breadcrumb\",\"itemListElement\":[{\"@type\":\"ListItem\",\"position\":1,\"name\":\"Portada\",\"item\":\"https:\\\/\\\/forumpsicoanaliticbarcelona.com\\\/es\\\/\"},{\"@type\":\"ListItem\",\"position\":2,\"name\":\"El homo bioqu\u00edmico, o mutaciones de la subjetividad\"}]},{\"@type\":\"WebSite\",\"@id\":\"https:\\\/\\\/forumpsicoanaliticbarcelona.com\\\/es\\\/#website\",\"url\":\"https:\\\/\\\/forumpsicoanaliticbarcelona.com\\\/es\\\/\",\"name\":\"F\u00f2rum Psicoanal\u00edtic Barcelona\",\"description\":\"Associaci\u00f3 dedicada a l&#039;estudi, transmissi\u00f3 i desenvolupament de la Psicoan\u00e0lisi - Esdeveniments\",\"publisher\":{\"@id\":\"https:\\\/\\\/forumpsicoanaliticbarcelona.com\\\/es\\\/#organization\"},\"potentialAction\":[{\"@type\":\"SearchAction\",\"target\":{\"@type\":\"EntryPoint\",\"urlTemplate\":\"https:\\\/\\\/forumpsicoanaliticbarcelona.com\\\/es\\\/?s={search_term_string}\"},\"query-input\":{\"@type\":\"PropertyValueSpecification\",\"valueRequired\":true,\"valueName\":\"search_term_string\"}}],\"inLanguage\":\"es\"},{\"@type\":\"Organization\",\"@id\":\"https:\\\/\\\/forumpsicoanaliticbarcelona.com\\\/es\\\/#organization\",\"name\":\"F\u00f2rum Psicoanal\u00edtic Barcelona\",\"alternateName\":\"FPB\",\"url\":\"https:\\\/\\\/forumpsicoanaliticbarcelona.com\\\/es\\\/\",\"logo\":{\"@type\":\"ImageObject\",\"inLanguage\":\"es\",\"@id\":\"https:\\\/\\\/forumpsicoanaliticbarcelona.com\\\/es\\\/#\\\/schema\\\/logo\\\/image\\\/\",\"url\":\"https:\\\/\\\/forumpsicoanaliticbarcelona.com\\\/wp-content\\\/uploads\\\/2020\\\/05\\\/FPB_logo.png\",\"contentUrl\":\"https:\\\/\\\/forumpsicoanaliticbarcelona.com\\\/wp-content\\\/uploads\\\/2020\\\/05\\\/FPB_logo.png\",\"width\":400,\"height\":184,\"caption\":\"F\u00f2rum Psicoanal\u00edtic Barcelona\"},\"image\":{\"@id\":\"https:\\\/\\\/forumpsicoanaliticbarcelona.com\\\/es\\\/#\\\/schema\\\/logo\\\/image\\\/\"},\"sameAs\":[\"https:\\\/\\\/www.facebook.com\\\/forumpsicoanaliticbarcelona\\\/\",\"https:\\\/\\\/www.instagram.com\\\/forumpsicoanalitic\\\/\"]},{\"@type\":\"Person\",\"@id\":\"https:\\\/\\\/forumpsicoanaliticbarcelona.com\\\/es\\\/#\\\/schema\\\/person\\\/98c7eb87d720f9d38844fa66887ac616\",\"name\":\"admin-fpb\",\"image\":{\"@type\":\"ImageObject\",\"inLanguage\":\"es\",\"@id\":\"https:\\\/\\\/secure.gravatar.com\\\/avatar\\\/83ab03c23a4a141c515cd2d17f5b3551a9c4f1066602ea60ed8ce52554092ada?s=96&d=mm&r=g\",\"url\":\"https:\\\/\\\/secure.gravatar.com\\\/avatar\\\/83ab03c23a4a141c515cd2d17f5b3551a9c4f1066602ea60ed8ce52554092ada?s=96&d=mm&r=g\",\"contentUrl\":\"https:\\\/\\\/secure.gravatar.com\\\/avatar\\\/83ab03c23a4a141c515cd2d17f5b3551a9c4f1066602ea60ed8ce52554092ada?s=96&d=mm&r=g\",\"caption\":\"admin-fpb\"},\"url\":\"https:\\\/\\\/forumpsicoanaliticbarcelona.com\\\/es\\\/author\\\/admin-fpb\\\/\"}]}<\/script>\n<!-- \/ Yoast SEO plugin. -->","yoast_head_json":{"title":"El homo bioqu\u00edmico, o mutaciones de la subjetividad - F\u00f2rum Psicoanal\u00edtic Barcelona","robots":{"index":"index","follow":"follow","max-snippet":"max-snippet:-1","max-image-preview":"max-image-preview:large","max-video-preview":"max-video-preview:-1"},"canonical":"https:\/\/forumpsicoanaliticbarcelona.com\/es\/el-homo-bioquimico-o-mutaciones-de-la-subjetividad\/","og_locale":"es_ES","og_type":"article","og_title":"El homo bioqu\u00edmico, o mutaciones de la subjetividad - F\u00f2rum Psicoanal\u00edtic Barcelona","og_description":"Esta es una reflexi\u00f3n sobre nuestro paisaje actual, en tanto que terapeutas de la psique. A los pocos d\u00edas de empezar el confinamiento, con unos colegas psicoanalistas, difundimos una oferta de soporte gratuito para quien pudiera necesitarlo. Un oscuro manto hab\u00eda ca\u00eddo sobre nuestra rutina, v\u00ednculos y modus vivendi, y era de prever que esa conmoci\u00f3n traum\u00e1tica pod\u00eda desatar trastornos de todo tipo.","og_url":"https:\/\/forumpsicoanaliticbarcelona.com\/es\/el-homo-bioquimico-o-mutaciones-de-la-subjetividad\/","og_site_name":"F\u00f2rum Psicoanal\u00edtic Barcelona","article_publisher":"https:\/\/www.facebook.com\/forumpsicoanaliticbarcelona\/","article_published_time":"2020-11-02T10:41:37+00:00","article_modified_time":"2020-11-02T11:19:23+00:00","og_image":[{"width":2105,"height":2560,"url":"https:\/\/forumpsicoanaliticbarcelona.com\/wp-content\/uploads\/2020\/11\/marc-schaefer-Dhrg4GtSojU-unsplash-scaled.jpg","type":"image\/jpeg"}],"author":"admin-fpb","twitter_card":"summary_large_image","twitter_misc":{"Escrito por":"admin-fpb","Tiempo de lectura":"3 minutos"},"schema":{"@context":"https:\/\/schema.org","@graph":[{"@type":"Article","@id":"https:\/\/forumpsicoanaliticbarcelona.com\/es\/el-homo-bioquimico-o-mutaciones-de-la-subjetividad\/#article","isPartOf":{"@id":"https:\/\/forumpsicoanaliticbarcelona.com\/es\/el-homo-bioquimico-o-mutaciones-de-la-subjetividad\/"},"author":{"name":"admin-fpb","@id":"https:\/\/forumpsicoanaliticbarcelona.com\/es\/#\/schema\/person\/98c7eb87d720f9d38844fa66887ac616"},"headline":"El homo bioqu\u00edmico, o mutaciones de la subjetividad","datePublished":"2020-11-02T10:41:37+00:00","dateModified":"2020-11-02T11:19:23+00:00","mainEntityOfPage":{"@id":"https:\/\/forumpsicoanaliticbarcelona.com\/es\/el-homo-bioquimico-o-mutaciones-de-la-subjetividad\/"},"wordCount":680,"commentCount":0,"publisher":{"@id":"https:\/\/forumpsicoanaliticbarcelona.com\/es\/#organization"},"image":{"@id":"https:\/\/forumpsicoanaliticbarcelona.com\/es\/el-homo-bioquimico-o-mutaciones-de-la-subjetividad\/#primaryimage"},"thumbnailUrl":"https:\/\/forumpsicoanaliticbarcelona.com\/wp-content\/uploads\/2020\/11\/marc-schaefer-Dhrg4GtSojU-unsplash-scaled.jpg","articleSection":["Cl\u00ednica Psicoanal\u00edtica"],"inLanguage":"es","potentialAction":[{"@type":"CommentAction","name":"Comment","target":["https:\/\/forumpsicoanaliticbarcelona.com\/es\/el-homo-bioquimico-o-mutaciones-de-la-subjetividad\/#respond"]}]},{"@type":"WebPage","@id":"https:\/\/forumpsicoanaliticbarcelona.com\/es\/el-homo-bioquimico-o-mutaciones-de-la-subjetividad\/","url":"https:\/\/forumpsicoanaliticbarcelona.com\/es\/el-homo-bioquimico-o-mutaciones-de-la-subjetividad\/","name":"El homo bioqu\u00edmico, o mutaciones de la subjetividad - F\u00f2rum Psicoanal\u00edtic Barcelona","isPartOf":{"@id":"https:\/\/forumpsicoanaliticbarcelona.com\/es\/#website"},"primaryImageOfPage":{"@id":"https:\/\/forumpsicoanaliticbarcelona.com\/es\/el-homo-bioquimico-o-mutaciones-de-la-subjetividad\/#primaryimage"},"image":{"@id":"https:\/\/forumpsicoanaliticbarcelona.com\/es\/el-homo-bioquimico-o-mutaciones-de-la-subjetividad\/#primaryimage"},"thumbnailUrl":"https:\/\/forumpsicoanaliticbarcelona.com\/wp-content\/uploads\/2020\/11\/marc-schaefer-Dhrg4GtSojU-unsplash-scaled.jpg","datePublished":"2020-11-02T10:41:37+00:00","dateModified":"2020-11-02T11:19:23+00:00","breadcrumb":{"@id":"https:\/\/forumpsicoanaliticbarcelona.com\/es\/el-homo-bioquimico-o-mutaciones-de-la-subjetividad\/#breadcrumb"},"inLanguage":"es","potentialAction":[{"@type":"ReadAction","target":["https:\/\/forumpsicoanaliticbarcelona.com\/es\/el-homo-bioquimico-o-mutaciones-de-la-subjetividad\/"]}]},{"@type":"ImageObject","inLanguage":"es","@id":"https:\/\/forumpsicoanaliticbarcelona.com\/es\/el-homo-bioquimico-o-mutaciones-de-la-subjetividad\/#primaryimage","url":"https:\/\/forumpsicoanaliticbarcelona.com\/wp-content\/uploads\/2020\/11\/marc-schaefer-Dhrg4GtSojU-unsplash-scaled.jpg","contentUrl":"https:\/\/forumpsicoanaliticbarcelona.com\/wp-content\/uploads\/2020\/11\/marc-schaefer-Dhrg4GtSojU-unsplash-scaled.jpg","width":2105,"height":2560,"caption":"Photo by Marc Schaefer on Unsplash"},{"@type":"BreadcrumbList","@id":"https:\/\/forumpsicoanaliticbarcelona.com\/es\/el-homo-bioquimico-o-mutaciones-de-la-subjetividad\/#breadcrumb","itemListElement":[{"@type":"ListItem","position":1,"name":"Portada","item":"https:\/\/forumpsicoanaliticbarcelona.com\/es\/"},{"@type":"ListItem","position":2,"name":"El homo bioqu\u00edmico, o mutaciones de la subjetividad"}]},{"@type":"WebSite","@id":"https:\/\/forumpsicoanaliticbarcelona.com\/es\/#website","url":"https:\/\/forumpsicoanaliticbarcelona.com\/es\/","name":"F\u00f2rum Psicoanal\u00edtic Barcelona","description":"Associaci\u00f3 dedicada a l&#039;estudi, transmissi\u00f3 i desenvolupament de la Psicoan\u00e0lisi - Esdeveniments","publisher":{"@id":"https:\/\/forumpsicoanaliticbarcelona.com\/es\/#organization"},"potentialAction":[{"@type":"SearchAction","target":{"@type":"EntryPoint","urlTemplate":"https:\/\/forumpsicoanaliticbarcelona.com\/es\/?s={search_term_string}"},"query-input":{"@type":"PropertyValueSpecification","valueRequired":true,"valueName":"search_term_string"}}],"inLanguage":"es"},{"@type":"Organization","@id":"https:\/\/forumpsicoanaliticbarcelona.com\/es\/#organization","name":"F\u00f2rum Psicoanal\u00edtic Barcelona","alternateName":"FPB","url":"https:\/\/forumpsicoanaliticbarcelona.com\/es\/","logo":{"@type":"ImageObject","inLanguage":"es","@id":"https:\/\/forumpsicoanaliticbarcelona.com\/es\/#\/schema\/logo\/image\/","url":"https:\/\/forumpsicoanaliticbarcelona.com\/wp-content\/uploads\/2020\/05\/FPB_logo.png","contentUrl":"https:\/\/forumpsicoanaliticbarcelona.com\/wp-content\/uploads\/2020\/05\/FPB_logo.png","width":400,"height":184,"caption":"F\u00f2rum Psicoanal\u00edtic Barcelona"},"image":{"@id":"https:\/\/forumpsicoanaliticbarcelona.com\/es\/#\/schema\/logo\/image\/"},"sameAs":["https:\/\/www.facebook.com\/forumpsicoanaliticbarcelona\/","https:\/\/www.instagram.com\/forumpsicoanalitic\/"]},{"@type":"Person","@id":"https:\/\/forumpsicoanaliticbarcelona.com\/es\/#\/schema\/person\/98c7eb87d720f9d38844fa66887ac616","name":"admin-fpb","image":{"@type":"ImageObject","inLanguage":"es","@id":"https:\/\/secure.gravatar.com\/avatar\/83ab03c23a4a141c515cd2d17f5b3551a9c4f1066602ea60ed8ce52554092ada?s=96&d=mm&r=g","url":"https:\/\/secure.gravatar.com\/avatar\/83ab03c23a4a141c515cd2d17f5b3551a9c4f1066602ea60ed8ce52554092ada?s=96&d=mm&r=g","contentUrl":"https:\/\/secure.gravatar.com\/avatar\/83ab03c23a4a141c515cd2d17f5b3551a9c4f1066602ea60ed8ce52554092ada?s=96&d=mm&r=g","caption":"admin-fpb"},"url":"https:\/\/forumpsicoanaliticbarcelona.com\/es\/author\/admin-fpb\/"}]}},"_links":{"self":[{"href":"https:\/\/forumpsicoanaliticbarcelona.com\/es\/wp-json\/wp\/v2\/posts\/1727","targetHints":{"allow":["GET"]}}],"collection":[{"href":"https:\/\/forumpsicoanaliticbarcelona.com\/es\/wp-json\/wp\/v2\/posts"}],"about":[{"href":"https:\/\/forumpsicoanaliticbarcelona.com\/es\/wp-json\/wp\/v2\/types\/post"}],"author":[{"embeddable":true,"href":"https:\/\/forumpsicoanaliticbarcelona.com\/es\/wp-json\/wp\/v2\/users\/1"}],"replies":[{"embeddable":true,"href":"https:\/\/forumpsicoanaliticbarcelona.com\/es\/wp-json\/wp\/v2\/comments?post=1727"}],"version-history":[{"count":5,"href":"https:\/\/forumpsicoanaliticbarcelona.com\/es\/wp-json\/wp\/v2\/posts\/1727\/revisions"}],"predecessor-version":[{"id":1734,"href":"https:\/\/forumpsicoanaliticbarcelona.com\/es\/wp-json\/wp\/v2\/posts\/1727\/revisions\/1734"}],"wp:featuredmedia":[{"embeddable":true,"href":"https:\/\/forumpsicoanaliticbarcelona.com\/es\/wp-json\/wp\/v2\/media\/1732"}],"wp:attachment":[{"href":"https:\/\/forumpsicoanaliticbarcelona.com\/es\/wp-json\/wp\/v2\/media?parent=1727"}],"wp:term":[{"taxonomy":"category","embeddable":true,"href":"https:\/\/forumpsicoanaliticbarcelona.com\/es\/wp-json\/wp\/v2\/categories?post=1727"},{"taxonomy":"post_tag","embeddable":true,"href":"https:\/\/forumpsicoanaliticbarcelona.com\/es\/wp-json\/wp\/v2\/tags?post=1727"}],"curies":[{"name":"wp","href":"https:\/\/api.w.org\/{rel}","templated":true}]}}